{"id":53055,"date":"2025-07-16T08:30:45","date_gmt":"2025-07-16T06:30:45","guid":{"rendered":"https:\/\/edublog.educastur.es\/ixuxu\/?p=53055"},"modified":"2025-07-15T23:56:48","modified_gmt":"2025-07-15T21:56:48","slug":"el-tiempu-el-comercio-93","status":"publish","type":"post","link":"https:\/\/edublog.educastur.es\/ixuxu\/2025\/07\/el-tiempu-el-comercio-93\/","title":{"rendered":"El tiempu (El Comercio)"},"content":{"rendered":"<p style=\"text-align: center\"><a href=\"https:\/\/s2.ppllstatics.com\/elcomercio\/www\/multimedia\/2025\/07\/15\/tiempo-asturias-miercoles-16-julio-kpTB-U2301948938566Ca-1200x860@El%20Comercio.jpg\"><img loading=\"lazy\" decoding=\"async\" class=\"aligncenter size-large\" src=\"https:\/\/s2.ppllstatics.com\/elcomercio\/www\/multimedia\/2025\/07\/15\/tiempo-asturias-miercoles-16-julio-kpTB-U2301948938566Ca-1200x860@El%20Comercio.jpg\" width=\"1200\" height=\"860\" \/><\/a><\/p>\n<p>Va ser un d\u00eda totalmente veraniegu n&#8217;Asturies. <strong>Los cielos<\/strong> van tar pocu nublos o inclusive estenaos mientres tola xornada. Nam\u00e1, podr\u00eden apaecer de forma local delles gurrianes ma\u00f1aneres que r\u00e1pido s&#8217;estenar\u00e1n. <strong>Los vientos<\/strong> van predominar d&#8217;esti nordeste na mari\u00f1a con raches moderaes. Nel interior los vientos van ser fluexos polo xeneral. <strong>Les temperatures<\/strong> van xubir hasta 5 \u00baC nel cordal, y hasta 3 o 4 \u00baC nel restu del interior. <strong>Na mari\u00f1a<\/strong> l&#8217;ascensu va ser m\u00e1s llixeru. Poro, van superase con facilid\u00e1 los 25 \u00baC en casi toles localidaes del interior y van averase a los 30 \u00baC na mayor\u00eda, pudiendo inclusive superase nes zones m\u00e1s templaes como pue ser el suroccidente asturianu. <strong>Les m\u00ednimes<\/strong> van xubir nel occidente y sur del Princip\u00e1u, calteni\u00e9ndose ensin cambeos nel restu.<\/p>\n<p><!--more--><\/p>\n<p><strong>El xueves<\/strong> los cielos van tar nublos salvu nel terciu sur onde van amanecer soleyeros. Comoquier, esta nubosid\u00e1 va estendese por tola rex\u00f3n col intre de les hores. Nun se refuguen precipitaciones d\u00e9biles pela tarde. Los vientos van ser fluexos y van pasar de soplar de nordeste a noroeste a lo llargo del d\u00eda.<\/p>\n","protected":false},"excerpt":{"rendered":"<p>Va ser un d\u00eda totalmente veraniegu n&#8217;Asturies. Los cielos van tar pocu nublos o inclusive estenaos mientres tola xornada. Nam\u00e1, podr\u00eden apaecer de forma local delles gurrianes ma\u00f1aneres que r\u00e1pido s&#8217;estenar\u00e1n. Los vientos van predominar d&#8217;esti nordeste na mari\u00f1a con raches moderaes. Nel interior los vientos van ser fluexos polo xeneral. Les temperatures van xubir [&hellip;]<\/p>\n","protected":false},"author":117,"featured_media":0,"comment_status":"closed","ping_status":"open","sticky":false,"template":"","format":"standard","meta":{"footnotes":""},"categories":[5],"tags":[],"class_list":["post-53055","post","type-post","status-publish","format-standard","hentry","category-tiempu"],"_links":{"self":[{"href":"https:\/\/edublog.educastur.es\/ixuxu\/wp-json\/wp\/v2\/posts\/53055","targetHints":{"allow":["GET"]}}],"collection":[{"href":"https:\/\/edublog.educastur.es\/ixuxu\/wp-json\/wp\/v2\/posts"}],"about":[{"href":"https:\/\/edublog.educastur.es\/ixuxu\/wp-json\/wp\/v2\/types\/post"}],"author":[{"embeddable":true,"href":"https:\/\/edublog.educastur.es\/ixuxu\/wp-json\/wp\/v2\/users\/117"}],"replies":[{"embeddable":true,"href":"https:\/\/edublog.educastur.es\/ixuxu\/wp-json\/wp\/v2\/comments?post=53055"}],"version-history":[{"count":3,"href":"https:\/\/edublog.educastur.es\/ixuxu\/wp-json\/wp\/v2\/posts\/53055\/revisions"}],"predecessor-version":[{"id":53058,"href":"https:\/\/edublog.educastur.es\/ixuxu\/wp-json\/wp\/v2\/posts\/53055\/revisions\/53058"}],"wp:attachment":[{"href":"https:\/\/edublog.educastur.es\/ixuxu\/wp-json\/wp\/v2\/media?parent=53055"}],"wp:term":[{"taxonomy":"category","embeddable":true,"href":"https:\/\/edublog.educastur.es\/ixuxu\/wp-json\/wp\/v2\/categories?post=53055"},{"taxonomy":"post_tag","embeddable":true,"href":"https:\/\/edublog.educastur.es\/ixuxu\/wp-json\/wp\/v2\/tags?post=53055"}],"curies":[{"name":"wp","href":"https:\/\/api.w.org\/{rel}","templated":true}]}}