{"id":53059,"date":"2025-07-15T08:30:03","date_gmt":"2025-07-15T06:30:03","guid":{"rendered":"https:\/\/edublog.educastur.es\/ixuxu\/?p=53059"},"modified":"2025-07-15T23:59:03","modified_gmt":"2025-07-15T21:59:03","slug":"el-tiempu-el-comercio-94","status":"publish","type":"post","link":"https:\/\/edublog.educastur.es\/ixuxu\/2025\/07\/el-tiempu-el-comercio-94\/","title":{"rendered":"El tiempu (El Comercio)"},"content":{"rendered":"<p style=\"text-align: center\"><a href=\"https:\/\/s1.ppllstatics.com\/elcomercio\/www\/multimedia\/2025\/07\/14\/tiempo-asturias-martes-15-julio-kTLG-U2301948938566Ca-1200x860@El%20Comercio.jpg\"><img loading=\"lazy\" decoding=\"async\" class=\"aligncenter size-large\" src=\"https:\/\/s1.ppllstatics.com\/elcomercio\/www\/multimedia\/2025\/07\/14\/tiempo-asturias-martes-15-julio-kTLG-U2301948938566Ca-1200x860@El%20Comercio.jpg\" width=\"1200\" height=\"860\" \/><\/a><\/p>\n<p><strong>Vamos amanecer<\/strong> con cielos nublos salvu nel cordal y nel terciu occidental. <strong>A lo llargo de la ma\u00f1ana<\/strong>, y sobremanera a partir del mediud\u00eda, esta nubosid\u00e1 polo que se preve l&#8217;apertura de grandes claros hasta que&#8217;l cielu quede pr\u00e1cticamente esten\u00e1u en tol Princip\u00e1u d&#8217;Asturies. <strong>Los vientos<\/strong> van predominar de nordeste fluexos con raches moderaes na mari\u00f1a mientres la segunda parte del d\u00eda.<strong> Les temperatures m\u00e1ximes<\/strong> van xubir na met\u00e1 sur y van caltenese na met\u00e1 norte. L&#8217;ascensu va ser m\u00e1s pronunci\u00e1u cuanto m\u00e1s movamos escontra&#8217;l cordal.<strong> Les m\u00ednimes<\/strong> van baxar llixeramente nel interior y nun van variar na mari\u00f1a.<\/p>\n<p><!--more--><\/p>\n<p><strong>El mi\u00e9rcoles<\/strong> va ser un d\u00eda totalmente veraniegu. A pesar de la presencia de delles gurrianes a primeres hores, el d\u00eda va tar asoley\u00e1u en tola rex\u00f3n.<strong> Les temperatures m\u00e1ximes<\/strong> van xubir de forma xeneralizada hasta 4 o 5 \u00baC anque escontra la mari\u00f1a l&#8217;ascensu va ser m\u00e1s moder\u00e1u. Poro, ye probable que s&#8217;algamen los 30 \u00baC nel interior asturianu y nun se refuga que, nes zones m\u00e1s templaes, puedan superase.<\/p>\n<p><strong>El xueves<\/strong> la nubosid\u00e1 va ser variable y, anque les temperatures van ser templaes, van baxar al respective de les que vamos anotar ma\u00f1ana.<\/p>\n","protected":false},"excerpt":{"rendered":"<p>Vamos amanecer con cielos nublos salvu nel cordal y nel terciu occidental. A lo llargo de la ma\u00f1ana, y sobremanera a partir del mediud\u00eda, esta nubosid\u00e1 polo que se preve l&#8217;apertura de grandes claros hasta que&#8217;l cielu quede pr\u00e1cticamente esten\u00e1u en tol Princip\u00e1u d&#8217;Asturies. Los vientos van predominar de nordeste fluexos con raches moderaes na [&hellip;]<\/p>\n","protected":false},"author":117,"featured_media":0,"comment_status":"closed","ping_status":"open","sticky":false,"template":"","format":"standard","meta":{"footnotes":""},"categories":[5],"tags":[],"class_list":["post-53059","post","type-post","status-publish","format-standard","hentry","category-tiempu"],"_links":{"self":[{"href":"https:\/\/edublog.educastur.es\/ixuxu\/wp-json\/wp\/v2\/posts\/53059","targetHints":{"allow":["GET"]}}],"collection":[{"href":"https:\/\/edublog.educastur.es\/ixuxu\/wp-json\/wp\/v2\/posts"}],"about":[{"href":"https:\/\/edublog.educastur.es\/ixuxu\/wp-json\/wp\/v2\/types\/post"}],"author":[{"embeddable":true,"href":"https:\/\/edublog.educastur.es\/ixuxu\/wp-json\/wp\/v2\/users\/117"}],"replies":[{"embeddable":true,"href":"https:\/\/edublog.educastur.es\/ixuxu\/wp-json\/wp\/v2\/comments?post=53059"}],"version-history":[{"count":1,"href":"https:\/\/edublog.educastur.es\/ixuxu\/wp-json\/wp\/v2\/posts\/53059\/revisions"}],"predecessor-version":[{"id":53060,"href":"https:\/\/edublog.educastur.es\/ixuxu\/wp-json\/wp\/v2\/posts\/53059\/revisions\/53060"}],"wp:attachment":[{"href":"https:\/\/edublog.educastur.es\/ixuxu\/wp-json\/wp\/v2\/media?parent=53059"}],"wp:term":[{"taxonomy":"category","embeddable":true,"href":"https:\/\/edublog.educastur.es\/ixuxu\/wp-json\/wp\/v2\/categories?post=53059"},{"taxonomy":"post_tag","embeddable":true,"href":"https:\/\/edublog.educastur.es\/ixuxu\/wp-json\/wp\/v2\/tags?post=53059"}],"curies":[{"name":"wp","href":"https:\/\/api.w.org\/{rel}","templated":true}]}}