{"id":53064,"date":"2025-07-16T11:00:18","date_gmt":"2025-07-16T09:00:18","guid":{"rendered":"https:\/\/edublog.educastur.es\/ixuxu\/?p=53064"},"modified":"2025-07-16T14:12:27","modified_gmt":"2025-07-16T12:12:27","slug":"alimentos-del-paraisu-natural-va-tar-presente-nos-festivales-xixon-life-y-tsunami-xixon","status":"publish","type":"post","link":"https:\/\/edublog.educastur.es\/ixuxu\/2025\/07\/alimentos-del-paraisu-natural-va-tar-presente-nos-festivales-xixon-life-y-tsunami-xixon\/","title":{"rendered":"\u00abAlimentos del Para\u00edsu Natural\u00bb va tar presente nel Xix\u00f3n Life y Tsunami Xix\u00f3n."},"content":{"rendered":"<p>El Princip\u00e1u present\u00f3 g\u00fcei esta campa\u00f1a.\u00a0La marca calidable Alimentos del Para\u00edsu Natural va participar nel Xix\u00f3n Life 2025, que se va celebrar del 16 al 26 de xunetu, y nel Tsunami Xix\u00f3n, los d\u00edes 18 y 19. Dambos eventos van axuntar a barganal de 60.000 asistentes, lo que representa una oportunid\u00e1 estrat\u00e9xica para dar visibilid\u00e1 a los productos asturianos con sellu calidable.<\/p>\n<p style=\"text-align: center\"><a href=\"https:\/\/actualidad.asturias.es\/documents\/537115\/2690255\/2025_07_16+Consejero+Medio+Rural+Alimentos+del+Para%C3%ADso.jpg\/8d18bf37-d0c5-cabd-c34e-cd0c0242bfcc?t=1752659826504\"><img loading=\"lazy\" decoding=\"async\" class=\"aligncenter size-large\" src=\"https:\/\/actualidad.asturias.es\/documents\/537115\/2690255\/2025_07_16+Consejero+Medio+Rural+Alimentos+del+Para%C3%ADso.jpg\/8d18bf37-d0c5-cabd-c34e-cd0c0242bfcc?t=1752659826504\" width=\"2420\" height=\"1816\" \/><\/a><\/p>\n<p><!--more--><\/p>\n<p style=\"text-align: center\">\n<!-- iframe plugin v.6.0 wordpress.org\/plugins\/iframe\/ -->\n<iframe loading=\"lazy\" src=\"https:\/\/www.facebook.com\/plugins\/post.php?href=https%3A%2F%2Fwww.facebook.com%2Fphoto.php%3Ffbid%3D1094941399487309%26set%3Da.534882452159876%26type%3D3&#038;show_text=false&#038;width=500\" width=\"500\" height=\"485\" style=\"border:none;overflow:hidden\" scrolling=\"no\" frameborder=\"0\" allowfullscreen=\"true\" allow=\"autoplay; clipboard-write; encrypted-media; picture-in-picture; web-share\" 0=\"\/iframe\" class=\"iframe-class\"><\/iframe>\n<\/p>\n<p>&nbsp;<\/p>\n<p>El conseyeru de Mediu Rural, Marcelino Marcos, sorray\u00f3 qu&#8217;esta iniciativa va dexar averar los productos certificaos a un p\u00fablicu amplio y diverso, aprovechando&#8217;l gran impactu que xeneren estos festivales en medios tradicionales y en redes sociales.<\/p>\n<p><strong>Xix\u00f3n Life 2025<\/strong> va atraer a miles de persones coles actuaciones d&#8217;artistes de sonad\u00eda como Joaqu\u00edn Sabina, Juan Luis Guerra o Leiva. Pela so parte, el <strong>Tsunami Xix\u00f3n<\/strong> consol\u00eddase como unu de los festivales de m\u00fasica alternativa m\u00e1s importantes del norte d&#8217;Espa\u00f1a, con un cartelu qu&#8217;incl\u00fai a Sex Pistols, Refused, Kase.O, Thirty Seconds to Mars, Zebrahead, Alcal\u00e1 Norte, Big Special y Viva Belgrado, ente otros.<\/p>\n<p>En dambos festivales, <strong>Alimentos del Para\u00edsu Natural y les marques con denominaci\u00f3n d&#8217;orixe protexida (DOP), indicaci\u00f3n xeogr\u00e1fica protex\u00eda (IGP) y certificaci\u00f3n ecol\u00f3xica van tener xuna presencia destacada<\/strong>, tanto en soportes gr\u00e1ficos y audiovisuales como n&#8217;espacios f\u00edsicos. Am\u00e1s, va habilitase un puntu de promoci\u00f3n en zones de gran arribaci\u00f3n pa dar visibilid\u00e1 al sellu y facilitar l&#8217;espardimientu de los productos.<\/p>\n<p>El Gobiernu d&#8217;Asturies busca con esta acci\u00f3n impulsar el consumu de productos locales calidable y fomentar un turismu sostenible y responsable, seg\u00fan consolidar la imaxe del Princip\u00e1u como dest\u00edn gastron\u00f3micu y cultural de referencia.<\/p>\n","protected":false},"excerpt":{"rendered":"<p>El Princip\u00e1u present\u00f3 g\u00fcei esta campa\u00f1a.\u00a0La marca calidable Alimentos del Para\u00edsu Natural va participar nel Xix\u00f3n Life 2025, que se va celebrar del 16 al 26 de xunetu, y nel Tsunami Xix\u00f3n, los d\u00edes 18 y 19. Dambos eventos van axuntar a barganal de 60.000 asistentes, lo que representa una oportunid\u00e1 estrat\u00e9xica para dar visibilid\u00e1 [&hellip;]<\/p>\n","protected":false},"author":117,"featured_media":0,"comment_status":"closed","ping_status":"open","sticky":false,"template":"","format":"standard","meta":{"footnotes":""},"categories":[138,11,204],"tags":[],"class_list":["post-53064","post","type-post","status-publish","format-standard","hentry","category-alimentos","category-campanes","category-festivales"],"_links":{"self":[{"href":"https:\/\/edublog.educastur.es\/ixuxu\/wp-json\/wp\/v2\/posts\/53064","targetHints":{"allow":["GET"]}}],"collection":[{"href":"https:\/\/edublog.educastur.es\/ixuxu\/wp-json\/wp\/v2\/posts"}],"about":[{"href":"https:\/\/edublog.educastur.es\/ixuxu\/wp-json\/wp\/v2\/types\/post"}],"author":[{"embeddable":true,"href":"https:\/\/edublog.educastur.es\/ixuxu\/wp-json\/wp\/v2\/users\/117"}],"replies":[{"embeddable":true,"href":"https:\/\/edublog.educastur.es\/ixuxu\/wp-json\/wp\/v2\/comments?post=53064"}],"version-history":[{"count":3,"href":"https:\/\/edublog.educastur.es\/ixuxu\/wp-json\/wp\/v2\/posts\/53064\/revisions"}],"predecessor-version":[{"id":53069,"href":"https:\/\/edublog.educastur.es\/ixuxu\/wp-json\/wp\/v2\/posts\/53064\/revisions\/53069"}],"wp:attachment":[{"href":"https:\/\/edublog.educastur.es\/ixuxu\/wp-json\/wp\/v2\/media?parent=53064"}],"wp:term":[{"taxonomy":"category","embeddable":true,"href":"https:\/\/edublog.educastur.es\/ixuxu\/wp-json\/wp\/v2\/categories?post=53064"},{"taxonomy":"post_tag","embeddable":true,"href":"https:\/\/edublog.educastur.es\/ixuxu\/wp-json\/wp\/v2\/tags?post=53064"}],"curies":[{"name":"wp","href":"https:\/\/api.w.org\/{rel}","templated":true}]}}