{"id":53087,"date":"2025-07-16T14:41:32","date_gmt":"2025-07-16T12:41:32","guid":{"rendered":"https:\/\/edublog.educastur.es\/ixuxu\/?p=53087"},"modified":"2025-07-16T14:41:39","modified_gmt":"2025-07-16T12:41:39","slug":"fragmentu-del-llibru-momo-de-michael-ende","status":"publish","type":"post","link":"https:\/\/edublog.educastur.es\/ixuxu\/2025\/07\/fragmentu-del-llibru-momo-de-michael-ende\/","title":{"rendered":"Fragmentu del llibru \u00abMomo\u00bb de Michael Ende."},"content":{"rendered":"<p style=\"text-align: center\"><a href=\"https:\/\/encrypted-tbn0.gstatic.com\/images?q=tbn:ANd9GcQHMR40cMm4OFXId0VskoCbF79QiOT8-hHvBQ&amp;s\"><img loading=\"lazy\" decoding=\"async\" class=\"aligncenter size-large\" src=\"https:\/\/encrypted-tbn0.gstatic.com\/images?q=tbn:ANd9GcQHMR40cMm4OFXId0VskoCbF79QiOT8-hHvBQ&amp;s\" width=\"180\" height=\"280\" \/><\/a><\/p>\n<p><span style=\"font-size: 20px;color: #008080\">\u201cLa peque\u00f1a Momo sigu\u00eda sentada nos pasos&#8230; esperaba. <\/span><br \/>\n<span style=\"font-size: 20px;color: #008080\">&#8230; y vio una gran tort\u00faa que la miraba cola cabeza llevantao y <\/span><br \/>\n<span style=\"font-size: 20px;color: #008080\">una boca extra\u00f1amente sonriente.<\/span><\/p>\n<p><span style=\"font-size: 20px;color: #008080\">Los sos intelixentes g\u00fceyos negros <\/span><br \/>\n<span style=\"font-size: 20px;color: #008080\">rellumaben con tal amabilid\u00e1, <\/span><br \/>\n<span style=\"font-size: 20px;color: #008080\">como si d&#8217;un momentu a otru fora a empezar a falar.<\/span><\/p>\n<p><span style=\"font-size: 20px;color: #008080\">Momo inclinasose escontra ella y tasc\u00f3-y la cazu. <\/span><br \/>\n<span style=\"font-size: 20px;color: #008080\">\u2014Hola, \u00bfqui\u00e9n yes tu?, pregunt\u00f3 en voz baxa.<\/span><\/p>\n<p><!--more--><br \/>\n<span style=\"font-size: 20px;color: #008080\">Ye bien atentu que tu, a lo menos, vengas <\/span><span style=\"font-size: 20px;color: #008080\">visitame, tort\u00faa. <\/span><br \/>\n<span style=\"font-size: 20px;color: #008080\">\u00bfQu\u00e9 quies?<\/span><\/p>\n<p><span style=\"font-size: 20px;color: #008080\">Momo nun sab\u00eda si ye que de primeres non se dio cuenta,<br \/>\no si nun <\/span><span style=\"font-size: 20px;color: #008080\">empezase a faese visible hasta aquel <\/span><span style=\"font-size: 20px;color: #008080\">momentu,<br \/>\npero&#8217;l <\/span><span style=\"font-size: 20px;color: #008080\">casu ye que, de secute, empezaron\u00a0<\/span><br \/>\n<span style=\"font-size: 20px;color: #008080\">a rellucir na tort\u00faa unes lletres que paec\u00eden <\/span><br \/>\n<span style=\"font-size: 20px;color: #008080\">salir del dibuxu del cascu.<\/span><\/p>\n<p><span style=\"font-size: 20px;color: #008080\">\u201cVen\u201d, solletr\u00f3 Momo con dificult\u00e1.<\/span><br \/>\n<span style=\"font-size: 20px;color: #008080\">Sosprendida, irgui\u00f3se. <\/span><\/p>\n<p><span style=\"font-size: 20px;color: #008080\">\u2014\u00bfTe refieres a mi? <\/span><br \/>\n<span style=\"font-size: 20px;color: #008080\">Pero la tort\u00faa y\u00e1 empezara a movese.<\/span><br \/>\n<span style=\"font-size: 20px;color: #008080\">Al cabu d&#8217;unos pasos<\/span><br \/>\n<span style=\"font-size: 20px;color: #008080\">det\u00favose y volvi\u00f3se a mirar a la ne\u00f1a.<\/span><br \/>\n<span style=\"font-size: 20px;color: #008080\">\u2014S\u00ed que se refier a mi d\u00edxose Momo.<\/span><\/p>\n<p><span style=\"font-size: 20px;color: #008080\">Llevant\u00f3se y empez\u00f3 <\/span><br \/>\n<span style=\"font-size: 20px;color: #008080\">a caminar tres l&#8217;animal. <\/span><br \/>\n<span style=\"font-size: 20px;color: #008080\">\u2014Ve \u2014dixo en voz baxa\u2014, yo s\u00edgote.<\/span><\/p>\n<p><span style=\"font-size: 20px;color: #008080\">Pas\u00edn ente pasu foi siguiendo a la tort\u00faa,<br \/>\nque la sac\u00f3 amodo, <\/span><span style=\"font-size: 20px;color: #008080\">bien amodo, del <\/span><span style=\"font-size: 20px;color: #008080\">ruedu de piedra<br \/>\ny tom\u00f3 <\/span><span style=\"font-size: 20px;color: #008080\">la direcci\u00f3n de la gran ciud\u00e1\u201d.<\/span><\/p>\n","protected":false},"excerpt":{"rendered":"<p>\u201cLa peque\u00f1a Momo sigu\u00eda sentada nos pasos&#8230; esperaba. &#8230; y vio una gran tort\u00faa que la miraba cola cabeza llevantao y una boca extra\u00f1amente sonriente. Los sos intelixentes g\u00fceyos negros rellumaben con tal amabilid\u00e1, como si d&#8217;un momentu a otru fora a empezar a falar. Momo inclinasose escontra ella y tasc\u00f3-y la cazu. \u2014Hola, \u00bfqui\u00e9n [&hellip;]<\/p>\n","protected":false},"author":117,"featured_media":0,"comment_status":"closed","ping_status":"open","sticky":false,"template":"","format":"standard","meta":{"footnotes":""},"categories":[1],"tags":[],"class_list":["post-53087","post","type-post","status-publish","format-standard","hentry","category-sin-categoria"],"_links":{"self":[{"href":"https:\/\/edublog.educastur.es\/ixuxu\/wp-json\/wp\/v2\/posts\/53087","targetHints":{"allow":["GET"]}}],"collection":[{"href":"https:\/\/edublog.educastur.es\/ixuxu\/wp-json\/wp\/v2\/posts"}],"about":[{"href":"https:\/\/edublog.educastur.es\/ixuxu\/wp-json\/wp\/v2\/types\/post"}],"author":[{"embeddable":true,"href":"https:\/\/edublog.educastur.es\/ixuxu\/wp-json\/wp\/v2\/users\/117"}],"replies":[{"embeddable":true,"href":"https:\/\/edublog.educastur.es\/ixuxu\/wp-json\/wp\/v2\/comments?post=53087"}],"version-history":[{"count":1,"href":"https:\/\/edublog.educastur.es\/ixuxu\/wp-json\/wp\/v2\/posts\/53087\/revisions"}],"predecessor-version":[{"id":53088,"href":"https:\/\/edublog.educastur.es\/ixuxu\/wp-json\/wp\/v2\/posts\/53087\/revisions\/53088"}],"wp:attachment":[{"href":"https:\/\/edublog.educastur.es\/ixuxu\/wp-json\/wp\/v2\/media?parent=53087"}],"wp:term":[{"taxonomy":"category","embeddable":true,"href":"https:\/\/edublog.educastur.es\/ixuxu\/wp-json\/wp\/v2\/categories?post=53087"},{"taxonomy":"post_tag","embeddable":true,"href":"https:\/\/edublog.educastur.es\/ixuxu\/wp-json\/wp\/v2\/tags?post=53087"}],"curies":[{"name":"wp","href":"https:\/\/api.w.org\/{rel}","templated":true}]}}