{"id":53101,"date":"2025-07-16T15:06:35","date_gmt":"2025-07-16T13:06:35","guid":{"rendered":"https:\/\/edublog.educastur.es\/ixuxu\/?p=53101"},"modified":"2025-07-16T15:06:35","modified_gmt":"2025-07-16T13:06:35","slug":"xixon-la-ciuda-del-norte-despana-perfecta-pal-branu","status":"publish","type":"post","link":"https:\/\/edublog.educastur.es\/ixuxu\/2025\/07\/xixon-la-ciuda-del-norte-despana-perfecta-pal-branu\/","title":{"rendered":"Xix\u00f3n: La ciud\u00e1 del norte d&#8217;Espa\u00f1a perfecta pal branu"},"content":{"rendered":"<div class=\"html-div xdj266r x14z9mp xat24cr x1lziwak xexx8yu x1a8lsjc xf7dkkf xv54qhq\">\n<div class=\"html-div xdj266r x14z9mp xat24cr x1lziwak xexx8yu xyri2b x18d9i69 x1c1uobl x1jx94hy x78zum5 x1q0g3np\">\n<div class=\"x78zum5 xdt5ytf xz62fqu x16ldp7u\">\n<div class=\"xu06os2 x1ok221b\">\n<div class=\"html-div xdj266r x14z9mp xat24cr x1lziwak xexx8yu xyri2b x18d9i69 x1c1uobl\" data-ad-rendering-role=\"profile_name\">\n<ul>\n<li class=\"html-h3 x14z9mp xat24cr x1lziwak xexx8yu xyri2b x18d9i69 x1c1uobl x1vvkbs x1heor9g x1qlqyl8 x1pd3egz x1a2a7pz x1gslohp x1yc453h\"><span class=\"x1lliihq x6ikm8r x10wlt62 x1n2onr6\"><span class=\"xt0psk2\"><a class=\"x1i10hfl xjbqb8w x1ejq31n x18oe1m7 x1sy0etr xstzfhl x972fbf x10w94by x1qhh985 x14e42zd x9f619 x1ypdohk xt0psk2 xe8uvvx xdj266r x14z9mp xat24cr x1lziwak xexx8yu xyri2b x18d9i69 x1c1uobl x16tdsg8 x1hl2dhg xggy1nq x1a2a7pz xkrqix3 x1sur9pj xzsf02u x1s688f\" role=\"link\" href=\"https:\/\/www.facebook.com\/RevistaViajar?__cft__[0]=AZV58rSvEVXzG0lHig4jHHuswMs7LhTiT9lpn7jLMB0ydkjT1WUP6QbwYB7F6xogie13v1mKG6E2DAZrOyMwNnJpnSn-mzcOGCAN8uu4CfDy0YdeRb6iX7AXm98gqvf0RP76bK-MYZnWz1fH5DP6mbvvSEm-mAyu-5Xm79G83wDMIlRpVO3Ar2rw-4chhBQRcz4WSjYGq2lGmUW1HkpbGjFzrpg6uJtDdJL3uADsqr4u_A&amp;__tn__=-UC%2CP-y-R\"><strong class=\"html-strong xdj266r x14z9mp xat24cr x1lziwak xexx8yu xyri2b x18d9i69 x1c1uobl x1hl2dhg x16tdsg8 x1vvkbs x1s688f\"><span class=\"html-span xdj266r x14z9mp xat24cr x1lziwak xexx8yu xyri2b x18d9i69 x1c1uobl x1hl2dhg x16tdsg8 x1vvkbs\">Revista Viajar<\/span><\/strong><\/a><\/span> <\/span>\/ <a href=\"https:\/\/viajar.elperiodico.com\/escapate_cerca\/ciudad-norte-espana-perfecta-verano-119706909?utm_content=imagen&amp;utm_medium=social&amp;utm_campaign=echobox&amp;utm_source=Facebook&amp;fbclid=IwY2xjawLkgPxleHRuA2FlbQIxMABicmlkETFxU1pwSGZ6a0JIN2c0VUNWAR6jFR1fKxngpkctRdGS6DtpRjcPImvSbUeq_-4WELIDbly8p9irEqP0MPdJew_aem_jLwRdUhLsUT5EzZ4Yau7JA#Echobox=1752587842\">art\u00edculu<\/a><\/li>\n<\/ul>\n<p>Si yes de los que precisen dir a la sablera pero nun soporten el calor, esta ciud\u00e1 ufi\u00e9rtate la posibilid\u00e1 d&#8217;esfrutar de sol y sablera, temperatures prestoses y un ambiente inmeyorable.<\/p>\n<p style=\"text-align: center\"><a href=\"https:\/\/estaticos-cdn.prensaiberica.es\/clip\/0be741a5-ec1e-4b49-b442-c86b3a8c93c7_16-9-discover-aspect-ratio_default_0.webp\"><img loading=\"lazy\" decoding=\"async\" class=\"aligncenter size-large\" src=\"https:\/\/estaticos-cdn.prensaiberica.es\/clip\/0be741a5-ec1e-4b49-b442-c86b3a8c93c7_16-9-discover-aspect-ratio_default_0.webp\" width=\"1200\" height=\"675\" \/><\/a><\/p>\n<\/div>\n<\/div>\n<\/div>\n<\/div>\n<\/div>\n<div class=\"html-div xdj266r x14z9mp xat24cr x1lziwak xexx8yu xyri2b x18d9i69 x1c1uobl\" dir=\"auto\">\n<div class=\"html-div xdj266r x14z9mp xat24cr x1lziwak xexx8yu xyri2b x18d9i69 x1c1uobl\" dir=\"auto\">\n<div class=\"html-div xdj266r x14z9mp xat24cr x1lziwak xexx8yu xyri2b x18d9i69 x1c1uobl\" data-ad-rendering-role=\"story_message\">\n<div class=\"x1l90r2v x1iorvi4 x1g0dm76 xpdmqnj\" data-ad-comet-preview=\"message\" data-ad-preview=\"message\">\n<div class=\"x78zum5 xdt5ytf xz62fqu x16ldp7u\">\n<div class=\"xu06os2 x1ok221b\">\n<div class=\"html-div xdj266r x14z9mp xat24cr x1lziwak xexx8yu xyri2b x18d9i69 x1c1uobl\">\n<div dir=\"auto\">La ciud\u00e1 del norte d&#8217;Espa\u00f1a perfecta pal branu: tien ambiente surferu, un gran leg\u00e1u romanu y toa una fiesta alredor d&#8217;una b\u00e9bora popular.<\/div>\n<div dir=\"auto\"><\/div>\n<\/div>\n<\/div>\n<\/div>\n<\/div>\n<\/div>\n<\/div>\n<\/div>\n<p><!--more--><\/p>\n<p>Espa\u00f1a ta estremada, l&#8217;alderique ta nes cais\u2026 \u00bfQu\u00e9 prefer\u00eds, el norte o&#8217;l sur d&#8217;Espa\u00f1a? La respuesta varia seg\u00fan a qui\u00e9n preguntes y, poques gracies, la d\u00f3mina del a\u00f1u. En Revista VIAXAR, nun moyamos, \u00bfpara qu\u00e9 escoyer pudiendo esfrutar de los dos? La elegancia del norte, la so gastronom\u00eda de luxu, el saleru del sur, les sos sableres infinites y unu atapeceres d&#8217;esc\u00e1ndalu en dambos.<\/p>\n<p>Afaya l&#8217;encantu d&#8217;Asturies: de la sierra a la mari\u00f1a<\/p>\n<p>Sicas\u00ed, nesta ocasi\u00f3n, la protagonista ye una ciud\u00e1 n&#8217;ocasiones infravalorada. Un llugar nel que la esencia marinera llevase por bandera, xuntu con un pimpanu leg\u00e1u romanu, sableres onde&#8217;l surf convive colos paseos en familia y una gastronom\u00eda con muncho sabor acompa\u00f1ada d&#8217;una bona sidra asturiano. Efectivamente, nuesa protagonista ye Xix\u00f3n, y ye que, como dic\u00eda Melendi, \u201cel xard\u00edn d&#8217;Ad\u00e1n y Eva taba en territoriu \u00c1stur\u201d.<\/p>\n<p style=\"text-align: left\">\n<a href=\"https:\/\/estaticos-cdn.prensaiberica.es\/clip\/79a717eb-d8fb-4698-b9b0-28138324f0fa_source-aspect-ratio_default_0.webp\"><img loading=\"lazy\" decoding=\"async\" class=\"aligncenter size-large\" src=\"https:\/\/estaticos-cdn.prensaiberica.es\/clip\/79a717eb-d8fb-4698-b9b0-28138324f0fa_source-aspect-ratio_default_0.webp\" width=\"1257\" height=\"835\" \/><\/a><em>Ilesia de San Pedro nel pas\u00e9u mar\u00edtimu de Xix\u00f3n.<\/em><\/p>\n<p><strong>Tr\u00e9s sableres urbanes y una ciud\u00e1 qu&#8217;alienda salitre<\/strong> El coraz\u00f3n de Xix\u00f3n llate xuntu al mar. San Llorienzo, la gran sablera urbana, ye una media lluna de sable dor\u00e1u flanqueada pol pas\u00e9u del Muriu, col so ic\u00f3nica Escalerona como puntu d&#8217;alcuentru. Con marea baxa puedes caminar m\u00e1s de 2 km hasta&#8217;l r\u00edu Piles. Ideal para pasiar, faer surf, correr o tirase a ver la vida pasar. Eso s\u00ed, te encamiento informate sobro les marees&#8230; Cola marea alta la sablera sume, asina que ta sollerte. El qu&#8217;avisa nun ye traidor.<\/p>\n<p style=\"text-align: center\"><a href=\"https:\/\/estaticos-cdn.prensaiberica.es\/clip\/45465100-58b6-4474-a741-ccdf028dec9e_source-aspect-ratio_default_0.webp\"><img loading=\"lazy\" decoding=\"async\" class=\"aligncenter size-large\" src=\"https:\/\/estaticos-cdn.prensaiberica.es\/clip\/45465100-58b6-4474-a741-ccdf028dec9e_source-aspect-ratio_default_0.webp\" width=\"1254\" height=\"836\" \/><\/a><\/p>\n<p>Foles chiscando la par\u00e9 na sablera de San Llorienzo en Xix\u00f3n.<\/p>\n<p>A un pasu del puertu deportivu ta la sablera de Poniente, m\u00e1s reci\u00e9n y pensada pal ba\u00f1u sele, con ag\u00fces m\u00e1s calmes y ambiente familiar. Y en l&#8217;oeste, El Arbeyal ufierta una opci\u00f3n m\u00e1s local, abelugada del vientu y arrodiada de zones verdes.<\/p>\n<p style=\"text-align: center\"><a href=\"https:\/\/estaticos-cdn.prensaiberica.es\/clip\/99e27653-4111-42c9-9339-2aff80cfd50e_source-aspect-ratio_default_0.webp\"><img loading=\"lazy\" decoding=\"async\" class=\"aligncenter size-large\" src=\"https:\/\/estaticos-cdn.prensaiberica.es\/clip\/99e27653-4111-42c9-9339-2aff80cfd50e_source-aspect-ratio_default_0.webp\" width=\"1254\" height=\"836\" \/><\/a><\/p>\n<p>Vista de la sablera de Poniente y el paisaxe de la ciud\u00e1.<\/p>\n<p>Pa surfistas, San Llorienzo ye unu de los spots m\u00e1s constantes del norte peninsular. Equ\u00ed cel\u00e9brase cada a\u00f1u&#8217;l <strong>Xix\u00f3n Surf Festiva<\/strong>l y hai delles escueles onde puedes arrendar tabla o apuntate a clases. Si yes de los m\u00edos y prefieres remar tranquil, el paddle surf y el kayak tami\u00e9n tienen el so buecu na ciud\u00e1. Vamos, qu&#8217;equ\u00ed nun tienes escusa pa nun practicar deporte.<\/p>\n<p><strong>Hestoria con vistes. <\/strong>El barriu de Cimavilla, el m\u00e1s antiguu de Xix\u00f3n, ye la esencia de la ciud\u00e1. Cais de sua\u00f1u, sidrer\u00edes, fachaes con ropa tend\u00edo y golor a comida de verd\u00e1. Pasiar por equ\u00ed ye viaxar al pas\u00e1u marineru de la ciud\u00e1. A lo cimero del cuetu de Santa Catalina alza&#8217;l famosu Aponderamientu del Horizonte, d&#8217;Eduardo Chillida; xuna escultura de formig\u00f3n de 10 metros que \u201camplifica\u201d el son\u00edu del mar si t&#8217;asities xusto debaxo. Nun ye lleenda urbana, ye f\u00edsica.<\/p>\n<p style=\"text-align: left\">\n<a href=\"https:\/\/estaticos-cdn.prensaiberica.es\/clip\/0a3d8800-15fc-4372-b460-883c9ca91126_source-aspect-ratio_default_0.webp\"><img loading=\"lazy\" decoding=\"async\" class=\"aligncenter \" src=\"https:\/\/estaticos-cdn.prensaiberica.es\/clip\/0a3d8800-15fc-4372-b460-883c9ca91126_source-aspect-ratio_default_0.webp\" width=\"392\" height=\"466\" \/><\/a>Barriu de Cimavilla en Xix\u00f3n.<\/p>\n<p>Equ\u00ed conc\u00e9ntrense munchos de los meyores chigres de sidra y terraces con vistes. Nun puedes dite ensin probar unes parroches, un cachopu o unos chipirones afogaos con un bon cul\u00edn bien ech\u00e1u.<\/p>\n<p><strong>So los tos pies, otra ciud\u00e1<\/strong> Xix\u00f3n guarda buelgues del Imperiu romanu. Na zona de Campo Vald\u00e9s puedes visitar les Termes Romanes, que daten del sieglu I d.C. y son d&#8217;accesu gratuitu. Tami\u00e9n puedes esquizar la Villa Romana de Veranes, a solu 12 km del centru, onde se caltienen mosaicos orixinales y restos d&#8217;una gran casa rural romana. Polo que si realmente yes de los encegolaos col Imperiu Romanu, Xix\u00f3n esp\u00e9rate colos brazos abiertos.<\/p>\n<p style=\"text-align: center\"><a href=\"https:\/\/estaticos-cdn.prensaiberica.es\/clip\/762411a6-595c-4b45-8ef3-0c5624ec6cb1_source-aspect-ratio_default_0.webp\"><img loading=\"lazy\" decoding=\"async\" class=\"aligncenter size-large\" src=\"https:\/\/estaticos-cdn.prensaiberica.es\/clip\/762411a6-595c-4b45-8ef3-0c5624ec6cb1_source-aspect-ratio_default_0.webp\" width=\"1448\" height=\"724\" \/><\/a><\/p>\n<p>Villa romana de Veranes, en Xix\u00f3n.<\/p>\n<p>Otra visita imprescindible ye&#8217;l Mus\u00e9u del Ferrocarril d&#8217;Asturies, allug\u00e1u na antigua estaci\u00f3n del Norte, con locomotores de vapor, vagones antiguos y xuna parte interactiva ideal pa dir con ne\u00f1os.<\/p>\n<p><strong>Fiestes, cultura y sidra ensin tregua. <\/strong>Xix\u00f3n tien un calendariu festivu bien completu. N&#8217;agostu, la Selmana Grande enllena la ciud\u00e1 de conciertos gratuitos, fueos artificiales y ambiente bien asturiano. Y si daqu\u00e9 hai que dicir de los asturianos ye que saben como prestase. Tami\u00e9n pel branu cel\u00e9brase la Fiesta de la Sidra Natural, con r\u00e9cords d&#8217;escanci\u00e1u simult\u00e1neu ydegustaciones populares, ye daqu\u00e9 hai que ver. Ensin dulda.<\/p>\n<p>La Selmana Negra en xunetu entemez novela negra, c\u00f3mic, ciencia ficci\u00f3n y conciertos nun amiestu \u00fanico de feria lliteraria y verbena. Y l&#8217;EuroYey\u00e9, pa se\u00f1ardosos del soul, el rock sesentero y les scooters, convierte la ciud\u00e1 nun festival retro con clase. Xix\u00f3n nun s&#8217;aburre, y eso ta m\u00e1s que claro.<\/p>\n<p><strong>Fabes, mar y dulces con hestoria<\/strong> Toa aquel que triara territoriu \u00c1stur sabe qu&#8217;equ\u00ed se come enforma y perbi\u00e9n. Y Xix\u00f3n nun diba ser menos, la comida na localid\u00e1 nun ye floritura, m\u00e1s bien ye cuyar, mar y tradici\u00f3n. Puedes empezar con unesfabes con amasueles, siguir con besugu al llombu o chopa a la sidra, y terminar con arroz con lleche requemao o charlota xixonesa. Tou acompa\u00f1\u00e1u, claro, por sidra natural echada como se debe. La zona del barriu d&#8217;El Carmen y Fomentu ye ideal pa tapear con ambiente nuevo y precios razonables. Si quies un conseyu; nun-y intentes siguir el ritmu a un asturianu&#8230; El qu&#8217;avisa nun ye traidor.<\/p>\n<p>La ruta de senderismo m\u00e1s espectacular d&#8217;Asturies faese ente la sablera y el monte y ye perfecta pal branu. Naide la visita,<br \/>\npero tien les ag\u00fces m\u00e1s azules d&#8217;Espa\u00f1a: asina ye la sablera a la que toos tendr\u00eden de dir esti branu<\/p>\n<p style=\"text-align: center\">\n<a href=\"https:\/\/estaticos-cdn.prensaiberica.es\/clip\/0c27bc7e-33a1-4feb-8c5f-116f2322b3db_source-aspect-ratio_default_0.webp\"><img loading=\"lazy\" decoding=\"async\" class=\"aligncenter size-large\" src=\"https:\/\/estaticos-cdn.prensaiberica.es\/clip\/0c27bc7e-33a1-4feb-8c5f-116f2322b3db_source-aspect-ratio_default_0.webp\" width=\"1255\" height=\"836\" \/><\/a>Vista a\u00e9rea de la ciud\u00e1 de Xix\u00f3n mientres la puesta de sol.<\/p>\n<p>Xix\u00f3n tien de tou&#8230; Tien mar, hestoria, naturaleza y una identid\u00e1 tan fuerte como atopadiza. Nun ye solo un dest\u00edn de branu, ye una ciud\u00e1 qu&#8217;esprende una esencia bien especial tol a\u00f1u, perfecta pa quien busca autenticid\u00e1 ensin arrenunciar a planes variaos. Equ\u00ed nun hai pose, hai calter. Y eso, nos tiempos que cuerren, vale oro.<\/p>\n","protected":false},"excerpt":{"rendered":"<p>Revista Viajar \/ art\u00edculu Si yes de los que precisen dir a la sablera pero nun soporten el calor, esta ciud\u00e1 ufi\u00e9rtate la posibilid\u00e1 d&#8217;esfrutar de sol y sablera, temperatures prestoses y un ambiente inmeyorable. La ciud\u00e1 del norte d&#8217;Espa\u00f1a perfecta pal branu: tien ambiente surferu, un gran leg\u00e1u romanu y toa una fiesta alredor [&hellip;]<\/p>\n","protected":false},"author":117,"featured_media":0,"comment_status":"closed","ping_status":"open","sticky":false,"template":"","format":"standard","meta":{"footnotes":""},"categories":[18,227],"tags":[],"class_list":["post-53101","post","type-post","status-publish","format-standard","hentry","category-turismu","category-viaxes"],"_links":{"self":[{"href":"https:\/\/edublog.educastur.es\/ixuxu\/wp-json\/wp\/v2\/posts\/53101","targetHints":{"allow":["GET"]}}],"collection":[{"href":"https:\/\/edublog.educastur.es\/ixuxu\/wp-json\/wp\/v2\/posts"}],"about":[{"href":"https:\/\/edublog.educastur.es\/ixuxu\/wp-json\/wp\/v2\/types\/post"}],"author":[{"embeddable":true,"href":"https:\/\/edublog.educastur.es\/ixuxu\/wp-json\/wp\/v2\/users\/117"}],"replies":[{"embeddable":true,"href":"https:\/\/edublog.educastur.es\/ixuxu\/wp-json\/wp\/v2\/comments?post=53101"}],"version-history":[{"count":1,"href":"https:\/\/edublog.educastur.es\/ixuxu\/wp-json\/wp\/v2\/posts\/53101\/revisions"}],"predecessor-version":[{"id":53102,"href":"https:\/\/edublog.educastur.es\/ixuxu\/wp-json\/wp\/v2\/posts\/53101\/revisions\/53102"}],"wp:attachment":[{"href":"https:\/\/edublog.educastur.es\/ixuxu\/wp-json\/wp\/v2\/media?parent=53101"}],"wp:term":[{"taxonomy":"category","embeddable":true,"href":"https:\/\/edublog.educastur.es\/ixuxu\/wp-json\/wp\/v2\/categories?post=53101"},{"taxonomy":"post_tag","embeddable":true,"href":"https:\/\/edublog.educastur.es\/ixuxu\/wp-json\/wp\/v2\/tags?post=53101"}],"curies":[{"name":"wp","href":"https:\/\/api.w.org\/{rel}","templated":true}]}}