{"id":53103,"date":"2025-07-16T19:46:47","date_gmt":"2025-07-16T17:46:47","guid":{"rendered":"https:\/\/edublog.educastur.es\/ixuxu\/?p=53103"},"modified":"2025-07-16T22:06:12","modified_gmt":"2025-07-16T20:06:12","slug":"cambeu-sopitu-del-tiempu-nasturies-a-partir-de-manana-vuelven-les-nubes-y-lorbayo","status":"publish","type":"post","link":"https:\/\/edublog.educastur.es\/ixuxu\/2025\/07\/cambeu-sopitu-del-tiempu-nasturies-a-partir-de-manana-vuelven-les-nubes-y-lorbayo\/","title":{"rendered":"Camb\u00e9u s\u00f3pitu del tiempu n&#8217;Asturies: a partir de ma\u00f1ana&#8230; vuelven les nubes y l&#8217;orbayo"},"content":{"rendered":"<ul>\n<li><a href=\"https:\/\/www.lne.es\/asturias\/2025\/07\/16\/cambio-brusco-tiempo-asturias-partir-119762642.html\">LNE<\/a> \/ <a href=\"https:\/\/twitter.com\/i\/status\/1945036880359108982\">Videu<\/a><\/li>\n<\/ul>\n<p>Vuelven les nubes y l&#8217;orbayo. La rex\u00f3n vive g\u00fcei una xornada de m\u00e1ximu calor, con temperatures que raspien los 35 graos. La inestabilid\u00e1 va apoderar nel Princip\u00e1u hasta&#8217;l domingu.<\/p>\n<p style=\"text-align: center\"><a href=\"https:\/\/estaticos-cdn.prensaiberica.es\/clip\/5d1b7427-1649-48d8-92fa-b26fbb2de851_16-9-discover-aspect-ratio_default_0.webp\"><img loading=\"lazy\" decoding=\"async\" class=\"aligncenter size-large\" src=\"https:\/\/estaticos-cdn.prensaiberica.es\/clip\/5d1b7427-1649-48d8-92fa-b26fbb2de851_16-9-discover-aspect-ratio_default_0.webp\" width=\"1200\" height=\"675\" \/><\/a><\/p>\n<p><!--more--><br \/>\nEl branu asturianu da una de cal y otra de sable. Un d\u00eda fai enforma sol y calor y al siguiente, los cielos c\u00fabrise d&#8217;un gris plomizu, llueve y, dacuando, hasta fai frescu. Dempu\u00e9s d&#8217;una xornada, la de g\u00fcei, de m\u00e1xima chorna, con temperatures percima de los 30 graos, <strong>el tiempu va camudar radicalmente ma\u00f1ana xueves<\/strong>. Esp\u00e9rense nubes, precipitaciones y baxada de term\u00f3metros hasta&#8217;l domingu. Seg\u00fan el pron\u00f3sticu de l&#8217;<strong>Axencia Estatal de Meteorolox\u00eda (Aemet)<\/strong>, les ag\u00fces van ser s\u00eda que non d\u00e9biles. Va ser m\u00e1s bien orbayo.<\/p>\n<p>El mapa de l&#8217;Aemet qu&#8217;amuesa cu\u00e1ndo van volver les altes temperatures a Asturies y que pon fecha a la pr\u00f3xima fola de calor<\/p>\n<p>\u00bfEl motivu? La entrada d&#8217;un frente pel Norte, que va faer enfrescar vienres y s\u00e1badu a casi tol pa\u00eds. \u00abNel Mediterr\u00e1neu va siguir l&#8217;ambiente templao y a partir del domingu va haber un nuevu repique de calor\u00bb, diz l&#8217;Aemet.<\/p>\n<p><strong>Hasta 35 graos. <\/strong>Una intensa fola de calor dexa g\u00fcei n&#8217;Espa\u00f1a temperatures d&#8217;hasta 42 graos. N&#8217;Asturies, les m\u00e1ximes raspien los 35 graos. Este ye&#8217;l r\u00e1nking de temperatures rexonal: Pola de Somiedu (33,7 graos), Tin\u00e9u (31,7), San Antol\u00edn d&#8217;Ibias (31,1), Mieres (30,7) y Amieva (30). Pola de Somiedu tuvo la temperatura m\u00e1s alto y tami\u00e9n la m\u00e1s baxa, con un rexistru de 12 graos a les 06.40 hores.<\/p>\n<p><strong>Pron\u00f3sticu por d\u00edes.\u00a0<\/strong><br \/>\nEn concretu, para ma\u00f1ana l&#8217;Aemet preve \u00abcielos nublos, con gurrianes y probables borrines, ma\u00f1aneres en zones baxes del interior y, a la fin del d\u00eda en zones altes del Cordal. Precipitaciones d\u00e9biles y esvalixaes, m\u00e1s probables nel interior. Temperatures m\u00ednimes n&#8217;aumentu y m\u00e1ximes en descensu. Vientos fluexos de componente norte\u00bb. Los term\u00f3metros van llegar hasta los 29 graos en Cangas, en plenes fiestes del Carmen. Uvi\u00e9u y Xix\u00f3n van tar a 25 graos.<\/p>\n<p><strong>El vienres el panorama empiora.<\/strong> \u00abCielos nublos. Probabilid\u00e1 de borrines esvalixaes de primeres en zones altes del Cordal. Precipitaciones d\u00e9biles y esvalixaes m\u00e1s probables ya intenses nel interior. Temperatures en descensu, m\u00e1s acus\u00e1u nes m\u00e1ximes. Vientos fluexos del norte, que van xirar a oeste na mari\u00f1a y van tender a fluexos variables nel interior\u00bb, agora l&#8217;Aemet.<\/p>\n","protected":false},"excerpt":{"rendered":"<p>LNE \/ Videu Vuelven les nubes y l&#8217;orbayo. La rex\u00f3n vive g\u00fcei una xornada de m\u00e1ximu calor, con temperatures que raspien los 35 graos. La inestabilid\u00e1 va apoderar nel Princip\u00e1u hasta&#8217;l domingu.<\/p>\n","protected":false},"author":117,"featured_media":0,"comment_status":"closed","ping_status":"open","sticky":false,"template":"","format":"standard","meta":{"footnotes":""},"categories":[1],"tags":[],"class_list":["post-53103","post","type-post","status-publish","format-standard","hentry","category-sin-categoria"],"_links":{"self":[{"href":"https:\/\/edublog.educastur.es\/ixuxu\/wp-json\/wp\/v2\/posts\/53103","targetHints":{"allow":["GET"]}}],"collection":[{"href":"https:\/\/edublog.educastur.es\/ixuxu\/wp-json\/wp\/v2\/posts"}],"about":[{"href":"https:\/\/edublog.educastur.es\/ixuxu\/wp-json\/wp\/v2\/types\/post"}],"author":[{"embeddable":true,"href":"https:\/\/edublog.educastur.es\/ixuxu\/wp-json\/wp\/v2\/users\/117"}],"replies":[{"embeddable":true,"href":"https:\/\/edublog.educastur.es\/ixuxu\/wp-json\/wp\/v2\/comments?post=53103"}],"version-history":[{"count":1,"href":"https:\/\/edublog.educastur.es\/ixuxu\/wp-json\/wp\/v2\/posts\/53103\/revisions"}],"predecessor-version":[{"id":53108,"href":"https:\/\/edublog.educastur.es\/ixuxu\/wp-json\/wp\/v2\/posts\/53103\/revisions\/53108"}],"wp:attachment":[{"href":"https:\/\/edublog.educastur.es\/ixuxu\/wp-json\/wp\/v2\/media?parent=53103"}],"wp:term":[{"taxonomy":"category","embeddable":true,"href":"https:\/\/edublog.educastur.es\/ixuxu\/wp-json\/wp\/v2\/categories?post=53103"},{"taxonomy":"post_tag","embeddable":true,"href":"https:\/\/edublog.educastur.es\/ixuxu\/wp-json\/wp\/v2\/tags?post=53103"}],"curies":[{"name":"wp","href":"https:\/\/api.w.org\/{rel}","templated":true}]}}