{"id":53109,"date":"2025-07-16T22:07:18","date_gmt":"2025-07-16T20:07:18","guid":{"rendered":"https:\/\/edublog.educastur.es\/ixuxu\/?p=53109"},"modified":"2025-07-16T22:07:18","modified_gmt":"2025-07-16T20:07:18","slug":"53109","status":"publish","type":"post","link":"https:\/\/edublog.educastur.es\/ixuxu\/2025\/07\/53109\/","title":{"rendered":""},"content":{"rendered":"<p style=\"text-align: center\"><span style=\"font-size: 28px;color: #800080\"><strong><em>\u201cLos nuesos tiempos <\/em><\/strong><\/span><br \/>\n<span style=\"font-size: 28px;color: #800080\"><strong><em>son tiempos de mediocrid\u00e1, <\/em><\/strong><\/span><br \/>\n<span style=\"font-size: 28px;color: #800080\"><strong><em>de falta de sentimientos,<\/em><\/strong><\/span><br \/>\n<span style=\"font-size: 28px;color: #800080\"><strong><em> de pasi\u00f3n pola ignorancia,<\/em><\/strong><\/span><br \/>\n<span style=\"font-size: 28px;color: #800080\"><strong><em> de galbana, <\/em><\/strong><\/span><br \/>\n<span style=\"font-size: 28px;color: #800080\"><strong><em>de la incapacid\u00e1 de mano<br \/>\na faer daqu\u00e9 <\/em><\/strong><\/span><br \/>\n<span style=\"font-size: 28px;color: #800080\"><strong><em>y el des\u00e9u de tener<br \/>\ntou y\u00e1 fechu\u201d.<\/em><\/strong><\/span><br \/>\nFi\u00f3dor Dostoievski<\/p>\n","protected":false},"excerpt":{"rendered":"<p>\u201cLos nuesos tiempos son tiempos de mediocrid\u00e1, de falta de sentimientos, de pasi\u00f3n pola ignorancia, de galbana, de la incapacid\u00e1 de mano a faer daqu\u00e9 y el des\u00e9u de tener tou y\u00e1 fechu\u201d. Fi\u00f3dor Dostoievski<\/p>\n","protected":false},"author":117,"featured_media":0,"comment_status":"closed","ping_status":"open","sticky":false,"template":"","format":"quote","meta":{"footnotes":""},"categories":[1],"tags":[],"class_list":["post-53109","post","type-post","status-publish","format-quote","hentry","category-sin-categoria","post_format-post-format-quote"],"_links":{"self":[{"href":"https:\/\/edublog.educastur.es\/ixuxu\/wp-json\/wp\/v2\/posts\/53109","targetHints":{"allow":["GET"]}}],"collection":[{"href":"https:\/\/edublog.educastur.es\/ixuxu\/wp-json\/wp\/v2\/posts"}],"about":[{"href":"https:\/\/edublog.educastur.es\/ixuxu\/wp-json\/wp\/v2\/types\/post"}],"author":[{"embeddable":true,"href":"https:\/\/edublog.educastur.es\/ixuxu\/wp-json\/wp\/v2\/users\/117"}],"replies":[{"embeddable":true,"href":"https:\/\/edublog.educastur.es\/ixuxu\/wp-json\/wp\/v2\/comments?post=53109"}],"version-history":[{"count":1,"href":"https:\/\/edublog.educastur.es\/ixuxu\/wp-json\/wp\/v2\/posts\/53109\/revisions"}],"predecessor-version":[{"id":53110,"href":"https:\/\/edublog.educastur.es\/ixuxu\/wp-json\/wp\/v2\/posts\/53109\/revisions\/53110"}],"wp:attachment":[{"href":"https:\/\/edublog.educastur.es\/ixuxu\/wp-json\/wp\/v2\/media?parent=53109"}],"wp:term":[{"taxonomy":"category","embeddable":true,"href":"https:\/\/edublog.educastur.es\/ixuxu\/wp-json\/wp\/v2\/categories?post=53109"},{"taxonomy":"post_tag","embeddable":true,"href":"https:\/\/edublog.educastur.es\/ixuxu\/wp-json\/wp\/v2\/tags?post=53109"}],"curies":[{"name":"wp","href":"https:\/\/api.w.org\/{rel}","templated":true}]}}