{"id":53143,"date":"2025-07-17T08:30:44","date_gmt":"2025-07-17T06:30:44","guid":{"rendered":"https:\/\/edublog.educastur.es\/ixuxu\/?p=53143"},"modified":"2025-07-16T22:39:40","modified_gmt":"2025-07-16T20:39:40","slug":"el-tiempu-el-comercio-95","status":"publish","type":"post","link":"https:\/\/edublog.educastur.es\/ixuxu\/2025\/07\/el-tiempu-el-comercio-95\/","title":{"rendered":"El tiempu (El Comercio)"},"content":{"rendered":"<p style=\"text-align: center\"><a href=\"https:\/\/s2.ppllstatics.com\/elcomercio\/www\/multimedia\/2025\/07\/16\/prevision-tiempo-asturias-kuAE-U2301948938566Ca-1200x860@El%20Comercio.jpg\"><img loading=\"lazy\" decoding=\"async\" class=\"aligncenter size-large\" src=\"https:\/\/s2.ppllstatics.com\/elcomercio\/www\/multimedia\/2025\/07\/16\/prevision-tiempo-asturias-kuAE-U2301948938566Ca-1200x860@El%20Comercio.jpg\" width=\"1200\" height=\"860\" \/><\/a><\/p>\n<p>Esperamos cielos nublos y\u00e1 <strong>dende pela ma\u00f1ana<\/strong> salvu nel terciu sur y suroccidente asturianu. Comoquier, <strong>a lo llargo del d\u00eda<\/strong>, la nubosid\u00e1 acabar\u00e1 estendi\u00e9ndose a tola rex\u00f3n. <strong>Les nubes<\/strong> van dexar orbayos pocu importantes mientres la xornada. Van empezar afectando a puntos costeros, pero dir\u00e1n enfus\u00e1ndose escontra l&#8217;interior col intre de les hores. <strong>Los vientos<\/strong> van ser fluexos polo xeneral, predominando de nordeste de primeres, anque se van afitar de norte mientres el d\u00eda. <strong>Les temperatures m\u00e1ximes<\/strong> van baxar de forma xeneralizada. Dichu descensu va ser d&#8217;hasta 5 o 6 \u00baC nel interior, ente que na mari\u00f1a la baxada de les temperatures va ser m\u00e1s moderada.<\/p>\n<p><!--more--><\/p>\n<p><strong>El vienres<\/strong> tami\u00e9n esperamos abondosu nubosid\u00e1 con precipitaciones que van ser frecuentes pela ma\u00f1ana y podr\u00eden afectar a cualquier puntu del Princip\u00e1u. A lo llargo de la tarde, sobremanera nel tramu final, podr\u00e1n abrise escamplaes nel cielu tanto nel occidente como na mari\u00f1a. Asina tou, les precipitaciones ent\u00e1 podr\u00eden tar presentes nel oriente y nel cordal. Les temperatures van siguir baxando nel interior.<\/p>\n","protected":false},"excerpt":{"rendered":"<p>Esperamos cielos nublos y\u00e1 dende pela ma\u00f1ana salvu nel terciu sur y suroccidente asturianu. Comoquier, a lo llargo del d\u00eda, la nubosid\u00e1 acabar\u00e1 estendi\u00e9ndose a tola rex\u00f3n. Les nubes van dexar orbayos pocu importantes mientres la xornada. Van empezar afectando a puntos costeros, pero dir\u00e1n enfus\u00e1ndose escontra l&#8217;interior col intre de les hores. Los vientos [&hellip;]<\/p>\n","protected":false},"author":117,"featured_media":0,"comment_status":"closed","ping_status":"open","sticky":false,"template":"","format":"standard","meta":{"footnotes":""},"categories":[5],"tags":[],"class_list":["post-53143","post","type-post","status-publish","format-standard","hentry","category-tiempu"],"_links":{"self":[{"href":"https:\/\/edublog.educastur.es\/ixuxu\/wp-json\/wp\/v2\/posts\/53143","targetHints":{"allow":["GET"]}}],"collection":[{"href":"https:\/\/edublog.educastur.es\/ixuxu\/wp-json\/wp\/v2\/posts"}],"about":[{"href":"https:\/\/edublog.educastur.es\/ixuxu\/wp-json\/wp\/v2\/types\/post"}],"author":[{"embeddable":true,"href":"https:\/\/edublog.educastur.es\/ixuxu\/wp-json\/wp\/v2\/users\/117"}],"replies":[{"embeddable":true,"href":"https:\/\/edublog.educastur.es\/ixuxu\/wp-json\/wp\/v2\/comments?post=53143"}],"version-history":[{"count":1,"href":"https:\/\/edublog.educastur.es\/ixuxu\/wp-json\/wp\/v2\/posts\/53143\/revisions"}],"predecessor-version":[{"id":53144,"href":"https:\/\/edublog.educastur.es\/ixuxu\/wp-json\/wp\/v2\/posts\/53143\/revisions\/53144"}],"wp:attachment":[{"href":"https:\/\/edublog.educastur.es\/ixuxu\/wp-json\/wp\/v2\/media?parent=53143"}],"wp:term":[{"taxonomy":"category","embeddable":true,"href":"https:\/\/edublog.educastur.es\/ixuxu\/wp-json\/wp\/v2\/categories?post=53143"},{"taxonomy":"post_tag","embeddable":true,"href":"https:\/\/edublog.educastur.es\/ixuxu\/wp-json\/wp\/v2\/tags?post=53143"}],"curies":[{"name":"wp","href":"https:\/\/api.w.org\/{rel}","templated":true}]}}