{"id":53150,"date":"2025-07-17T17:35:04","date_gmt":"2025-07-17T15:35:04","guid":{"rendered":"https:\/\/edublog.educastur.es\/ixuxu\/?p=53150"},"modified":"2025-07-18T20:47:54","modified_gmt":"2025-07-18T18:47:54","slug":"xix-aniversariu-del-museu-del-oro-en-navelgas","status":"publish","type":"post","link":"https:\/\/edublog.educastur.es\/ixuxu\/2025\/07\/xix-aniversariu-del-museu-del-oro-en-navelgas\/","title":{"rendered":"XIX Aniversariu del Mus\u00e9u del Oru en Navelgas"},"content":{"rendered":"<ul>\n<li><span class=\"x193iq5w xeuugli x13faqbe x1vvkbs xt0psk2 x1i0vuye xvs91rp xo1l8bm x5n08af x10wh9bi xpm28yp x8viiok x1o7cslx x126k92a\">\ud83d\udcc5 Consulta tola info equ\u00ed \ud83d\udc49 <a href=\"https:\/\/museodeloro.es\">https:\/\/museodeloro.es<\/a><\/span><\/li>\n<\/ul>\n<p style=\"text-align: center\"><span class=\"x193iq5w xeuugli x13faqbe x1vvkbs xt0psk2 x1i0vuye xvs91rp xo1l8bm x5n08af x10wh9bi xpm28yp x8viiok x1o7cslx x126k92a\"><span class=\"html-span xexx8yu x4uap5 x18d9i69 xkhd6sd x1hl2dhg x16tdsg8 x1vvkbs x3nfvp2 x1j61x8r x1fcty0u xdj266r xat24cr xgzva0m xhhsvwb xxymvpz xlup9mm x1kky2od\">\n<!-- iframe plugin v.6.0 wordpress.org\/plugins\/iframe\/ -->\n<iframe loading=\"lazy\" src=\"https:\/\/www.instagram.com\/p\/DMKZdjctRkF\/embed\" width=\"460\" height=\"620\" 0=\"\/iframe\" scrolling=\"yes\" class=\"iframe-class\" frameborder=\"0\"><\/iframe>\n<\/span><\/span><\/p>\n<p>\u00a1Ven a cellebralo con n\u00f3s el \ud835\udfed\ud835\udff5 \ud835\ude06 \ud835\udfee\ud835\udfec \ud835\uddf1\ud835\uddf2 xunetu! \ud83c\udf89 Esfruta d&#8217;acividaes especiales pa tolos p\u00fablicos, un \ud835\uddf6\ud835\uddfb\ud835\uddf0\ud835\uddff\ud835\uddf2\ud835\uddf6\u0301\ud835\uddef\ud835\uddf9\ud835\uddf2 \ud835\uddf1\ud835\uddf6\ud835\uddfc\ud835\uddff\ud835\uddee\ud835\uddfa\ud835\uddee \ud835\udde3\ud835\uddf9\ud835\uddee\ud835\ude06\ud835\udde0\ud835\uddfc\ud835\uddef\ud835\uddf6\ud835\uddf9 y los nuesos espectaculares \ud835\udde7\ud835\uddee\ud835\uddf9\ud835\uddf9\ud835\uddf2\ud835\uddff\ud835\uddf2\ud835\ude00 \ud835\uddf1\ud835\uddf2 \ud835\uddd5\ud835\uddee\ud835\ude01\ud835\uddf2\ud835\uddfc. \u00a1Domingu 20 de Xunetu, entrada de baldre al Mus\u00e9u! \u2728 \u00a1Una esperiencia \u00fanica en \ud835\udde1\ud835\uddee\ud835\ude03\ud835\uddf2\ud835\uddf9\ud835\uddf4\ud835\uddee\ud835\ude00!<\/p>\n<p style=\"text-align: center\"><!--more--><span class=\"x193iq5w xeuugli x13faqbe x1vvkbs xt0psk2 x1i0vuye xvs91rp xo1l8bm x5n08af x10wh9bi xpm28yp x8viiok x1o7cslx x126k92a\"><span class=\"html-span xexx8yu x4uap5 x18d9i69 xkhd6sd x1hl2dhg x16tdsg8 x1vvkbs x3nfvp2 x1j61x8r x1fcty0u xdj266r xat24cr xgzva0m xhhsvwb xxymvpz xlup9mm x1kky2od\">\n<!-- iframe plugin v.6.0 wordpress.org\/plugins\/iframe\/ -->\n<iframe loading=\"lazy\" src=\"https:\/\/www.instagram.com\/p\/DMN99J5s4y8\/embed\" width=\"360\" height=\"595\" 0=\"\/iframe\" scrolling=\"yes\" class=\"iframe-class\" frameborder=\"0\"><\/iframe>\n<\/span><\/span><\/p>\n<p style=\"text-align: center\"><span style=\"color: #008080\"><strong>\u00a1Asturies tami\u00e9n tien la so fiebre del oru! \ud83c\udf1f<\/strong><\/span><\/p>\n<p>\u00bfSab\u00edes que puedes batear oru en Navelgas? Nesti encantador pueblu del occidente asturianu, l&#8217;oru forma parte de la hestoria y tami\u00e9n del presente. Ven a afayalo nel <strong>Mus\u00e9u del Oru<\/strong>, onde vas poder vivir la esperiencia de buscar peb\u00edes como un aut\u00e9nticu buscador.<\/p>\n<ul>\n<li>\u2728 Esti domingu celebramos el 19\u00ba aniversariu del mus\u00e9u con entrada gratuita.<\/li>\n<li>\u00a0\ud83d\uddd3\ufe0f Del 3 al 9 d&#8217;agostu de 2025, Navelgas va ser see del mayor eventu internacional de bateo d&#8217;oru, con participantes de too el mundu.<\/li>\n<\/ul>\n<p>Non te pierdas esta oportunid\u00e1 de conectar cola tradici\u00f3n, la naturaleza y l&#8217;emoci\u00f3n del bateo.<\/p>\n<p style=\"text-align: center\">\n<!-- iframe plugin v.6.0 wordpress.org\/plugins\/iframe\/ -->\n<iframe loading=\"lazy\" src=\"https:\/\/www.facebook.com\/plugins\/video.php?height=476&#038;href=https%3A%2F%2Fwww.facebook.com%2FTurismoAsturias%2Fvideos%2F1448492873154012%2F&#038;show_text=false&#038;width=267&#038;t=0\" width=\"267\" height=\"476\" style=\"border:none;overflow:hidden\" scrolling=\"no\" frameborder=\"0\" allowfullscreen=\"true\" allow=\"autoplay; clipboard-write; encrypted-media; picture-in-picture; web-share\" 0=\"\/iframe\" class=\"iframe-class\"><\/iframe>\n<\/p>\n","protected":false},"excerpt":{"rendered":"<p>\ud83d\udcc5 Consulta tola info equ\u00ed \ud83d\udc49 https:\/\/museodeloro.es \u00a1Ven a cellebralo con n\u00f3s el \ud835\udfed\ud835\udff5 \ud835\ude06 \ud835\udfee\ud835\udfec \ud835\uddf1\ud835\uddf2 xunetu! \ud83c\udf89 Esfruta d&#8217;acividaes especiales pa tolos p\u00fablicos, un \ud835\uddf6\ud835\uddfb\ud835\uddf0\ud835\uddff\ud835\uddf2\ud835\uddf6\u0301\ud835\uddef\ud835\uddf9\ud835\uddf2 \ud835\uddf1\ud835\uddf6\ud835\uddfc\ud835\uddff\ud835\uddee\ud835\uddfa\ud835\uddee \ud835\udde3\ud835\uddf9\ud835\uddee\ud835\ude06\ud835\udde0\ud835\uddfc\ud835\uddef\ud835\uddf6\ud835\uddf9 y los nuesos espectaculares \ud835\udde7\ud835\uddee\ud835\uddf9\ud835\uddf9\ud835\uddf2\ud835\uddff\ud835\uddf2\ud835\ude00 \ud835\uddf1\ud835\uddf2 \ud835\uddd5\ud835\uddee\ud835\ude01\ud835\uddf2\ud835\uddfc. \u00a1Domingu 20 de Xunetu, entrada de baldre al Mus\u00e9u! \u2728 \u00a1Una esperiencia \u00fanica en \ud835\udde1\ud835\uddee\ud835\ude03\ud835\uddf2\ud835\uddf9\ud835\uddf4\ud835\uddee\ud835\ude00!<\/p>\n","protected":false},"author":117,"featured_media":0,"comment_status":"closed","ping_status":"open","sticky":false,"template":"","format":"standard","meta":{"footnotes":""},"categories":[15],"tags":[],"class_list":["post-53150","post","type-post","status-publish","format-standard","hentry","category-museos"],"_links":{"self":[{"href":"https:\/\/edublog.educastur.es\/ixuxu\/wp-json\/wp\/v2\/posts\/53150","targetHints":{"allow":["GET"]}}],"collection":[{"href":"https:\/\/edublog.educastur.es\/ixuxu\/wp-json\/wp\/v2\/posts"}],"about":[{"href":"https:\/\/edublog.educastur.es\/ixuxu\/wp-json\/wp\/v2\/types\/post"}],"author":[{"embeddable":true,"href":"https:\/\/edublog.educastur.es\/ixuxu\/wp-json\/wp\/v2\/users\/117"}],"replies":[{"embeddable":true,"href":"https:\/\/edublog.educastur.es\/ixuxu\/wp-json\/wp\/v2\/comments?post=53150"}],"version-history":[{"count":5,"href":"https:\/\/edublog.educastur.es\/ixuxu\/wp-json\/wp\/v2\/posts\/53150\/revisions"}],"predecessor-version":[{"id":53376,"href":"https:\/\/edublog.educastur.es\/ixuxu\/wp-json\/wp\/v2\/posts\/53150\/revisions\/53376"}],"wp:attachment":[{"href":"https:\/\/edublog.educastur.es\/ixuxu\/wp-json\/wp\/v2\/media?parent=53150"}],"wp:term":[{"taxonomy":"category","embeddable":true,"href":"https:\/\/edublog.educastur.es\/ixuxu\/wp-json\/wp\/v2\/categories?post=53150"},{"taxonomy":"post_tag","embeddable":true,"href":"https:\/\/edublog.educastur.es\/ixuxu\/wp-json\/wp\/v2\/tags?post=53150"}],"curies":[{"name":"wp","href":"https:\/\/api.w.org\/{rel}","templated":true}]}}