{"id":53163,"date":"2025-07-17T14:01:30","date_gmt":"2025-07-17T12:01:30","guid":{"rendered":"https:\/\/edublog.educastur.es\/ixuxu\/?p=53163"},"modified":"2025-07-17T17:55:06","modified_gmt":"2025-07-17T15:55:06","slug":"53163","status":"publish","type":"post","link":"https:\/\/edublog.educastur.es\/ixuxu\/2025\/07\/53163\/","title":{"rendered":"XVIII edici\u00f3n del Festival Internacional de la Gaita (FIG)"},"content":{"rendered":"<p style=\"text-align: center\"><a href=\"https:\/\/musicasturiana.com\/wp-content\/uploads\/2025\/07\/FIG-2025.jpg\"><img loading=\"lazy\" decoding=\"async\" class=\"aligncenter size-large\" src=\"https:\/\/musicasturiana.com\/wp-content\/uploads\/2025\/07\/FIG-2025.jpg\" width=\"1200\" height=\"600\" \/><\/a><\/p>\n<div class=\"elementor-element elementor-element-72daa04 e-con-full e-flex e-con e-child\" data-id=\"72daa04\" data-element_type=\"container\">\n<div class=\"elementor-element elementor-element-667e3c7 elementor-widget__width-inherit elementor-widget elementor-widget-theme-post-title elementor-page-title elementor-widget-heading\" data-id=\"667e3c7\" data-element_type=\"widget\" data-widget_type=\"theme-post-title.default\">\n<div class=\"elementor-widget-container\">\n<p class=\"elementor-heading-title elementor-size-default\">El FIG presenta esti s\u00e1badu\u2019l programa de la so XVIII edici\u00f3n y entama una clase maxistral de caxa. L&#8217;Aten\u00e9u Obreru de Villaviciosa acueye esta cita na que la organizaci\u00f3n va anunciar toles actividaes dempu\u00e9s del taller del canadiense Ian Morris<\/p>\n<\/div>\n<\/div>\n<div class=\"elementor-element elementor-element-3f891ad elementor-align-center elementor-widget elementor-widget-post-info\" data-id=\"3f891ad\" data-element_type=\"widget\" data-widget_type=\"post-info.default\">\n<div class=\"elementor-widget-container\"><\/div>\n<\/div>\n<\/div>\n<div class=\"elementor-element elementor-element-eea4e26 e-con-full e-flex e-con e-child\" data-id=\"eea4e26\" data-element_type=\"container\">\n<div class=\"elementor-element elementor-element-04a6c90 elementor-mobile-align-left elementor-widget__width-initial elementor-widget elementor-widget-post-info\" data-id=\"04a6c90\" data-element_type=\"widget\" data-widget_type=\"post-info.default\">\n<div class=\"elementor-widget-container\">\n<ul class=\"elementor-inline-items elementor-icon-list-items elementor-post-info\">\n<li class=\"elementor-icon-list-item elementor-repeater-item-e0b1f93 elementor-inline-item\"><a href=\"https:\/\/musicasturiana.com\/el-fig-presenta-esti-sabadu-programa-de-la-so-xviii-edicion-y-entama-una-clase-maxistral-de-caxa\/\">Musicasturiana.com<\/a> \/<\/li>\n<li class=\"elementor-icon-list-item elementor-repeater-item-7a07052 elementor-inline-item\"><i class=\"fas fa-tags\" aria-hidden=\"true\"><\/i> <span class=\"elementor-icon-list-text elementor-post-info__item elementor-post-info__item--type-terms\"> <span class=\"elementor-post-info__terms-list\"> <a class=\"elementor-post-info__terms-list-item\" href=\"https:\/\/musicasturiana.com\/tag\/festivales\/\">Festivales<\/a>, <a class=\"elementor-post-info__terms-list-item\" href=\"https:\/\/musicasturiana.com\/tag\/fig\/\">FIG<\/a>, <a class=\"elementor-post-info__terms-list-item\" href=\"https:\/\/musicasturiana.com\/tag\/gaita\/\">Gaita<\/a>, <a class=\"elementor-post-info__terms-list-item\" href=\"https:\/\/musicasturiana.com\/tag\/villaviciosa\/\">Villaviciosa<\/a> <\/span> <\/span><\/li>\n<\/ul>\n<\/div>\n<\/div>\n<\/div>\n<p><!--more--><\/p>\n<div class=\"elementor-element elementor-element-a767a8c elementor-widget__width-inherit elementor-widget elementor-widget-theme-post-content\" data-id=\"a767a8c\" data-element_type=\"widget\" data-widget_type=\"theme-post-content.default\">\n<div class=\"elementor-widget-container\">\n<p>Del 4 al 7 de setiembre Villaviciosa va acoyer otru a\u00f1u m\u00e1s el<strong> Festival Internacional de la Gaita<\/strong> (FIG), que nesta ocasi\u00f3n llega a la so <strong>edici\u00f3n n\u00famberu dieciocho<\/strong>. Esti s\u00e1badu 19 de xunetu la<strong> Banda Gaites Villaviciosa \u2013 El Gaitero<\/strong> -organizadora del eventu- va presentar la <strong>programaci\u00f3n completa <\/strong>del eventu y, enantes, va entamar un taller de <strong>caxa d\u2019alta tensi\u00f3n<\/strong> que va dar el percusionista canadiense <strong>Ian Morris<\/strong>.<\/p>\n<p>&nbsp;<\/p>\n<p>La XVIII edici\u00f3n <strong>va tar formada <\/strong>por conciertos, charres, talleres, dos <em>Nueches Folk<\/em>, merc\u00e1u d\u2019artesan\u00eda, esposiciones, alcuentru de bandes de gaites, amuesa d\u2019artesanos d\u2019instrumentos musicales tradicionales, la decimocuarta edici\u00f3n del concursu de gaiteros <em>Memorial Jos\u00e9 Huerta<\/em>, la IX <em>Nueche en Danza del FIG<\/em> y<strong> otres sorpreses <\/strong>que va presentar la organizaci\u00f3n esti s\u00e1badu <strong>a les 18h nel Aten\u00e9u Obreru<\/strong> de Villaviciosa.<\/p>\n<p>Pa completar la xornada, dende\u2019l FIG entamen a les 16h una<strong> clase maxistral<\/strong> d\u2019Ian Morris, m\u00fasicu profesional canadiense qu\u2019angua\u00f1o reside en Xix\u00f3n. Tien <strong>formaci\u00f3n acad\u00e9mica<\/strong> n\u2019interpretaci\u00f3n de percusi\u00f3n, vien de desolcar el cargu de<strong> Director de Percusi\u00f3n de la Policia Real d\u2019Om\u00e1n<\/strong>, tien una bayurosa carrera dientro de bandes de gaites -ente les que destaca <strong>la Shotts and Dykehead Caledonia Pipe Band<\/strong>-, y algam\u00f3 dellos <strong>premios <\/strong>en campeonatos rellacionaos con estes agrupaciones. El taller de caxa d\u2019alta tensi\u00f3n que va dar ta <strong>empobin\u00e1u al mundu de la percusi\u00f3n pa banda de gaites<\/strong> y y\u00e1 ta abierta la <strong>inscripci\u00f3n <\/strong>por un preciu de 25 \u20ac a travi\u00e9s del corr\u00e9u <a href=\"mailto:festivalinternacionaldelagaita@gmail.com\">festivalinternacionaldelagaita@gmail.com<\/a>.<\/p>\n<h2 class=\"wp-block-heading\"><mark class=\"has-inline-color\">Un festival referente<\/mark><\/h2>\n<p>El Festival Internacional de la Gaita de Villaviciosa ye una de les<strong> cites imprescindibles de la escena folk y tradicional <\/strong>y tien la particularid\u00e1 de tar dedic\u00e1u a la difusi\u00f3n de les gaites del mundu y les sos respectives m\u00fasiques y cultures asociaes. L\u2019eventu cunta col sofitu del<strong> Ayuntamientu de Villaviciosa <\/strong>y del grupu <strong>El Gaitero<\/strong>, am\u00e1s de la hosteler\u00eda y del comerciu del conceyu y otres empreses y voluntarios y voluntaries. Tou esti <strong>trabayu colectivu<\/strong> da como result\u00e1u un eventu qu\u2019a lo llargo de cuatro d\u00edes axunta a <strong>miles de persones<\/strong> na capital maliaya.<\/p>\n<div class=\"wp-block-spacer\" style=\"text-align: center\" aria-hidden=\"true\"><a href=\"https:\/\/musicasturiana.com\/wp-content\/uploads\/2025\/07\/image-5.png\"><img loading=\"lazy\" decoding=\"async\" class=\"aligncenter size-large\" src=\"https:\/\/musicasturiana.com\/wp-content\/uploads\/2025\/07\/image-5.png\" width=\"772\" height=\"954\" \/><\/a><\/div>\n<\/div>\n<\/div>\n","protected":false},"excerpt":{"rendered":"<p>El FIG presenta esti s\u00e1badu\u2019l programa de la so XVIII edici\u00f3n y entama una clase maxistral de caxa. L&#8217;Aten\u00e9u Obreru de Villaviciosa acueye esta cita na que la organizaci\u00f3n va anunciar toles actividaes dempu\u00e9s del taller del canadiense Ian Morris Musicasturiana.com \/ Festivales, FIG, Gaita, Villaviciosa<\/p>\n","protected":false},"author":117,"featured_media":0,"comment_status":"closed","ping_status":"open","sticky":false,"template":"","format":"standard","meta":{"footnotes":""},"categories":[204,425,35,125],"tags":[],"class_list":["post-53163","post","type-post","status-publish","format-standard","hentry","category-festivales","category-gaita","category-musica","category-musicasturiana-com"],"_links":{"self":[{"href":"https:\/\/edublog.educastur.es\/ixuxu\/wp-json\/wp\/v2\/posts\/53163","targetHints":{"allow":["GET"]}}],"collection":[{"href":"https:\/\/edublog.educastur.es\/ixuxu\/wp-json\/wp\/v2\/posts"}],"about":[{"href":"https:\/\/edublog.educastur.es\/ixuxu\/wp-json\/wp\/v2\/types\/post"}],"author":[{"embeddable":true,"href":"https:\/\/edublog.educastur.es\/ixuxu\/wp-json\/wp\/v2\/users\/117"}],"replies":[{"embeddable":true,"href":"https:\/\/edublog.educastur.es\/ixuxu\/wp-json\/wp\/v2\/comments?post=53163"}],"version-history":[{"count":3,"href":"https:\/\/edublog.educastur.es\/ixuxu\/wp-json\/wp\/v2\/posts\/53163\/revisions"}],"predecessor-version":[{"id":53166,"href":"https:\/\/edublog.educastur.es\/ixuxu\/wp-json\/wp\/v2\/posts\/53163\/revisions\/53166"}],"wp:attachment":[{"href":"https:\/\/edublog.educastur.es\/ixuxu\/wp-json\/wp\/v2\/media?parent=53163"}],"wp:term":[{"taxonomy":"category","embeddable":true,"href":"https:\/\/edublog.educastur.es\/ixuxu\/wp-json\/wp\/v2\/categories?post=53163"},{"taxonomy":"post_tag","embeddable":true,"href":"https:\/\/edublog.educastur.es\/ixuxu\/wp-json\/wp\/v2\/tags?post=53163"}],"curies":[{"name":"wp","href":"https:\/\/api.w.org\/{rel}","templated":true}]}}