{"id":53167,"date":"2025-07-17T18:00:04","date_gmt":"2025-07-17T16:00:04","guid":{"rendered":"https:\/\/edublog.educastur.es\/ixuxu\/?p=53167"},"modified":"2025-07-18T14:18:42","modified_gmt":"2025-07-18T12:18:42","slug":"poema-deloy-sanchez-rosillo","status":"publish","type":"post","link":"https:\/\/edublog.educastur.es\/ixuxu\/2025\/07\/poema-deloy-sanchez-rosillo\/","title":{"rendered":"Poema d&#8217;Eloy S\u00e1nchez Rosillo"},"content":{"rendered":"<p><span style=\"color: #008080\"><em><span style=\"text-decoration: underline;font-size: 20px\"><strong>AVISU DE CAMINANTES<\/strong><\/span><\/em><\/span><\/p>\n<p><span style=\"color: #008080\"><em><span style=\"font-size: 20px\">Na suma de d\u00edes indistintos<\/span><\/em><\/span><br \/>\n<span style=\"color: #008080\"><em><span style=\"font-size: 20px\">que&#8217;l vivir dep\u00e1ranos, quiciabes hai unu<\/span><\/em><\/span><br \/>\n<span style=\"color: #008080\"><em><span style=\"font-size: 20px\">en que&#8217;l dest\u00edn, tr\u00e1xicu y formosu,<\/span><\/em><\/span><br \/>\n<span style=\"color: #008080\"><em><span style=\"font-size: 20px\">pasa pel nuesu llau y l&#8217;azar manifiesta<\/span><\/em><\/span><br \/>\n<span style=\"color: #008080\"><em><span style=\"font-size: 20px\">una ins\u00f3lita lluz, un desus\u00e1u<\/span><\/em><\/span><br \/>\n<span style=\"color: #008080\"><em><span style=\"font-size: 20px\">reblaneda inconfundible.<\/span><\/em><\/span><\/p>\n<p><span style=\"color: #008080\"><em><span style=\"font-size: 20px\">Pero nun has de duldar. Ten el coraxe,<\/span><\/em><\/span><br \/>\n<span style=\"color: #008080\"><em><span style=\"font-size: 20px\">cuando llegue&#8217;l momentu,<\/span><\/em><\/span><br \/>\n<span style=\"color: #008080\"><em><span style=\"font-size: 20px\">d&#8217;abandonar les coses con que siempres<\/span><\/em><\/span><br \/>\n<span style=\"color: #008080\"><em><span style=\"font-size: 20px\">enga\u00f1\u00f3te&#8217;l costume, y xube llueu<\/span><\/em><\/span><br \/>\n<span style=\"color: #008080\"><em><span style=\"font-size: 20px\">a esi carru de fueu.<\/span><\/em><\/span><\/p>\n<p><span style=\"color: #008080\"><em><span style=\"font-size: 20px\">\u2014\u2014\u2014\u2014\u2014\u2014\u2014\u2014\u2014-Poco dura<br \/>\n<\/span><\/em><\/span><span style=\"color: #008080\"><em><span style=\"font-size: 20px\">el milagru.<br \/>\n<\/span><\/em><\/span><span style=\"color: #008080\"><em><span style=\"font-size: 20px\">\u2014\u2014\u2014\u2014\u2013Dempu\u00e9s, si neg\u00e1reste<br \/>\n<\/span><\/em><\/span><span style=\"color: #008080\"><em><span style=\"font-size: 20px\">a partir, nam\u00e1 nueche<br \/>\n<\/span><\/em><\/span><span style=\"color: #008080\"><em><span style=\"font-size: 20px\">vas merecer. Y nunca, anque quixeres,<br \/>\n<\/span><\/em><\/span><span style=\"color: #008080\"><em><span style=\"font-size: 20px\">vas poder mercar la lluz que despreciasti.<\/span><\/em><\/span><\/p>\n<p><!--more--><\/p>\n<ul>\n<li><a href=\"https:\/\/www.eloysanchezrosillo.com\/\">Web<\/a> \/ <a href=\"https:\/\/www.eloysanchezrosillo.com\/poemas\/\">poemes<\/a> \/ <a href=\"https:\/\/elpais.com\/babelia\/2025-06-04\/venir-desde-tan-lejos-sedimentos-del-largo-viaje-de-eloy-sanchez-rosillo.html\">El Pa\u00eds<\/a> \/<\/li>\n<li><em>Venir desde tan lejos<\/em>, Marginales (Nuevos Textos Sagrados), 332, Barcelona, Tusquets Editores [abril], 2025, 140 pp.<\/li>\n<\/ul>\n<p><span style=\"color: #800000\"><strong>\u2018Venir dende tan llue\u00f1e\u2019<\/strong><\/span>, sedimentos del llargu viaxe d&#8217;Eloy S\u00e1nchez Rosillo. Nel \u00faltimu llibru del poeta murcianu, siempres fiel a una s\u00edntesis dial\u00e9ctica ente lo contemplativo y la meditaci\u00f3n, cobra xuna especial intensid\u00e1&#8217;l pasu del tiempu, la memoria fundida col presente.<\/p>\n<p>&nbsp;<\/p>\n<h3 style=\"text-align: center\"><a href=\"https:\/\/www.eloysanchezrosillo.com\/wp-content\/uploads\/2022\/06\/2013-10-22-e1655306671533-548x551.webp\"><img loading=\"lazy\" decoding=\"async\" class=\"aligncenter size-large\" src=\"https:\/\/www.eloysanchezrosillo.com\/wp-content\/uploads\/2022\/06\/2013-10-22-e1655306671533-548x551.webp\" width=\"548\" height=\"551\" \/><\/a><\/h3>\n<h3><\/h3>\n<h3><span class=\"et-dropcap\">A<\/span>VISO DE CAMINANTES<\/h3>\n<p>&nbsp;<\/p>\n<p>EN la suma de d\u00edas indistintos<\/p>\n<p>que el vivir nos depara, acaso hay uno<\/p>\n<p>en que el destino, tr\u00e1gico y hermoso,<\/p>\n<p>pasa por nuestro lado y el azar manifiesta<\/p>\n<p>una ins\u00f3lita luz, un desusado<\/p>\n<p>fulgor inconfundible.<\/p>\n<p>Pero no has de dudar. Ten el coraje,<\/p>\n<p>cuando llegue el momento,<\/p>\n<p>de abandonar las cosas con que siempre<\/p>\n<p>te enga\u00f1\u00f3 la costumbre, y sube pronto<\/p>\n<p>a ese carro de fuego.<\/p>\n<p>\u2014\u2014\u2014\u2014\u2014\u2014\u2014\u2014\u2014-Poco dura<\/p>\n<p>el milagro.<\/p>\n<p>\u2014\u2014\u2014\u2014\u2013Despu\u00e9s, si te negaras<\/p>\n<p>a partir, s\u00f3lo noche<\/p>\n<p>merecer\u00e1s. Y nunca, aunque quisieras,<\/p>\n<p>podr\u00e1s comprar la luz que despreciaste.<\/p>\n","protected":false},"excerpt":{"rendered":"<p>AVISU DE CAMINANTES Na suma de d\u00edes indistintos que&#8217;l vivir dep\u00e1ranos, quiciabes hai unu en que&#8217;l dest\u00edn, tr\u00e1xicu y formosu, pasa pel nuesu llau y l&#8217;azar manifiesta una ins\u00f3lita lluz, un desus\u00e1u reblaneda inconfundible. Pero nun has de duldar. Ten el coraxe, cuando llegue&#8217;l momentu, d&#8217;abandonar les coses con que siempres enga\u00f1\u00f3te&#8217;l costume, y xube [&hellip;]<\/p>\n","protected":false},"author":117,"featured_media":0,"comment_status":"closed","ping_status":"open","sticky":false,"template":"","format":"standard","meta":{"footnotes":""},"categories":[39],"tags":[],"class_list":["post-53167","post","type-post","status-publish","format-standard","hentry","category-poesia"],"_links":{"self":[{"href":"https:\/\/edublog.educastur.es\/ixuxu\/wp-json\/wp\/v2\/posts\/53167","targetHints":{"allow":["GET"]}}],"collection":[{"href":"https:\/\/edublog.educastur.es\/ixuxu\/wp-json\/wp\/v2\/posts"}],"about":[{"href":"https:\/\/edublog.educastur.es\/ixuxu\/wp-json\/wp\/v2\/types\/post"}],"author":[{"embeddable":true,"href":"https:\/\/edublog.educastur.es\/ixuxu\/wp-json\/wp\/v2\/users\/117"}],"replies":[{"embeddable":true,"href":"https:\/\/edublog.educastur.es\/ixuxu\/wp-json\/wp\/v2\/comments?post=53167"}],"version-history":[{"count":6,"href":"https:\/\/edublog.educastur.es\/ixuxu\/wp-json\/wp\/v2\/posts\/53167\/revisions"}],"predecessor-version":[{"id":53323,"href":"https:\/\/edublog.educastur.es\/ixuxu\/wp-json\/wp\/v2\/posts\/53167\/revisions\/53323"}],"wp:attachment":[{"href":"https:\/\/edublog.educastur.es\/ixuxu\/wp-json\/wp\/v2\/media?parent=53167"}],"wp:term":[{"taxonomy":"category","embeddable":true,"href":"https:\/\/edublog.educastur.es\/ixuxu\/wp-json\/wp\/v2\/categories?post=53167"},{"taxonomy":"post_tag","embeddable":true,"href":"https:\/\/edublog.educastur.es\/ixuxu\/wp-json\/wp\/v2\/tags?post=53167"}],"curies":[{"name":"wp","href":"https:\/\/api.w.org\/{rel}","templated":true}]}}