{"id":53172,"date":"2025-07-17T18:11:00","date_gmt":"2025-07-17T16:11:00","guid":{"rendered":"https:\/\/edublog.educastur.es\/ixuxu\/?p=53172"},"modified":"2025-07-17T18:11:00","modified_gmt":"2025-07-17T16:11:00","slug":"festival-escena-en-santolaya-cabranes-el-26-de-xunetu","status":"publish","type":"post","link":"https:\/\/edublog.educastur.es\/ixuxu\/2025\/07\/festival-escena-en-santolaya-cabranes-el-26-de-xunetu\/","title":{"rendered":"Festival Escena, en Santolaya Cabranes, el 26 de xunetu"},"content":{"rendered":"<p>Hai un llugar: Santolaya Cabranes, hai una fecha: 26 de xunetu 2025 onde les d\u00f3mines, la ed\u00e1, el tiempu entemecen <span style=\"color: #008080\"><strong>FESTIVAL ESCENA<\/strong><\/span>, ensin inscripci\u00f3n previa, gratuitu, nam\u00e1 ye necesaria la to presencia.<\/p>\n<p style=\"text-align: center\">\n<!-- iframe plugin v.6.0 wordpress.org\/plugins\/iframe\/ -->\n<iframe loading=\"lazy\" src=\"https:\/\/www.facebook.com\/plugins\/post.php?href=https%3A%2F%2Fwww.facebook.com%2Fpinceladasdeasturias%2Fposts%2Fpfbid0mHTNbNvKAYTrVUAxtU9JN4Nt9jZmcoe9CaJKGaVNCMNYJyHgTs6STazmopdzfz5Dl&#038;show_text=false&#038;width=500\" width=\"500\" height=\"498\" style=\"border:none;overflow:hidden\" scrolling=\"no\" frameborder=\"0\" allowfullscreen=\"true\" allow=\"autoplay; clipboard-write; encrypted-media; picture-in-picture; web-share\" 0=\"\/iframe\" class=\"iframe-class\"><\/iframe>\n<\/p>\n","protected":false},"excerpt":{"rendered":"<p>Hai un llugar: Santolaya Cabranes, hai una fecha: 26 de xunetu 2025 onde les d\u00f3mines, la ed\u00e1, el tiempu entemecen FESTIVAL ESCENA, ensin inscripci\u00f3n previa, gratuitu, nam\u00e1 ye necesaria la to presencia.<\/p>\n","protected":false},"author":117,"featured_media":0,"comment_status":"closed","ping_status":"open","sticky":false,"template":"","format":"standard","meta":{"footnotes":""},"categories":[204],"tags":[],"class_list":["post-53172","post","type-post","status-publish","format-standard","hentry","category-festivales"],"_links":{"self":[{"href":"https:\/\/edublog.educastur.es\/ixuxu\/wp-json\/wp\/v2\/posts\/53172","targetHints":{"allow":["GET"]}}],"collection":[{"href":"https:\/\/edublog.educastur.es\/ixuxu\/wp-json\/wp\/v2\/posts"}],"about":[{"href":"https:\/\/edublog.educastur.es\/ixuxu\/wp-json\/wp\/v2\/types\/post"}],"author":[{"embeddable":true,"href":"https:\/\/edublog.educastur.es\/ixuxu\/wp-json\/wp\/v2\/users\/117"}],"replies":[{"embeddable":true,"href":"https:\/\/edublog.educastur.es\/ixuxu\/wp-json\/wp\/v2\/comments?post=53172"}],"version-history":[{"count":1,"href":"https:\/\/edublog.educastur.es\/ixuxu\/wp-json\/wp\/v2\/posts\/53172\/revisions"}],"predecessor-version":[{"id":53173,"href":"https:\/\/edublog.educastur.es\/ixuxu\/wp-json\/wp\/v2\/posts\/53172\/revisions\/53173"}],"wp:attachment":[{"href":"https:\/\/edublog.educastur.es\/ixuxu\/wp-json\/wp\/v2\/media?parent=53172"}],"wp:term":[{"taxonomy":"category","embeddable":true,"href":"https:\/\/edublog.educastur.es\/ixuxu\/wp-json\/wp\/v2\/categories?post=53172"},{"taxonomy":"post_tag","embeddable":true,"href":"https:\/\/edublog.educastur.es\/ixuxu\/wp-json\/wp\/v2\/tags?post=53172"}],"curies":[{"name":"wp","href":"https:\/\/api.w.org\/{rel}","templated":true}]}}