{"id":53182,"date":"2025-07-17T18:40:45","date_gmt":"2025-07-17T16:40:45","guid":{"rendered":"https:\/\/edublog.educastur.es\/ixuxu\/?p=53182"},"modified":"2025-07-17T19:58:54","modified_gmt":"2025-07-17T17:58:54","slug":"coldplay-va-protagonizar-el-primer-show-de-mediu-tiempu-na-final-del-mundial-2026","status":"publish","type":"post","link":"https:\/\/edublog.educastur.es\/ixuxu\/2025\/07\/coldplay-va-protagonizar-el-primer-show-de-mediu-tiempu-na-final-del-mundial-2026\/","title":{"rendered":"Coldplay va protagonizar el primer show de mediu tiempu na final del Mundial 2026"},"content":{"rendered":"<div class=\"html-div xdj266r xat24cr x1lziwak xexx8yu xyri2b x18d9i69 x1c1uobl x78zum5 x2lah0s xqtp20y x1xegmmw\">\n<div class=\"xc9qbxq x14qfxbe x6s0dn4 x78zum5 xl56j7k\">\n<div class=\"\" style=\"text-align: center\">\n<!-- iframe plugin v.6.0 wordpress.org\/plugins\/iframe\/ -->\n<iframe loading=\"lazy\" src=\"https:\/\/www.facebook.com\/plugins\/post.php?href=https%3A%2F%2Fwww.facebook.com%2Fmicoldradio%2Fposts%2Fpfbid0262KCGL3QJJRSgAMiaraRLPbKurBY4Qwr8BvQUfLPRypRZrarAfeUSQTDMxuCM83Jl&#038;show_text=false&#038;width=500\" width=\"500\" height=\"498\" style=\"border:none;overflow:hidden\" scrolling=\"no\" frameborder=\"0\" allowfullscreen=\"true\" allow=\"autoplay; clipboard-write; encrypted-media; picture-in-picture; web-share\" 0=\"\/iframe\" class=\"iframe-class\"><\/iframe>\n<\/div>\n<\/div>\n<\/div>\n<div class=\"html-div xdj266r x14z9mp xat24cr x1lziwak xexx8yu xyri2b x18d9i69 x1c1uobl\" dir=\"auto\">\n<div class=\"html-div xdj266r x14z9mp xat24cr x1lziwak xexx8yu xyri2b x18d9i69 x1c1uobl\" dir=\"auto\">\n<div class=\"html-div xdj266r x14z9mp xat24cr x1lziwak xexx8yu xyri2b x18d9i69 x1c1uobl\" data-ad-rendering-role=\"story_message\">\n<div class=\"x1l90r2v x1iorvi4 x1g0dm76 xpdmqnj\" data-ad-comet-preview=\"message\" data-ad-preview=\"message\">\n<div class=\"x78zum5 xdt5ytf xz62fqu x16ldp7u\">\n<div class=\"xu06os2 x1ok221b\">\n<div class=\"html-div xdj266r x14z9mp xat24cr x1lziwak xexx8yu xyri2b x18d9i69 x1c1uobl\">\n<div class=\"x14z9mp xat24cr x1lziwak x1vvkbs xtlvy1s x126k92a\">\n<div dir=\"auto\"><\/div>\n<div dir=\"auto\">La<strong><a href=\"https:\/\/www.fifa.com\/es\"> FIFA<\/a><\/strong> anunci\u00f3 que Coldplay va ser la banda encargada de protagonizar el primer show de mediu tiempu na final del Mundial 2026, nun apueste por retrucar l&#8217;estilu del Super Bowl. <span style=\"color: #008080\"><strong>Chris Martin<\/strong><\/span>, vocalista del grupu brit\u00e1nicu, lidera&#8217;l proyectu al pie de la FIFA, <strong>buscando ufiertar una esperiencia \u00fanica pa los fan\u00e1ticos del f\u00fatbol y la m\u00fasica.<\/strong><\/div>\n<div dir=\"auto\">\n<p><!--more--><\/p>\n<\/div>\n<div dir=\"auto\"><em>\u201cTamos \u00e9nte un momentu ensin precedentes na hestoria del f\u00fatbol\u201d<\/em>, espres\u00f3 Gianni Infantino nes sos redes sociales, depu\u00e9s d&#8217;una conferencia en Dallas.<\/div>\n<div dir=\"auto\"><\/div>\n<div dir=\"auto\" style=\"text-align: center\">\n<!-- iframe plugin v.6.0 wordpress.org\/plugins\/iframe\/ -->\n<iframe loading=\"lazy\" width=\"10%\" height=\"423\" src=\"https:\/\/www.youtube.com\/embed\/RdGnlSIXVY0\" title=\"Coldplay Gives Surprise Performance at FIFA Club World Cup Final\" frameborder=\"0\" allow=\"accelerometer; autoplay; clipboard-write; encrypted-media; gyroscope; picture-in-picture; web-share\" referrerpolicy=\"strict-origin-when-cross-origin\" 0=\"allowfullscreen\" 1=\"\/iframe\" scrolling=\"yes\" class=\"iframe-class\"><\/iframe>\n<\/div>\n<div dir=\"auto\"><\/div>\n<div dir=\"auto\" style=\"text-align: center\">\n<!-- iframe plugin v.6.0 wordpress.org\/plugins\/iframe\/ -->\n<iframe loading=\"lazy\" width=\"100%\" height=\"423\" src=\"https:\/\/www.youtube.com\/embed\/-12ewbPFb70\" title=\"Half-time show FIFA Club World Cup | DAZN\" frameborder=\"0\" allow=\"accelerometer; autoplay; clipboard-write; encrypted-media; gyroscope; picture-in-picture; web-share\" referrerpolicy=\"strict-origin-when-cross-origin\" 0=\"allowfullscreen\" 1=\"\/iframe\" scrolling=\"yes\" class=\"iframe-class\"><\/iframe>\n<\/div>\n<div dir=\"auto\" style=\"text-align: center\"><\/div>\n<\/div>\n<\/div>\n<\/div>\n<\/div>\n<\/div>\n<\/div>\n<\/div>\n<\/div>\n<p>&nbsp;<\/p>\n","protected":false},"excerpt":{"rendered":"<p>La FIFA anunci\u00f3 que Coldplay va ser la banda encargada de protagonizar el primer show de mediu tiempu na final del Mundial 2026, nun apueste por retrucar l&#8217;estilu del Super Bowl. Chris Martin, vocalista del grupu brit\u00e1nicu, lidera&#8217;l proyectu al pie de la FIFA, buscando ufiertar una esperiencia \u00fanica pa los fan\u00e1ticos del f\u00fatbol y [&hellip;]<\/p>\n","protected":false},"author":117,"featured_media":0,"comment_status":"closed","ping_status":"open","sticky":false,"template":"","format":"standard","meta":{"footnotes":""},"categories":[133,35],"tags":[],"class_list":["post-53182","post","type-post","status-publish","format-standard","hentry","category-deportes","category-musica"],"_links":{"self":[{"href":"https:\/\/edublog.educastur.es\/ixuxu\/wp-json\/wp\/v2\/posts\/53182","targetHints":{"allow":["GET"]}}],"collection":[{"href":"https:\/\/edublog.educastur.es\/ixuxu\/wp-json\/wp\/v2\/posts"}],"about":[{"href":"https:\/\/edublog.educastur.es\/ixuxu\/wp-json\/wp\/v2\/types\/post"}],"author":[{"embeddable":true,"href":"https:\/\/edublog.educastur.es\/ixuxu\/wp-json\/wp\/v2\/users\/117"}],"replies":[{"embeddable":true,"href":"https:\/\/edublog.educastur.es\/ixuxu\/wp-json\/wp\/v2\/comments?post=53182"}],"version-history":[{"count":9,"href":"https:\/\/edublog.educastur.es\/ixuxu\/wp-json\/wp\/v2\/posts\/53182\/revisions"}],"predecessor-version":[{"id":53191,"href":"https:\/\/edublog.educastur.es\/ixuxu\/wp-json\/wp\/v2\/posts\/53182\/revisions\/53191"}],"wp:attachment":[{"href":"https:\/\/edublog.educastur.es\/ixuxu\/wp-json\/wp\/v2\/media?parent=53182"}],"wp:term":[{"taxonomy":"category","embeddable":true,"href":"https:\/\/edublog.educastur.es\/ixuxu\/wp-json\/wp\/v2\/categories?post=53182"},{"taxonomy":"post_tag","embeddable":true,"href":"https:\/\/edublog.educastur.es\/ixuxu\/wp-json\/wp\/v2\/tags?post=53182"}],"curies":[{"name":"wp","href":"https:\/\/api.w.org\/{rel}","templated":true}]}}