{"id":53204,"date":"2025-07-17T19:14:57","date_gmt":"2025-07-17T17:14:57","guid":{"rendered":"https:\/\/edublog.educastur.es\/ixuxu\/?p=53204"},"modified":"2025-07-17T20:25:31","modified_gmt":"2025-07-17T18:25:31","slug":"53204","status":"publish","type":"post","link":"https:\/\/edublog.educastur.es\/ixuxu\/2025\/07\/53204\/","title":{"rendered":"Una de les meyores fiestes del branu asturianu: La fiesta indiana en Bual"},"content":{"rendered":"<ul>\n<li>Fonte:<a href=\"https:\/\/www.larazon.es\/asturias\/esta-mejores-fiestas-verano-asturiano-celebra-este-fin-semana_202507156874c376525aa26f9a4be33b.html\"> La Raz\u00f3n<\/a> \/<\/li>\n<\/ul>\n<p style=\"text-align: center\"><a href=\"https:\/\/fotografias.larazon.es\/clipping\/cmsimages01\/2025\/07\/14\/6B48866A-B5C0-4FA5-98A4-43AEE36682FB\/fiesta-indiana-boal-cartel-este-ano_97.jpg?crop=801,451,x0,y570&amp;width=1600&amp;height=900&amp;optimize=low&amp;format=webply\"><img loading=\"lazy\" decoding=\"async\" class=\"aligncenter size-large\" src=\"https:\/\/fotografias.larazon.es\/clipping\/cmsimages01\/2025\/07\/14\/6B48866A-B5C0-4FA5-98A4-43AEE36682FB\/fiesta-indiana-boal-cartel-este-ano_97.jpg?crop=801,451,x0,y570&amp;width=1600&amp;height=900&amp;optimize=low&amp;format=webply\" width=\"1600\" height=\"900\" \/><\/a><\/p>\n<p>Esta ye una de les meyores fiestes del branu asturianu y cel\u00e9brase esta fin de selmana. Tou&#8217;l pueblu arr\u00e9yase visti\u00e9ndose de blancu, con sombreros, perlles y hai conciertos y comida d&#8217;hermand\u00e1. <strong>La fiesta indiana en Bual<\/strong>, col so cartelu d&#8217;angua\u00f1o.<\/p>\n<p><!--more--><\/p>\n<p>El branu ufierta bien de fiestes y actividaes, pero g\u00fcei vamos afayar una fiesta distinta y que namora a quien participen nella. Ye una fiesta con un encantu especial y que <strong>se cre\u00f3 n&#8217;homenaxe a los or\u00edxenes del propiu pueblu onde se celebra<\/strong>, falamos de la fiesta indiana \u00abVuelven los americanos\u00bb que va tener llugar en Bual esta fin de selmana.<\/p>\n<p>Con bien d&#8217;esfuerzu vienen trabayando dende va a\u00f1os los sos organizadores, que tuvieron la brillosa idea d&#8217;homenaxar a toes esa xente qu&#8217;un d\u00eda coy\u00f3 la maleta dende esti peque\u00f1u puebl\u00edn asturianu para buscase una vida meyor nel otru llau del mundu.<\/p>\n<p>Pero non solo eso, l&#8217;esfuerzu de los qu&#8217;emigraron va m\u00e1s all\u00e1, y\u00e1 que nunca s&#8217;escaecieron de los sos or\u00edxenes nin de los sos pueblos, y gracies al dineru qu&#8217;ellos unviaben dende llugares como M\u00e9xico, Cuba o Arxentina, ente otros, les sos families pudieron tener una vida meyor.<\/p>\n<p>Los indianos financiaron escueles y llavaderos que fueron fundamentales pa una vida meyor en Bual. La escuela de les Graduaes, financiada por ellos, ent\u00e1 sigue en funcionamientu.<\/p>\n<p style=\"text-align: center\"><a href=\"https:\/\/asturiaspordescubrir.com\/wp-content\/uploads\/2010\/12\/villa-anita-indianos-boal.jpg\"><img loading=\"lazy\" decoding=\"async\" class=\"aligncenter size-large\" src=\"https:\/\/asturiaspordescubrir.com\/wp-content\/uploads\/2010\/12\/villa-anita-indianos-boal.jpg\" width=\"1200\" height=\"622\" \/><\/a><\/p>\n<p style=\"text-align: center\"><a href=\"https:\/\/asturiaspordescubrir.com\/articulos\/casa-de-indianos-villa-anita\/\">Villa Anita<\/a>, la casa m\u00e1s fotografiada d&#8217;Asturies. <a href=\"https:\/\/asturiaspordescubrir.com\/articulos\/villa-anita-en-boal-asturias\/\">Ver<\/a><\/p>\n<p>La fiesta indiana ye una fin de selmana de celebraci\u00f3n nel que tol pueblu vistise de blancu, al igual que la xente que vien de fora a celebrar esti d\u00eda tan especial. L&#8217;ambiente indiano apod\u00e9rase de <strong>Bual, que ye una de les villes indianes d&#8217;Asturies<\/strong> y que cunta con una amplia colecci\u00f3n de casones indianes que nun pasen desapercib\u00edes. Ente elles, destaca Villa Anita, una preciosa casona que destaca pola so arquitectura y pola guapura singular de los azulexos del esterior. Villa Anita ye una de les cases m\u00e1s fotografiaes y d&#8217;Asturies y non, non estra\u00f1a.<\/p>\n<p>Angua\u00f1o cel\u00e9brase la octava edici\u00f3n y entam\u00e1ronse delles actividaes pa la fin de selmana. Pero lo m\u00e1s importante ye que tol mundu ta convid\u00e1u a participar, que los sones cubanos anubren el pueblu, prep\u00e1rense mojitos y pi\u00f1es colaes, hai visites empuestes pol patrimoniu bual\u00e9s indianu, conciertos, taller de baille, comida d&#8217;hermand\u00e1, am\u00e1s d&#8217;esposiciones, talleres de bailles. Angua\u00f1o va inaugurase el mural de l&#8217;artista Mar\u00eda del Roxo, que pint\u00f3 n&#8217;homenaxe a la emigraci\u00f3n.<\/p>\n","protected":false},"excerpt":{"rendered":"<p>Fonte: La Raz\u00f3n \/ Esta ye una de les meyores fiestes del branu asturianu y cel\u00e9brase esta fin de selmana. Tou&#8217;l pueblu arr\u00e9yase visti\u00e9ndose de blancu, con sombreros, perlles y hai conciertos y comida d&#8217;hermand\u00e1. La fiesta indiana en Bual, col so cartelu d&#8217;angua\u00f1o.<\/p>\n","protected":false},"author":117,"featured_media":0,"comment_status":"closed","ping_status":"open","sticky":false,"template":"","format":"standard","meta":{"footnotes":""},"categories":[21],"tags":[],"class_list":["post-53204","post","type-post","status-publish","format-standard","hentry","category-fiestes"],"_links":{"self":[{"href":"https:\/\/edublog.educastur.es\/ixuxu\/wp-json\/wp\/v2\/posts\/53204","targetHints":{"allow":["GET"]}}],"collection":[{"href":"https:\/\/edublog.educastur.es\/ixuxu\/wp-json\/wp\/v2\/posts"}],"about":[{"href":"https:\/\/edublog.educastur.es\/ixuxu\/wp-json\/wp\/v2\/types\/post"}],"author":[{"embeddable":true,"href":"https:\/\/edublog.educastur.es\/ixuxu\/wp-json\/wp\/v2\/users\/117"}],"replies":[{"embeddable":true,"href":"https:\/\/edublog.educastur.es\/ixuxu\/wp-json\/wp\/v2\/comments?post=53204"}],"version-history":[{"count":3,"href":"https:\/\/edublog.educastur.es\/ixuxu\/wp-json\/wp\/v2\/posts\/53204\/revisions"}],"predecessor-version":[{"id":53207,"href":"https:\/\/edublog.educastur.es\/ixuxu\/wp-json\/wp\/v2\/posts\/53204\/revisions\/53207"}],"wp:attachment":[{"href":"https:\/\/edublog.educastur.es\/ixuxu\/wp-json\/wp\/v2\/media?parent=53204"}],"wp:term":[{"taxonomy":"category","embeddable":true,"href":"https:\/\/edublog.educastur.es\/ixuxu\/wp-json\/wp\/v2\/categories?post=53204"},{"taxonomy":"post_tag","embeddable":true,"href":"https:\/\/edublog.educastur.es\/ixuxu\/wp-json\/wp\/v2\/tags?post=53204"}],"curies":[{"name":"wp","href":"https:\/\/api.w.org\/{rel}","templated":true}]}}