{"id":53208,"date":"2025-07-17T19:25:47","date_gmt":"2025-07-17T17:25:47","guid":{"rendered":"https:\/\/edublog.educastur.es\/ixuxu\/?p=53208"},"modified":"2025-07-17T20:29:59","modified_gmt":"2025-07-17T18:29:59","slug":"picos-deuropa-uno-de-los-quince-meyores-destinos-deuropa-para-les-vacaciones","status":"publish","type":"post","link":"https:\/\/edublog.educastur.es\/ixuxu\/2025\/07\/picos-deuropa-uno-de-los-quince-meyores-destinos-deuropa-para-les-vacaciones\/","title":{"rendered":"Picos d&#8217;Europa: Uno de los quince meyores destinos d&#8217;Europa pa les vacaciones."},"content":{"rendered":"<ul>\n<li><a href=\"https:\/\/www.lavozdeasturias.es\/noticia\/viral\/2025\/07\/09\/the-guardian-selecciona-lugar-asturias-quince-mejores-destinos-europa-vacaciones\/00031752079030355550991.htm\">La Voz<\/a> \/ <a href=\"https:\/\/www.theguardian.com\/europe\">The Guardian<\/a><\/li>\n<\/ul>\n<p style=\"text-align: center\"><a href=\"https:\/\/img.lavdg.com\/sc\/4cSozWxGW8-x2YODyZXaIFZoNYg=\/768x\/2024\/09\/19\/00121726763985309768483\/Foto\/pcos2.jpg\"><img loading=\"lazy\" decoding=\"async\" class=\"aligncenter size-large\" src=\"https:\/\/img.lavdg.com\/sc\/4cSozWxGW8-x2YODyZXaIFZoNYg=\/768x\/2024\/09\/19\/00121726763985309768483\/Foto\/pcos2.jpg\" width=\"768\" height=\"432\" \/><\/a><\/p>\n<p><a href=\"https:\/\/www.theguardian.com\/europe\">The Guardian<\/a> escueye esti llugar d&#8217;Asturies como uno de los quince meyores destinos d&#8217;Europa para les vacaciones: Picos d&#8217;Europa. El diariu brit\u00e1nicu escoy\u00f3 una zona del Princip\u00e1u como \u00abuna escelente alternativa\u00bb a la mari\u00f1a para esti branu.<\/p>\n<p><!--more--><\/p>\n<p>Qu&#8217;Asturies se convirti\u00f3 n&#8217;unu de los llugares m\u00e1s tur\u00edsticos de los \u00faltimos a\u00f1os, especialmente dende la pandemia, nun ye un secretu para naide. La so naturaleza, paisaxes, sableres, clima y gastronom\u00eda atraen a miles de persones toes los a\u00f1os al Princip\u00e1u, pero esta vegada foi un mediu internacional quien reconoci\u00f3 unu de los rincones asturianos como unu de los meyores de toa Europa pa esfrutar del monte.<\/p>\n<p>Quien escoy\u00f3 esti cachu d&#8217;Asturies como unu de los meyores llugares d&#8217;Europa foi&#8217;l diariu brit\u00e1nicu <strong>\u00abThe Guardian\u00bb, que fixo una selecci\u00f3n de los 15 meyores llagos y montes del vieyu continente pa pasar les vacaciones de branu.<\/strong> Como representante d&#8217;Espa\u00f1a y el Princip\u00e1u escoy\u00f3 los Picos d&#8217;Europa, pero nel so art\u00edculu tami\u00e9n puedes ver cordales suizos, italianes o escoceses que, al so xuiciu, \u00abcon un aire m\u00e1s fresco, menos aglomeraciones y precios m\u00e1s baxos\u00bb son \u00abuna escelente alternativa a la mari\u00f1a\u00bb.<\/p>\n<p>Esti mediu<strong> describe&#8217;l cordal asturianu como \u00abel llau m\u00e1s esllumante d&#8217;Espa\u00f1a\u00bb<\/strong>, atendiendo al criteriu de la clasificaci\u00f3n. <span style=\"color: #008080\"><em>\u00abNel Parque Nacional de los Picos d&#8217;Europa, de 650 kil\u00f3metros cuadraos, allug\u00e1u nel Cordal Cant\u00e1bricu, al norte, puedes faer senderismu ente picos serrapatosos chiscaos de llagos, antiguos montes de carbayos y hayas, y fondos valles cubiertos de flores monteses, onde&#8217;l silenciu ye tal que puedes oyer los llat\u00edos del to propiu coraz\u00f3n\u2026 o quiciabes el berru d&#8217;una \u00e1guila real\u00bb<\/em><\/span>, afirma.<\/p>\n<p>Y ye qu&#8217;esti sistema montascosu que s&#8217;estiende ente Asturies, Cantabria y Castiella y Lli\u00f3n alluga na so interior xoyes como los Llagos de Cuadonga, d&#8217;orixe glaciar y arrodiaos de camperes onde ent\u00e1 pastien vaques llecheres; el maxestosu cume de Torrecerredo, el picu m\u00e1s altu del macizu (2.648 m); o&#8217;l telef\u00e9ricu de Fonte De, que salva un desnivel de 750 metros pa regalar al viaxeru unes vistes inigualables sobre&#8217;l valle de Ll\u00e9bana.<\/p>\n<p>Am\u00e1s de tener zones como les mentaes qu&#8217;esllumen poles sos vistes y la riqueza de los sos paisaxes, los Picos d&#8217;Europa tami\u00e9n destaquen pola so riqueza cultural y gastron\u00f3mica. Cuenta con pueblos de piedra como Bulnes, accesible solu a cuerpu o en funicular, o Sotres, unu de los m\u00e1s altos d&#8217;Asturies, que caltienen intactu l&#8217;encantu rural. Tami\u00e9n tien impresionantes rutes de senderismo como la Garganta del Cares, y pa reponer fuerces, puede probase el t\u00edpicu quesu Cabrales madurec\u00edu en cueves naturales.<\/p>\n","protected":false},"excerpt":{"rendered":"<p>La Voz \/ The Guardian The Guardian escueye esti llugar d&#8217;Asturies como uno de los quince meyores destinos d&#8217;Europa para les vacaciones: Picos d&#8217;Europa. El diariu brit\u00e1nicu escoy\u00f3 una zona del Princip\u00e1u como \u00abuna escelente alternativa\u00bb a la mari\u00f1a para esti branu.<\/p>\n","protected":false},"author":117,"featured_media":0,"comment_status":"closed","ping_status":"open","sticky":false,"template":"","format":"standard","meta":{"footnotes":""},"categories":[18],"tags":[],"class_list":["post-53208","post","type-post","status-publish","format-standard","hentry","category-turismu"],"_links":{"self":[{"href":"https:\/\/edublog.educastur.es\/ixuxu\/wp-json\/wp\/v2\/posts\/53208","targetHints":{"allow":["GET"]}}],"collection":[{"href":"https:\/\/edublog.educastur.es\/ixuxu\/wp-json\/wp\/v2\/posts"}],"about":[{"href":"https:\/\/edublog.educastur.es\/ixuxu\/wp-json\/wp\/v2\/types\/post"}],"author":[{"embeddable":true,"href":"https:\/\/edublog.educastur.es\/ixuxu\/wp-json\/wp\/v2\/users\/117"}],"replies":[{"embeddable":true,"href":"https:\/\/edublog.educastur.es\/ixuxu\/wp-json\/wp\/v2\/comments?post=53208"}],"version-history":[{"count":2,"href":"https:\/\/edublog.educastur.es\/ixuxu\/wp-json\/wp\/v2\/posts\/53208\/revisions"}],"predecessor-version":[{"id":53210,"href":"https:\/\/edublog.educastur.es\/ixuxu\/wp-json\/wp\/v2\/posts\/53208\/revisions\/53210"}],"wp:attachment":[{"href":"https:\/\/edublog.educastur.es\/ixuxu\/wp-json\/wp\/v2\/media?parent=53208"}],"wp:term":[{"taxonomy":"category","embeddable":true,"href":"https:\/\/edublog.educastur.es\/ixuxu\/wp-json\/wp\/v2\/categories?post=53208"},{"taxonomy":"post_tag","embeddable":true,"href":"https:\/\/edublog.educastur.es\/ixuxu\/wp-json\/wp\/v2\/tags?post=53208"}],"curies":[{"name":"wp","href":"https:\/\/api.w.org\/{rel}","templated":true}]}}