{"id":53225,"date":"2025-07-17T19:02:30","date_gmt":"2025-07-17T17:02:30","guid":{"rendered":"https:\/\/edublog.educastur.es\/ixuxu\/?p=53225"},"modified":"2025-07-17T21:04:16","modified_gmt":"2025-07-17T19:04:16","slug":"cultura-inicia-la-consulta-del-decretu-que-va-regular-la-rede-de-teatros-autonomica","status":"publish","type":"post","link":"https:\/\/edublog.educastur.es\/ixuxu\/2025\/07\/cultura-inicia-la-consulta-del-decretu-que-va-regular-la-rede-de-teatros-autonomica\/","title":{"rendered":"Cultura inicia la consulta del decretu que va regular la Rede de Teatros auton\u00f3mica"},"content":{"rendered":"<ul>\n<li><a href=\"https:\/\/actualidad.asturias.es\/-\/cultura-abre-el-periodo-de-consulta-p%C3%BAblica-del-decreto-que-regular%C3%A1-la-rede-de-teatros?redirect=%2Fnoticias%3Fp_p_id%3Dcom_liferay_asset_publisher_web_portlet_AssetPublisherPortlet_INSTANCE_Pk4uPC5yniIC%26p_p_lifecycle%3D0%26p_p_state%3Dnormal%26p_p_mode%3Dview%26_com_liferay_asset_publisher_web_portlet_AssetPublisherPortlet_INSTANCE_Pk4uPC5yniIC_delta%3D10%26p_r_p_resetCur%3Dfalse%26_com_liferay_asset_publisher_web_portlet_AssetPublisherPortlet_INSTANCE_Pk4uPC5yniIC_cur%3D2\">Cultura inicia la consulta p\u00fablica previa del decretu que va regular la Rede de Teatros auton\u00f3mica<\/a><\/li>\n<\/ul>\n<p style=\"text-align: center\"><a href=\"https:\/\/actualidad.asturias.es\/documents\/537115\/2689643\/2025_07_15+Teatro.jpg\/ec0d7c7d-2512-c2c6-83c4-fa958485b2c9?t=1752589664657\"><img loading=\"lazy\" decoding=\"async\" class=\"aligncenter size-large\" src=\"https:\/\/actualidad.asturias.es\/documents\/537115\/2689643\/2025_07_15+Teatro.jpg\/ec0d7c7d-2512-c2c6-83c4-fa958485b2c9?t=1752589664657\" width=\"850\" height=\"567\" \/><\/a><\/p>\n<p>La conseyer\u00eda impulsa esta iniciativa pa consolidar una programaci\u00f3n esc\u00e9nica estable y de calid\u00e1 en tol territoriu. La Conseyer\u00eda de Cultura, Pol\u00edtica Lling\u00fc\u00edstica y Deporte abri\u00f3\u2019l periodu de consulta p\u00fablica previa del decretu que va regular la <strong>Rede de Teatros del Princip\u00e1u d\u2019Asturies<\/strong>, una ferramienta nueva de coordinaci\u00f3n de los equipamientos esc\u00e9nicos que cunten con una programaci\u00f3n estable n\u2019artes esc\u00e9niques y musicales.<\/p>\n<p><!--more--><\/p>\n<p>La futura Rede de Teatros naz cola mira de fortalecer les pol\u00edtiques culturales del Princip\u00e1u, optimizar recursos, racionalizar proyectos y\u00e1 existentes y garantizar una ufierta cultural de calid\u00e1, diversa y accesible en tol territoriu asturianu. Esta norma va regular la composici\u00f3n de la rede, organizaci\u00f3n, competencies y funcionamientu, consolidando un sistema d\u2019apoyu institucional al sector de les artes esc\u00e9niques.<\/p>\n<p>Esta consulta busca conocer la opini\u00f3n de la ciudadan\u00eda y de les entidaes vinculaes potencialmente a les industries culturales, primero d\u2019aprobar el borrador normativu y en cumplimientu de les directrices del Conseyu de Gobiernu pa la participaci\u00f3n ciudadana nel procedimientu d\u2019ellaboraci\u00f3n normativa.<\/p>\n<p>El periodu d\u2019aportaciones empez\u00f3\u2019l d\u00eda 10 de xunetu y va tar abiertu hasta\u2019l 24 de xunetu del 2025. Les propuestes van poder mandase al corr\u00e9u electr\u00f3nicu participa@asturias.org. M\u00e1s informaci\u00f3n en: <a href=\"https:\/\/acortar.link\/D1wdta\">https:\/\/acortar.link\/D1wdta<\/a><\/p>\n<p>&nbsp;<\/p>\n","protected":false},"excerpt":{"rendered":"<p>Cultura inicia la consulta p\u00fablica previa del decretu que va regular la Rede de Teatros auton\u00f3mica La conseyer\u00eda impulsa esta iniciativa pa consolidar una programaci\u00f3n esc\u00e9nica estable y de calid\u00e1 en tol territoriu. La Conseyer\u00eda de Cultura, Pol\u00edtica Lling\u00fc\u00edstica y Deporte abri\u00f3\u2019l periodu de consulta p\u00fablica previa del decretu que va regular la Rede de [&hellip;]<\/p>\n","protected":false},"author":117,"featured_media":0,"comment_status":"closed","ping_status":"open","sticky":false,"template":"","format":"standard","meta":{"footnotes":""},"categories":[82],"tags":[],"class_list":["post-53225","post","type-post","status-publish","format-standard","hentry","category-teatru"],"_links":{"self":[{"href":"https:\/\/edublog.educastur.es\/ixuxu\/wp-json\/wp\/v2\/posts\/53225","targetHints":{"allow":["GET"]}}],"collection":[{"href":"https:\/\/edublog.educastur.es\/ixuxu\/wp-json\/wp\/v2\/posts"}],"about":[{"href":"https:\/\/edublog.educastur.es\/ixuxu\/wp-json\/wp\/v2\/types\/post"}],"author":[{"embeddable":true,"href":"https:\/\/edublog.educastur.es\/ixuxu\/wp-json\/wp\/v2\/users\/117"}],"replies":[{"embeddable":true,"href":"https:\/\/edublog.educastur.es\/ixuxu\/wp-json\/wp\/v2\/comments?post=53225"}],"version-history":[{"count":1,"href":"https:\/\/edublog.educastur.es\/ixuxu\/wp-json\/wp\/v2\/posts\/53225\/revisions"}],"predecessor-version":[{"id":53226,"href":"https:\/\/edublog.educastur.es\/ixuxu\/wp-json\/wp\/v2\/posts\/53225\/revisions\/53226"}],"wp:attachment":[{"href":"https:\/\/edublog.educastur.es\/ixuxu\/wp-json\/wp\/v2\/media?parent=53225"}],"wp:term":[{"taxonomy":"category","embeddable":true,"href":"https:\/\/edublog.educastur.es\/ixuxu\/wp-json\/wp\/v2\/categories?post=53225"},{"taxonomy":"post_tag","embeddable":true,"href":"https:\/\/edublog.educastur.es\/ixuxu\/wp-json\/wp\/v2\/tags?post=53225"}],"curies":[{"name":"wp","href":"https:\/\/api.w.org\/{rel}","templated":true}]}}