{"id":53231,"date":"2025-07-17T19:07:27","date_gmt":"2025-07-17T17:07:27","guid":{"rendered":"https:\/\/edublog.educastur.es\/ixuxu\/?p=53231"},"modified":"2025-07-17T21:14:59","modified_gmt":"2025-07-17T19:14:59","slug":"53231","status":"publish","type":"post","link":"https:\/\/edublog.educastur.es\/ixuxu\/2025\/07\/53231\/","title":{"rendered":"Los 5 rincones m\u00e1s \u00abinstagrameables\u00bb d&#8217;Asturies"},"content":{"rendered":"<ul>\n<li><a href=\"https:\/\/www.lne.es\/asturias\/2025\/07\/16\/5-rincones-instagrameables-asturias-mundo-119757720.html?utm_content=link&amp;utm_medium=social&amp;utm_campaign=echobox&amp;utm_source=Facebook&amp;fbclid=IwY2xjawLmKSxleHRuA2FlbQIxMQABHjSi7rxfPz2U3eIUacPKzRBsAt8akbZqAcPkBLClUgT1_RWXnsoXrSljeKAB_aem_Jk01HnPUM5LXaF5B2RX-1A#Echobox=1752680745\">LNE<\/a> \/<\/li>\n<\/ul>\n<p>Los 5 rincones m\u00e1s \u00abinstagrameables\u00bb d&#8217;Asturies (y que non tol mundu conoz). Estos son los llugares que te encamentar\u00eden los asturianos para faer bones semeyes (y v\u00eddeos) para compartir en redes sociales y salise de lo t\u00edpico.<\/p>\n<p style=\"text-align: center\"><a href=\"https:\/\/estaticos-cdn.prensaiberica.es\/clip\/a3985c9f-f154-447f-9b16-9d260e352bc0_21-9-aspect-ratio_default_0.webp\"><img loading=\"lazy\" decoding=\"async\" class=\"aligncenter size-large\" src=\"https:\/\/estaticos-cdn.prensaiberica.es\/clip\/a3985c9f-f154-447f-9b16-9d260e352bc0_21-9-aspect-ratio_default_0.webp\" width=\"1280\" height=\"548\" \/><\/a> El Mirador del Cabu Vidio nel que tol mundu quier faese una semeya.<\/p>\n<p>A Asturies nun-y\u00a0 falten llugares pintorescos para faer semeyes (y v\u00eddeos virales) dignes del perfil d&#8217;Instagram de cualesquier \u201cinfluencer\u201d. Los cubos de colores de Llanes, les cases del puertu de Cuideiru, la Santina, los Llagos de Cuadonga, la estatua de Mafalda n&#8217;Uvi\u00e9u o la ponte romana de Cangues d&#8217;On\u00eds son dellos exemplos. Toes estes imaxes conformar l&#8217;\u00e1lbum m\u00e1s t\u00edpicu de la rex\u00f3n y suman cientos de g\u00fastame\u201d en redes sociales. Pero hai vida m\u00e1s all\u00e1 d&#8217;estos enclaves de parada obligatoria.<\/p>\n<p><!--more--><\/p>\n<p>Te ufiertamos una selecci\u00f3n d&#8217;espacios menos conoc\u00edos, pero dignos de visitar y fotografiar. Estos son los rincones m\u00e1s \u201cinstagrameables\u201d del Princip\u00e1u.<\/p>\n<ul>\n<li><span style=\"color: #008080\"><strong>El bancu de Cabu Vidio. <\/strong><\/span>Un bancu a la fin d&#8217;un saliente con vistes al mar\u2026 Nun ye ficci\u00f3n, ye Cabu Vidio, n&#8217;Ovi\u00f1ana. Hai dellos bancos instalaos polos vecinos a lo llargo del pas\u00e9u dende los que contemplar el mar, pero unu d&#8217;ellos atropa tola atenci\u00f3n. At\u00f3pase a la fin d&#8217;un saliente del cantil y ufierta una visi\u00f3n privilexada de la mari\u00f1a. Ver l&#8217;atapecer dende ell\u00ed ye m\u00e1xicu. Encamientu extra: cenar con vistes al mar na \u201cfoodtruck\u201d \u201cLa Soluneta\u201d, que s&#8217;instala ell\u00ed pel branu.<\/li>\n<\/ul>\n<p style=\"text-align: center\"><a href=\"https:\/\/estaticos-cdn.prensaiberica.es\/clip\/dbbd005e-fbb1-41a9-8961-e45042ec8609_source-aspect-ratio_default_0.webp\"><img loading=\"lazy\" decoding=\"async\" class=\"aligncenter size-large\" src=\"https:\/\/estaticos-cdn.prensaiberica.es\/clip\/dbbd005e-fbb1-41a9-8961-e45042ec8609_source-aspect-ratio_default_0.webp\" width=\"867\" height=\"490\" \/><\/a><\/p>\n<ul>\n<li><span style=\"color: #008080\"><strong>Sablera de Frejulfe.\u00a0 <\/strong><\/span>Nel occidente asturianu, la sablera de Ferjulfe, en Navia, ye una parada obligatoria. Tien de too: un arenal ampliu arrodi\u00e1u de verde, accesu a la sienda de la mari\u00f1a naviega y un merenderu ente \u00e1rboles con estampes tan \u201cinstagrameables\u201d como xunas meses feches col tueru d&#8217;un \u00e1rbol y pintaes de colores. Na zona, otru encamientu: el chiringu \u201cLa Mar de fondu\u201d.<\/li>\n<\/ul>\n<p style=\"text-align: center\"><a href=\"https:\/\/estaticos-cdn.prensaiberica.es\/clip\/0b19724c-5160-4fe0-a9c8-5676d0a2b5bb_16-9-aspect-ratio_default_0.webp\"><img loading=\"lazy\" decoding=\"async\" class=\"aligncenter size-large\" src=\"https:\/\/estaticos-cdn.prensaiberica.es\/clip\/0b19724c-5160-4fe0-a9c8-5676d0a2b5bb_16-9-aspect-ratio_default_0.webp\" width=\"880\" height=\"495\" \/><\/a><\/p>\n<ul>\n<li style=\"text-align: left\"><span style=\"color: #008080\"><strong>Escaleres de colores.\u00a0<\/strong><\/span>Les escaleres de colores part\u00edes por tol mundu siempres son un reclamu tur\u00edsticu. N&#8217;Asturies, les que collechen m\u00e1s \u00e9situ son les que s&#8217;atopen en Xix\u00f3n y, anque daqu\u00e9 m\u00e1s desconoc\u00edes, les de Ribesella. Dambes ciudaes cunten con cientos de llugares polos que pasiar y esfrutar del oral mar\u00edn, pero si buscamos daqu\u00e9 m\u00e1s orixinal, ende t\u00e1n les sos escaleres de colores con mensaxe.<\/li>\n<\/ul>\n<p style=\"text-align: center\"><a href=\"https:\/\/estaticos-cdn.prensaiberica.es\/clip\/db10977c-a628-4ca4-b6b9-e8a2aadff664_16-9-aspect-ratio_default_0.webp\"><img loading=\"lazy\" decoding=\"async\" class=\"aligncenter size-large\" src=\"https:\/\/estaticos-cdn.prensaiberica.es\/clip\/db10977c-a628-4ca4-b6b9-e8a2aadff664_16-9-aspect-ratio_default_0.webp\" width=\"880\" height=\"495\" \/><\/a><\/p>\n<ul>\n<li><span style=\"color: #008080\"><strong>El mirador d&#8217;El Fito<\/strong><\/span>, asiti\u00e1u ente Colunga y Les Arriondes, faite levitar sobro los montes. Esta construcci\u00f3n elevada, a la que s&#8217;apuerta al travi\u00e9s d&#8217;unes escaleres, ufierta xuna visi\u00f3n 360 de los Picos d&#8217;Europa impresionante. Ver l&#8217;atapecer dende esti balc\u00f3n al monte ye xuna esperiencia pa recordar y, poques gracies, pa fotografiar.<\/li>\n<\/ul>\n<p style=\"text-align: center\"><a href=\"https:\/\/estaticos-cdn.prensaiberica.es\/clip\/2ba79432-ae0e-4411-b888-fe09b164c4d8_16-9-aspect-ratio_default_0.webp\"><img loading=\"lazy\" decoding=\"async\" class=\"aligncenter size-large\" src=\"https:\/\/estaticos-cdn.prensaiberica.es\/clip\/2ba79432-ae0e-4411-b888-fe09b164c4d8_16-9-aspect-ratio_default_0.webp\" width=\"880\" height=\"495\" \/><\/a><\/p>\n<ul>\n<li><span style=\"color: #008080\"><strong>Gr\u00faes de San Esteban. <\/strong><\/span>San Esteban de Pravia (Muros de Nal\u00f3n) ye muncho m\u00e1s qu&#8217;un pueblu marineru. El so puertu conforma un conxuntu de marc\u00e1u inter\u00e9s hist\u00f3ricu-industrial al caltener les tolves para&#8217;l carb\u00f3n, los antiguos cargaderos de mineral y gr\u00faes de la primer met\u00e1 del sieglu XX. Tou ello foi restaur\u00e1u ya integr\u00e1u nel puertu pa ufiertar al visitante un perfectu contraste ente pas\u00e1u y presente. Otru detalle na zona: a la fin del puertu hai xunas piscines p\u00fabliques d&#8217;agua salao.<\/li>\n<\/ul>\n<p style=\"text-align: center\"><a href=\"https:\/\/estaticos-cdn.prensaiberica.es\/clip\/9cf57fde-27b8-48f0-82b8-1c151079683f_source-aspect-ratio_default_0.webp\"><img loading=\"lazy\" decoding=\"async\" class=\"aligncenter \" src=\"https:\/\/estaticos-cdn.prensaiberica.es\/clip\/9cf57fde-27b8-48f0-82b8-1c151079683f_source-aspect-ratio_default_0.webp\" width=\"462\" height=\"817\" \/><\/a><\/p>\n<p>&nbsp;<\/p>\n","protected":false},"excerpt":{"rendered":"<p>LNE \/ Los 5 rincones m\u00e1s \u00abinstagrameables\u00bb d&#8217;Asturies (y que non tol mundu conoz). Estos son los llugares que te encamentar\u00eden los asturianos para faer bones semeyes (y v\u00eddeos) para compartir en redes sociales y salise de lo t\u00edpico. El Mirador del Cabu Vidio nel que tol mundu quier faese una semeya. A Asturies nun-y\u00a0 [&hellip;]<\/p>\n","protected":false},"author":117,"featured_media":0,"comment_status":"closed","ping_status":"open","sticky":false,"template":"","format":"standard","meta":{"footnotes":""},"categories":[17,18],"tags":[],"class_list":["post-53231","post","type-post","status-publish","format-standard","hentry","category-semeyes","category-turismu"],"_links":{"self":[{"href":"https:\/\/edublog.educastur.es\/ixuxu\/wp-json\/wp\/v2\/posts\/53231","targetHints":{"allow":["GET"]}}],"collection":[{"href":"https:\/\/edublog.educastur.es\/ixuxu\/wp-json\/wp\/v2\/posts"}],"about":[{"href":"https:\/\/edublog.educastur.es\/ixuxu\/wp-json\/wp\/v2\/types\/post"}],"author":[{"embeddable":true,"href":"https:\/\/edublog.educastur.es\/ixuxu\/wp-json\/wp\/v2\/users\/117"}],"replies":[{"embeddable":true,"href":"https:\/\/edublog.educastur.es\/ixuxu\/wp-json\/wp\/v2\/comments?post=53231"}],"version-history":[{"count":4,"href":"https:\/\/edublog.educastur.es\/ixuxu\/wp-json\/wp\/v2\/posts\/53231\/revisions"}],"predecessor-version":[{"id":53235,"href":"https:\/\/edublog.educastur.es\/ixuxu\/wp-json\/wp\/v2\/posts\/53231\/revisions\/53235"}],"wp:attachment":[{"href":"https:\/\/edublog.educastur.es\/ixuxu\/wp-json\/wp\/v2\/media?parent=53231"}],"wp:term":[{"taxonomy":"category","embeddable":true,"href":"https:\/\/edublog.educastur.es\/ixuxu\/wp-json\/wp\/v2\/categories?post=53231"},{"taxonomy":"post_tag","embeddable":true,"href":"https:\/\/edublog.educastur.es\/ixuxu\/wp-json\/wp\/v2\/tags?post=53231"}],"curies":[{"name":"wp","href":"https:\/\/api.w.org\/{rel}","templated":true}]}}