{"id":53236,"date":"2025-07-17T21:26:15","date_gmt":"2025-07-17T19:26:15","guid":{"rendered":"https:\/\/edublog.educastur.es\/ixuxu\/?p=53236"},"modified":"2025-07-17T21:26:15","modified_gmt":"2025-07-17T19:26:15","slug":"onde-tan-los-meyores-xelaos-artesanos-dasturies-esti-branu","status":"publish","type":"post","link":"https:\/\/edublog.educastur.es\/ixuxu\/2025\/07\/onde-tan-los-meyores-xelaos-artesanos-dasturies-esti-branu\/","title":{"rendered":"\u00d3nde t\u00e1n los meyores xelaos artesanos d&#8217;Asturies esti branu"},"content":{"rendered":"<ul>\n<li><a href=\"https:\/\/www.elcomercio.es\/content-local\/los-mejores-helados-artesanos-de-asturias-este-verano\/\">El Comercio<\/a> \/<\/li>\n<\/ul>\n<p style=\"text-align: center\"><a href=\"https:\/\/www.elcomercio.es\/content-local\/wp-content\/uploads\/sites\/10\/2025\/07\/heladerias-asturias-2025.jpg\"><img loading=\"lazy\" decoding=\"async\" class=\"aligncenter size-large\" src=\"https:\/\/www.elcomercio.es\/content-local\/wp-content\/uploads\/sites\/10\/2025\/07\/heladerias-asturias-2025.jpg\" width=\"2000\" height=\"750\" \/><\/a><\/p>\n<p>Propon\u00e9mosvos una ruta poles xelader\u00edes y confiter\u00edes colos meyores xelaos artesanos d&#8217;Asturies. El branu n&#8217;Asturies sabe a xel\u00e1u. Y si ye artesanal, muncho meyor. En cucuruchu, tarrina o copa, les xelader\u00edes y confiter\u00edes asturianes apuesten cada vez m\u00e1s por recetes artesanes ellaboraes con mimu y materies primes calidable.<\/p>\n<p><!--more--><\/p>\n<p>Dende sabores cl\u00e1sicos como&#8217;l xel\u00e1u de chocolate o fresa, hasta m\u00e1s innovadores como&#8217;l xel\u00e1u d&#8217;arroz con lleche o de pantera rosa, les propuestes son infinites. La llista de xelaos artesanos asturianos incl\u00fai opciones como xelaos veganos, xelaos ensin gluten y xelaos ensin lactosa, por que naide quede ensin probar los meyores xelaos artesanos d&#8217;Asturies del branu.<\/p>\n<p style=\"text-align: center\"><a href=\"https:\/\/www.elcomercio.es\/content-local\/wp-content\/uploads\/sites\/10\/2025\/07\/coppelia-gijon-helados-verano.jpg\"><img loading=\"lazy\" decoding=\"async\" class=\"aligncenter size-large\" src=\"https:\/\/www.elcomercio.es\/content-local\/wp-content\/uploads\/sites\/10\/2025\/07\/coppelia-gijon-helados-verano.jpg\" width=\"1024\" height=\"680\" \/><\/a><\/p>\n<p style=\"text-align: center\"><span style=\"color: #008080\"><strong>Turrones y xelaos Coppelia<\/strong><\/span><\/p>\n<p>Si busques xelaos artesanales en Xix\u00f3n, <strong>Turrones y Xelaos Coppelia<\/strong> ye una parada imprescindible. Allugada en plenu centru de la ciud\u00e1, esta xelader\u00eda con obrador propiu ellabora acald\u00eda los sos xelaos de forma tradicional, con ingredientes calidable y muncho mimu.<\/p>\n<p>En Coppelia puedes esfrutar de cucuruchos, tarrines y copes elegantes, tanto nel so atopadizu interior como na popular Terraza de Mayca, perfecta pa saborguiar un bon xel\u00e1u nos d\u00edes de branu n&#8217;Asturies.<\/p>\n<p>La varied\u00e1 ye otru de los sos puntos fuertes: dende sabores cl\u00e1sicos como turr\u00f3n o chocolate, hasta propuestes irresistibles como Kinder o Nube, que trunfen ente los m\u00e1s pequenos. Am\u00e1s, ellaboren turrones artesanos mientres tol a\u00f1u, ideales pa regalar o llevar como recuerdo si tas de visita en Xix\u00f3n.<\/p>\n<p>Tradici\u00f3n, sabor y calid\u00e1 dan la mano nuna de les xelader\u00edes m\u00e1s emblem\u00e1tiques d&#8217;Asturies.<\/p>\n<ul>\n<li>Plaza Seis d&#8217;Agostu, 9 Xix\u00f3n \/\u00a0Tel\u00e9fonu: 985 34 71 71 \/ www.turronescoppelia.com<\/li>\n<\/ul>\n<p style=\"text-align: center\"><a href=\"https:\/\/www.elcomercio.es\/content-local\/wp-content\/uploads\/sites\/10\/2025\/07\/camilo-de-blas-helados-verano.jpg\"><img loading=\"lazy\" decoding=\"async\" class=\"aligncenter size-large\" src=\"https:\/\/www.elcomercio.es\/content-local\/wp-content\/uploads\/sites\/10\/2025\/07\/camilo-de-blas-helados-verano.jpg\" width=\"1024\" height=\"680\" \/><\/a><\/p>\n<p style=\"text-align: center\"><strong><span style=\"color: #008080\">Camilo de Blas<\/span><\/strong><\/p>\n<p>Esta confiter\u00eda d&#8217;Uvi\u00e9u ye conocida por ser la ceadora del Carbay\u00f3n, un duce emblema de la ciud\u00e1 que se convirti\u00f3 en postre t\u00edpicu d&#8217;Asturies y que puedes esfrutar na so versi\u00f3n xelada.<\/p>\n<p>Ellaboraos nel so obrador con ingredientes escoy\u00edos y recetes propies, ente les sos especialidaes rellumen dos creaciones \u00faniques: el bomb\u00f3n de crema xelada de carbay\u00f3n cubiertu de carambelu sal\u00e1u, una delicia que funde lo cl\u00e1sico colo innovador, y el bomb\u00f3n de crema xelada de carbay\u00f3n cubiertu de chocolate con lleche y almendra Marcona, que combina testura y dulzura col sabor tradicional asturianu.<\/p>\n<ul>\n<li>Uvi\u00e9u: C\/ Xovellanos, 7 \/ Xix\u00f3n: C\/ Cuadonga, 25 \/ www.camilodeblas.es<\/li>\n<\/ul>\n<p style=\"text-align: center\"><a href=\"https:\/\/www.elcomercio.es\/content-local\/wp-content\/uploads\/sites\/10\/2025\/07\/alvisan-helados-verano.jpg\"><img loading=\"lazy\" decoding=\"async\" class=\"aligncenter size-large\" src=\"https:\/\/www.elcomercio.es\/content-local\/wp-content\/uploads\/sites\/10\/2025\/07\/alvisan-helados-verano.jpg\" width=\"1024\" height=\"680\" \/><\/a><br \/>\n<span style=\"color: #008080\"><strong>Xelaos artesanos Alvis\u00e1n<\/strong><\/span><\/p>\n<p>Allugada na cai Ram\u00f3n Sotu, Xelaos Alvis\u00e1n convirti\u00f3se nun referente del branu en Ribesella. Esta xelader\u00eda artesanal d&#8217;Asturies destaca pola calid\u00e1 de los sos productos, ellaboraos con mimu, recetes tradicionales y una cuidada selecci\u00f3n d&#8217;ingredientes.<\/p>\n<p>Am\u00e1s de los sos cl\u00e1sicos cucuruchos y tarrines, Alvis\u00e1n sospriende con formatos pensaos pa compartir: tartes xelaes, bombones, barres y tarrines familiares pa llevar a casa. Pero la so especialid\u00e1 m\u00e1s innovadora ye&#8217;l Brioche caliente rellenu de xel\u00e1u, una deliciosa combinaci\u00f3n de testures y temperatures que conquista a tol que la prueba.<\/p>\n<p>Con opciones de xelaos ensin gluten y ensin lactosa, cucuruchos ensin gluten y opciones calentines como gofres de Lieja, Xelaos Alvis\u00e1n ufierta una esperiencia inclusiva y sabrosa pa tolos p\u00fablicos.<\/p>\n<ul>\n<li>C\/ Ram\u00f3n Sotu s\/n (Parada de taxis), Ribesella \/\u00a0Tel\u00e9fonu: 611 47 18 03<\/li>\n<li>Instagram: @heladosalvisan<\/li>\n<\/ul>\n<p style=\"text-align: center\"><a href=\"https:\/\/www.elcomercio.es\/content-local\/wp-content\/uploads\/sites\/10\/2025\/07\/islandia-helados-verano.jpg\"><img loading=\"lazy\" decoding=\"async\" class=\"aligncenter size-large\" src=\"https:\/\/www.elcomercio.es\/content-local\/wp-content\/uploads\/sites\/10\/2025\/07\/islandia-helados-verano.jpg\" width=\"1024\" height=\"680\" \/><\/a><\/p>\n<p style=\"text-align: center\"><span style=\"color: #008080\"><strong>Islandia Helader\u00eda\u00a0en Xix\u00f3n<\/strong><\/span><\/p>\n<p>Si tas en Xix\u00f3n esti branu, una visita a la Xelader\u00eda Islandia ye imprescindible. Asitiada ente&#8217;l Conceyu y l&#8217;escalera 2 de la sablera de San Llorienzo, esta xelader\u00eda lleva d\u00e9cades siendo un referente en xelaos artesanales n&#8217;Asturies.<\/p>\n<p>Tolos sos xelaos y tartes ellaborarense nel obrador propiu del local, con lleche asturiano d&#8217;alta calid\u00e1 y productos de kil\u00f3metru cero, ensin conservantes nin colorantes a\u00f1ed\u00edos.<\/p>\n<p>Am\u00e1s de sabores cl\u00e1sicos y propuestes orixinales como&#8217;l xel\u00e1u de Pantera Rosa, la Xelader\u00eda Islandia destaca poles sos especialidaes asturianes: xel\u00e1u d&#8217;arroz con lleche, sidra, quesu Cabrales, pistachu sal\u00e1u y asturcilla. Tami\u00e9n vas atopar polos ellaboraos con fruta natural, opciones veganes y xelaos aptos pa cel\u00edacos.<\/p>\n<p>El so local, con decoraci\u00f3n vintage inspirada na Am\u00e9rica de los a\u00f1os 50 y un inconfundible toque rax\u00f3n, convida a sentase y esfrutar. Y\u00e1 s\u00eda pa tomar un caf\u00e9 con tarta, una acopa de xel\u00e1u o a cencielles pa relaxase na so terraza, Helader\u00eda Islandia ufierta una esperiencia aut\u00e9ntica nel coraz\u00f3n de Xix\u00f3n.<\/p>\n<ul>\n<li>Calle San Antonio, 4 Xix\u00f3n \/\u00a0985 35 07 47 \/\u00a0Horariu: de 12.30 a 00.30 hores \/<\/li>\n<li>@heladeriaislandia \/ Facebook: @heladeriaislandiaxixon<\/li>\n<\/ul>\n","protected":false},"excerpt":{"rendered":"<p>El Comercio \/ Propon\u00e9mosvos una ruta poles xelader\u00edes y confiter\u00edes colos meyores xelaos artesanos d&#8217;Asturies. El branu n&#8217;Asturies sabe a xel\u00e1u. Y si ye artesanal, muncho meyor. En cucuruchu, tarrina o copa, les xelader\u00edes y confiter\u00edes asturianes apuesten cada vez m\u00e1s por recetes artesanes ellaboraes con mimu y materies primes calidable.<\/p>\n","protected":false},"author":117,"featured_media":0,"comment_status":"closed","ping_status":"open","sticky":false,"template":"","format":"standard","meta":{"footnotes":""},"categories":[138],"tags":[],"class_list":["post-53236","post","type-post","status-publish","format-standard","hentry","category-alimentos"],"_links":{"self":[{"href":"https:\/\/edublog.educastur.es\/ixuxu\/wp-json\/wp\/v2\/posts\/53236","targetHints":{"allow":["GET"]}}],"collection":[{"href":"https:\/\/edublog.educastur.es\/ixuxu\/wp-json\/wp\/v2\/posts"}],"about":[{"href":"https:\/\/edublog.educastur.es\/ixuxu\/wp-json\/wp\/v2\/types\/post"}],"author":[{"embeddable":true,"href":"https:\/\/edublog.educastur.es\/ixuxu\/wp-json\/wp\/v2\/users\/117"}],"replies":[{"embeddable":true,"href":"https:\/\/edublog.educastur.es\/ixuxu\/wp-json\/wp\/v2\/comments?post=53236"}],"version-history":[{"count":1,"href":"https:\/\/edublog.educastur.es\/ixuxu\/wp-json\/wp\/v2\/posts\/53236\/revisions"}],"predecessor-version":[{"id":53237,"href":"https:\/\/edublog.educastur.es\/ixuxu\/wp-json\/wp\/v2\/posts\/53236\/revisions\/53237"}],"wp:attachment":[{"href":"https:\/\/edublog.educastur.es\/ixuxu\/wp-json\/wp\/v2\/media?parent=53236"}],"wp:term":[{"taxonomy":"category","embeddable":true,"href":"https:\/\/edublog.educastur.es\/ixuxu\/wp-json\/wp\/v2\/categories?post=53236"},{"taxonomy":"post_tag","embeddable":true,"href":"https:\/\/edublog.educastur.es\/ixuxu\/wp-json\/wp\/v2\/tags?post=53236"}],"curies":[{"name":"wp","href":"https:\/\/api.w.org\/{rel}","templated":true}]}}