{"id":53240,"date":"2025-07-17T19:55:02","date_gmt":"2025-07-17T17:55:02","guid":{"rendered":"https:\/\/edublog.educastur.es\/ixuxu\/?p=53240"},"modified":"2025-07-17T21:34:27","modified_gmt":"2025-07-17T19:34:27","slug":"la-temporada-del-salmon-cierra-con-una-fuerte-mengua-de-captures","status":"publish","type":"post","link":"https:\/\/edublog.educastur.es\/ixuxu\/2025\/07\/la-temporada-del-salmon-cierra-con-una-fuerte-mengua-de-captures\/","title":{"rendered":"La temporada del salm\u00f3n cierra con una fuerte mengua de captures"},"content":{"rendered":"<div class=\"padding-t-0 padding-b-20\">\n<div class=\"link-container\" style=\"text-align: center\"><a href=\"https:\/\/www.rtpa.es\/noticias-asturias-ast\/2025-07-16\/La-temporada-del-salmon-cierra-con-una-fuerte-mengua-de-captures_111752694070.html\">TPA<\/a><\/div>\n<\/div>\n<figure class=\"position-r hover-zoom\"><img decoding=\"async\" class=\"img-responsive position-a top-0 left-0 width-0100\" src=\"https:\/\/www.rtpa.es\/fotos\/\/25\/04\/20250414091854_RTPA6464437.webp\" alt=\"Los cient\u00edficos reclaman la veda de la pesca del salm\u00f3n en Asturias\" \/><\/figure>\n<div id=\"noticiacompleta\" class=\"parragraph-padding font-c-conent\">\n<p class=\"font-size-m padding-b-20 font-weight-b margin-t-16\">La mayor cantid\u00e1 d&#8217;exemplares volvi\u00f3 salir del Narcea.\u00a0<strong>La temporada del salm\u00f3n cerr\u00f3se con un fuerte descensu de captures<\/strong>: 130 exemplares, lo que sup\u00f3n un terciu de les del pas\u00e1u a\u00f1u. La mayor cantid\u00e1 sali\u00f3, como siempres, del Narcea: 97. Nel Seya fueron 24, nel Cares siete, nel Eo dos y nel Esva, nengunu. En total, 246 salmones menos que la campa\u00f1a de 2024.<\/p>\n<p>Seg\u00fan l&#8217;Asociaci\u00f3n de Pesca Fluvial y la Conseyer\u00eda, l&#8217;a\u00f1u pas\u00e1u hebo 376 captures, lo qu&#8217;amuesa esti esbarrumbe en tolos r\u00edos.\u00a0La cayida ye en pic\u00e1u dende fai 13 a\u00f1os. Pasamos de m\u00e1s de 1.000 captures en 2012 a les 376 de 2024, y de confirmase, al poco m\u00e1s de centenar d&#8217;angua\u00f1o.<\/p>\n<\/div>\n","protected":false},"excerpt":{"rendered":"<p>TPA La mayor cantid\u00e1 d&#8217;exemplares volvi\u00f3 salir del Narcea.\u00a0La temporada del salm\u00f3n cerr\u00f3se con un fuerte descensu de captures: 130 exemplares, lo que sup\u00f3n un terciu de les del pas\u00e1u a\u00f1u. La mayor cantid\u00e1 sali\u00f3, como siempres, del Narcea: 97. Nel Seya fueron 24, nel Cares siete, nel Eo dos y nel Esva, nengunu. En [&hellip;]<\/p>\n","protected":false},"author":117,"featured_media":0,"comment_status":"closed","ping_status":"open","sticky":false,"template":"","format":"standard","meta":{"footnotes":""},"categories":[138],"tags":[],"class_list":["post-53240","post","type-post","status-publish","format-standard","hentry","category-alimentos"],"_links":{"self":[{"href":"https:\/\/edublog.educastur.es\/ixuxu\/wp-json\/wp\/v2\/posts\/53240","targetHints":{"allow":["GET"]}}],"collection":[{"href":"https:\/\/edublog.educastur.es\/ixuxu\/wp-json\/wp\/v2\/posts"}],"about":[{"href":"https:\/\/edublog.educastur.es\/ixuxu\/wp-json\/wp\/v2\/types\/post"}],"author":[{"embeddable":true,"href":"https:\/\/edublog.educastur.es\/ixuxu\/wp-json\/wp\/v2\/users\/117"}],"replies":[{"embeddable":true,"href":"https:\/\/edublog.educastur.es\/ixuxu\/wp-json\/wp\/v2\/comments?post=53240"}],"version-history":[{"count":2,"href":"https:\/\/edublog.educastur.es\/ixuxu\/wp-json\/wp\/v2\/posts\/53240\/revisions"}],"predecessor-version":[{"id":53242,"href":"https:\/\/edublog.educastur.es\/ixuxu\/wp-json\/wp\/v2\/posts\/53240\/revisions\/53242"}],"wp:attachment":[{"href":"https:\/\/edublog.educastur.es\/ixuxu\/wp-json\/wp\/v2\/media?parent=53240"}],"wp:term":[{"taxonomy":"category","embeddable":true,"href":"https:\/\/edublog.educastur.es\/ixuxu\/wp-json\/wp\/v2\/categories?post=53240"},{"taxonomy":"post_tag","embeddable":true,"href":"https:\/\/edublog.educastur.es\/ixuxu\/wp-json\/wp\/v2\/tags?post=53240"}],"curies":[{"name":"wp","href":"https:\/\/api.w.org\/{rel}","templated":true}]}}