{"id":53244,"date":"2025-07-16T19:37:34","date_gmt":"2025-07-16T17:37:34","guid":{"rendered":"https:\/\/edublog.educastur.es\/ixuxu\/?p=53244"},"modified":"2025-07-17T21:38:39","modified_gmt":"2025-07-17T19:38:39","slug":"el-7511-del-estudiantau-aprueba-la-pau-na-convocatoria-de-xunetu","status":"publish","type":"post","link":"https:\/\/edublog.educastur.es\/ixuxu\/2025\/07\/el-7511-del-estudiantau-aprueba-la-pau-na-convocatoria-de-xunetu\/","title":{"rendered":"El 75,11% del estudiant\u00e1u aprueba la PAU na convocatoria de xunetu"},"content":{"rendered":"<div class=\"padding-t-35\"><\/div>\n<div class=\"padding-t-0 padding-b-20\">\n<div class=\"link-container\" style=\"text-align: center\"><a href=\"https:\/\/www.rtpa.es\/noticias-asturias-ast\/2025-07-16\/El-75,11-del-estudiantau-aprueba-la-PAU-na-convocatoria-de-xunetu_111752654184.html\">TPA<\/a><\/div>\n<\/div>\n<figure class=\"position-r hover-zoom\"> <img decoding=\"async\" class=\"img-responsive position-a top-0 left-0 width-0100\" src=\"https:\/\/www.rtpa.es\/fotos\/\/24\/07\/20240717124251_RTPA5314621.jpg\" alt=\"Examen de la EBAU en Asturias\" \/> <\/figure>\n<div id=\"noticiacompleta\" class=\"parragraph-padding font-c-conent\">\n<p class=\"font-size-m padding-b-20 font-weight-b margin-t-16\">La nota media xeneral de la convocatoria estraordinaria de la PAU d&#8217;esti a\u00f1u foi de 5,528.\u00a0El 75,11% de les persones que se presentaron a la convocatoria de xunetu de la Prueba d\u2019Accesu a la Universid\u00e1 (PAU) na Universid\u00e1 d\u2019Uvi\u00e9u aprobaron.<\/p>\n<p>Seg\u00fan detallaron esti mi\u00e9rcoles la instituci\u00f3n acad\u00e9mica asturiana, <strong>aprobaron el 76,19% de les muyeres y el 74% de los homes<\/strong>, nunes pruebes que se desensolcaron del 7 al 9 de xunetu n\u2019Uvi\u00e9u, Xix\u00f3n, Avil\u00e9s, Mieres, Ribeseya, Cangas del Narcea, L.luarca y Tapia.<\/p>\n<p><strong>La nota media xeneral de la convocatoria estraordinaria de la PAU d\u2019esti a\u00f1u foi de 5,528, llixeramente inferior a la del a\u00f1u pas\u00e1u<\/strong>, que foi del 5,545, y la calificaci\u00f3n m\u00e1s alta algamada nesta convocatoria foi de 9,756.<\/p>\n<\/div>\n","protected":false},"excerpt":{"rendered":"<p>TPA La nota media xeneral de la convocatoria estraordinaria de la PAU d&#8217;esti a\u00f1u foi de 5,528.\u00a0El 75,11% de les persones que se presentaron a la convocatoria de xunetu de la Prueba d\u2019Accesu a la Universid\u00e1 (PAU) na Universid\u00e1 d\u2019Uvi\u00e9u aprobaron. Seg\u00fan detallaron esti mi\u00e9rcoles la instituci\u00f3n acad\u00e9mica asturiana, aprobaron el 76,19% de les muyeres [&hellip;]<\/p>\n","protected":false},"author":117,"featured_media":0,"comment_status":"closed","ping_status":"open","sticky":false,"template":"","format":"standard","meta":{"footnotes":""},"categories":[132],"tags":[],"class_list":["post-53244","post","type-post","status-publish","format-standard","hentry","category-educastur"],"_links":{"self":[{"href":"https:\/\/edublog.educastur.es\/ixuxu\/wp-json\/wp\/v2\/posts\/53244","targetHints":{"allow":["GET"]}}],"collection":[{"href":"https:\/\/edublog.educastur.es\/ixuxu\/wp-json\/wp\/v2\/posts"}],"about":[{"href":"https:\/\/edublog.educastur.es\/ixuxu\/wp-json\/wp\/v2\/types\/post"}],"author":[{"embeddable":true,"href":"https:\/\/edublog.educastur.es\/ixuxu\/wp-json\/wp\/v2\/users\/117"}],"replies":[{"embeddable":true,"href":"https:\/\/edublog.educastur.es\/ixuxu\/wp-json\/wp\/v2\/comments?post=53244"}],"version-history":[{"count":1,"href":"https:\/\/edublog.educastur.es\/ixuxu\/wp-json\/wp\/v2\/posts\/53244\/revisions"}],"predecessor-version":[{"id":53245,"href":"https:\/\/edublog.educastur.es\/ixuxu\/wp-json\/wp\/v2\/posts\/53244\/revisions\/53245"}],"wp:attachment":[{"href":"https:\/\/edublog.educastur.es\/ixuxu\/wp-json\/wp\/v2\/media?parent=53244"}],"wp:term":[{"taxonomy":"category","embeddable":true,"href":"https:\/\/edublog.educastur.es\/ixuxu\/wp-json\/wp\/v2\/categories?post=53244"},{"taxonomy":"post_tag","embeddable":true,"href":"https:\/\/edublog.educastur.es\/ixuxu\/wp-json\/wp\/v2\/tags?post=53244"}],"curies":[{"name":"wp","href":"https:\/\/api.w.org\/{rel}","templated":true}]}}