{"id":53273,"date":"2025-07-18T08:37:28","date_gmt":"2025-07-18T06:37:28","guid":{"rendered":"https:\/\/edublog.educastur.es\/ixuxu\/?p=53273"},"modified":"2025-07-18T12:43:36","modified_gmt":"2025-07-18T10:43:36","slug":"el-tiempu-el-comercio-96","status":"publish","type":"post","link":"https:\/\/edublog.educastur.es\/ixuxu\/2025\/07\/el-tiempu-el-comercio-96\/","title":{"rendered":"El tiempu (El Comercio)"},"content":{"rendered":"<p style=\"text-align: center\"><a href=\"https:\/\/s3.ppllstatics.com\/elcomercio\/www\/multimedia\/2025\/07\/17\/prevision-tiempo-asturias-k76F-U2301948938566Ca-1200x860@El%20Comercio.jpg\"><img loading=\"lazy\" decoding=\"async\" class=\"aligncenter size-large\" src=\"https:\/\/s3.ppllstatics.com\/elcomercio\/www\/multimedia\/2025\/07\/17\/prevision-tiempo-asturias-k76F-U2301948938566Ca-1200x860@El%20Comercio.jpg\" width=\"1200\" height=\"860\" \/><\/a><\/p>\n<p>Esperamos cielos bien nublos o cubiertos pr\u00e1cticamente en tol Princip\u00e1u d&#8217;Asturies dende primer hora de la ma\u00f1ana. Esta nubosid\u00e1\u00a0 va dexar precipitaciones de calter d\u00e9bil que podr\u00eden afectar a cualquier puntu de la rex\u00f3n mientres la ma\u00f1ana. <strong>A lo llargo de la segunda parte del d\u00eda<\/strong>, la inestabilid\u00e1 van unviar nel occidente onde, am\u00e1s, van abrise delles escamplaes. Nun se refuga que, inclusive, puedan abrise tami\u00e9n delles escamplaes na mari\u00f1a pela tarde. Comoquier, la nubosid\u00e1 podr\u00eda tar presente mientres tol vienres nel sector oriental pudiendo tami\u00e9n esperase dellos orbayos vespertinos. <strong>Los vientos<\/strong> van ser fluexos y variables de primeres, afit\u00e1ndose de norte pela tarde. <strong>Les temperatures m\u00e1ximes<\/strong> van baxar en tol interior y van caltenese na mari\u00f1a. El descensu va ser m\u00e1s acentu\u00e1u nel cordal y daqu\u00e9 m\u00e1s moder\u00e1u conforme vaigamos movi\u00e9ndose escontra&#8217;l norte d&#8217;Asturies.<strong> Les m\u00ednimes<\/strong> van baxar de forma xeneralizada.<\/p>\n<p>El s\u00e1badu vamos amanecer con nubes y dellos orbayos. van abrise escamplaes a partir del mediud\u00eda. Pela tarde, prevense intervalos de nubes altes que van velar el cielu pero nun van dexar ag\u00fces.<\/p>\n","protected":false},"excerpt":{"rendered":"<p>Esperamos cielos bien nublos o cubiertos pr\u00e1cticamente en tol Princip\u00e1u d&#8217;Asturies dende primer hora de la ma\u00f1ana. Esta nubosid\u00e1\u00a0 va dexar precipitaciones de calter d\u00e9bil que podr\u00eden afectar a cualquier puntu de la rex\u00f3n mientres la ma\u00f1ana. A lo llargo de la segunda parte del d\u00eda, la inestabilid\u00e1 van unviar nel occidente onde, am\u00e1s, van [&hellip;]<\/p>\n","protected":false},"author":117,"featured_media":0,"comment_status":"closed","ping_status":"open","sticky":false,"template":"","format":"standard","meta":{"footnotes":""},"categories":[5],"tags":[],"class_list":["post-53273","post","type-post","status-publish","format-standard","hentry","category-tiempu"],"_links":{"self":[{"href":"https:\/\/edublog.educastur.es\/ixuxu\/wp-json\/wp\/v2\/posts\/53273","targetHints":{"allow":["GET"]}}],"collection":[{"href":"https:\/\/edublog.educastur.es\/ixuxu\/wp-json\/wp\/v2\/posts"}],"about":[{"href":"https:\/\/edublog.educastur.es\/ixuxu\/wp-json\/wp\/v2\/types\/post"}],"author":[{"embeddable":true,"href":"https:\/\/edublog.educastur.es\/ixuxu\/wp-json\/wp\/v2\/users\/117"}],"replies":[{"embeddable":true,"href":"https:\/\/edublog.educastur.es\/ixuxu\/wp-json\/wp\/v2\/comments?post=53273"}],"version-history":[{"count":1,"href":"https:\/\/edublog.educastur.es\/ixuxu\/wp-json\/wp\/v2\/posts\/53273\/revisions"}],"predecessor-version":[{"id":53275,"href":"https:\/\/edublog.educastur.es\/ixuxu\/wp-json\/wp\/v2\/posts\/53273\/revisions\/53275"}],"wp:attachment":[{"href":"https:\/\/edublog.educastur.es\/ixuxu\/wp-json\/wp\/v2\/media?parent=53273"}],"wp:term":[{"taxonomy":"category","embeddable":true,"href":"https:\/\/edublog.educastur.es\/ixuxu\/wp-json\/wp\/v2\/categories?post=53273"},{"taxonomy":"post_tag","embeddable":true,"href":"https:\/\/edublog.educastur.es\/ixuxu\/wp-json\/wp\/v2\/tags?post=53273"}],"curies":[{"name":"wp","href":"https:\/\/api.w.org\/{rel}","templated":true}]}}