{"id":53276,"date":"2025-07-18T13:08:46","date_gmt":"2025-07-18T11:08:46","guid":{"rendered":"https:\/\/edublog.educastur.es\/ixuxu\/?p=53276"},"modified":"2025-07-18T13:10:35","modified_gmt":"2025-07-18T11:10:35","slug":"azul-el-favoritu-de-les-mentes-brilloses-segun-la-ciencia","status":"publish","type":"post","link":"https:\/\/edublog.educastur.es\/ixuxu\/2025\/07\/azul-el-favoritu-de-les-mentes-brilloses-segun-la-ciencia\/","title":{"rendered":"Azul: el favoritu de les mentes brilloses, seg\u00fan la ciencia"},"content":{"rendered":"<ul>\n<li><a href=\"https:\/\/www.losandes.com.ar\/por-las-redes\/ni-rojo-ni-amarillo-este-es-el-color-favorito-las-personas-mas-inteligentes-segun-los-expertos-psicologia-n5955365\">Fonte<\/a> \/<\/li>\n<\/ul>\n<p style=\"text-align: center\"><a href=\"https:\/\/media.losandes.com.ar\/p\/4cce201afbdec7f7e2c08641741b09a3\/adjuntos\/368\/imagenes\/100\/637\/0100637107\/1000x0\/smart\/ni-rojo-ni-amarillo-este-es-el-color-favorito-las-personas-mas-inteligentes-segun-los-expertos-psicologia-2jpg.jpg\"><img loading=\"lazy\" decoding=\"async\" class=\"aligncenter size-large\" src=\"https:\/\/media.losandes.com.ar\/p\/4cce201afbdec7f7e2c08641741b09a3\/adjuntos\/368\/imagenes\/100\/637\/0100637107\/1000x0\/smart\/ni-rojo-ni-amarillo-este-es-el-color-favorito-las-personas-mas-inteligentes-segun-los-expertos-psicologia-2jpg.jpg\" width=\"1000\" height=\"562\" \/><\/a><\/p>\n<p>Nin collor\u00e1u nin mariellu: este ye&#8217;l color favoritu de les persones m\u00e1s intelixentes, seg\u00fan los espertos en psicolox\u00eda. Diversos estudios de psicolox\u00eda revelen que ciertos colores t\u00e1n acomu\u00f1aos con mayor capacid\u00e1 cognitiva, y nun son los cl\u00e1sicos collor\u00e1u o mariellu.<\/p>\n<p><!--more--><\/p>\n<p>Los estudios sobro psicolox\u00eda, colores ya intelixencia demostraron que les preferencies crom\u00e1tiques pueden tar rellacionaes con ciertes traces de la personalid\u00e1. Nesi contestu, identific\u00f3se que munches persones con alta capacid\u00e1 intelectual tienden a inclinase por un color que tresmite aselu, fondura y pensamientu cr\u00edticu.<\/p>\n<p>El datu surde d&#8217;investigaciones que rellacionen la intelixencia con determinaes emociones y procesos cognitivos. Nun se trata d&#8217;una simple cuesti\u00f3n est\u00e9tica:<strong> la elecci\u00f3n de ciertos tonos puede reflexar c\u00f3mo se piensa, si\u00e9ntese y act\u00faase frente al mundu.<\/strong><\/p>\n<p><strong>Intelixencia, emociones y tonos: c\u00f3mo se conecten.\u00a0 <\/strong>El color azul apaez como&#8217;l prefer\u00edu por persones con mayor intelixencia, seg\u00fan distintos estudios, como&#8217;l public\u00e1u pol Journal of Business Research y otros trabayos citaos por Verywell Mind y l&#8217;American Psychological Association. Esti tonu suel rellacionase con<strong> cualidaes como la concentraci\u00f3n, l&#8217;orde mental y la tranquilid\u00e1.<\/strong><\/p>\n<p>Am\u00e1s, l&#8217;azul xenera enfotu y baxa los niveles d&#8217;ansied\u00e1. Por eso, ye un color bien utiliz\u00e1u n&#8217;\u00e1mbitos acad\u00e9micos, tecnol\u00f3xicos y llaborales, onde se valora la toma de decisiones racionales.<\/p>\n<p><strong>Azul: el favoritu de les mentes brilloses, seg\u00fan la ciencia.<\/strong> Nuna encuesta que compar\u00f3 les preferencies de color ente persones con distintos niveles de CI, l&#8217;azul <strong>foi escoy\u00edu mayoritariamente ente quien amosaben meyores resultaos en xeres de memoria, l\u00f3xica y razonamientu astractu.<\/strong> Esta preferencia tami\u00e9n se repite en perfiles m\u00e1s introspectivos o anal\u00edticos.<\/p>\n<p><em>\u201cL&#8217;azul aguiya l&#8217;activid\u00e1 del l\u00f3bulu fronteru, acomu\u00f1ada a la planificaci\u00f3n y el pensamientu l\u00f3xicu\u201d<\/em>, afirmen los autores del estudiu public\u00e1u en<a href=\"https:\/\/onlinelibrary.wiley.com\/journal\/15206378\"> Color Research and Application.<\/a><\/p>\n<p style=\"text-align: center\"><a href=\"https:\/\/onlinelibrary.wiley.com\/pb-assets\/journal-banners\/15206378-1522921206670.jpg\"><img loading=\"lazy\" decoding=\"async\" class=\"aligncenter \" src=\"https:\/\/onlinelibrary.wiley.com\/pb-assets\/journal-banners\/15206378-1522921206670.jpg\" width=\"267\" height=\"88\" \/><\/a><\/p>\n<p>Otru color destac\u00e1u ente les persones intelixentes: en segundu llugar apaez <strong>el verde, otru tonu acomu\u00f1\u00e1u a la serenid\u00e1, la naturaleza y l&#8217;equilibriu emocional.<\/strong><\/p>\n<p>Anque menos dominante que l&#8217;azul, el verde tami\u00e9n ye bien escoy\u00edu por persones que valoren l&#8217;aprendizaxe continuu y el pensamientu reflexivu.<\/p>\n","protected":false},"excerpt":{"rendered":"<p>Fonte \/ Nin collor\u00e1u nin mariellu: este ye&#8217;l color favoritu de les persones m\u00e1s intelixentes, seg\u00fan los espertos en psicolox\u00eda. Diversos estudios de psicolox\u00eda revelen que ciertos colores t\u00e1n acomu\u00f1aos con mayor capacid\u00e1 cognitiva, y nun son los cl\u00e1sicos collor\u00e1u o mariellu.<\/p>\n","protected":false},"author":117,"featured_media":0,"comment_status":"closed","ping_status":"open","sticky":false,"template":"","format":"standard","meta":{"footnotes":""},"categories":[91,1],"tags":[],"class_list":["post-53276","post","type-post","status-publish","format-standard","hentry","category-collores","category-sin-categoria"],"_links":{"self":[{"href":"https:\/\/edublog.educastur.es\/ixuxu\/wp-json\/wp\/v2\/posts\/53276","targetHints":{"allow":["GET"]}}],"collection":[{"href":"https:\/\/edublog.educastur.es\/ixuxu\/wp-json\/wp\/v2\/posts"}],"about":[{"href":"https:\/\/edublog.educastur.es\/ixuxu\/wp-json\/wp\/v2\/types\/post"}],"author":[{"embeddable":true,"href":"https:\/\/edublog.educastur.es\/ixuxu\/wp-json\/wp\/v2\/users\/117"}],"replies":[{"embeddable":true,"href":"https:\/\/edublog.educastur.es\/ixuxu\/wp-json\/wp\/v2\/comments?post=53276"}],"version-history":[{"count":2,"href":"https:\/\/edublog.educastur.es\/ixuxu\/wp-json\/wp\/v2\/posts\/53276\/revisions"}],"predecessor-version":[{"id":53278,"href":"https:\/\/edublog.educastur.es\/ixuxu\/wp-json\/wp\/v2\/posts\/53276\/revisions\/53278"}],"wp:attachment":[{"href":"https:\/\/edublog.educastur.es\/ixuxu\/wp-json\/wp\/v2\/media?parent=53276"}],"wp:term":[{"taxonomy":"category","embeddable":true,"href":"https:\/\/edublog.educastur.es\/ixuxu\/wp-json\/wp\/v2\/categories?post=53276"},{"taxonomy":"post_tag","embeddable":true,"href":"https:\/\/edublog.educastur.es\/ixuxu\/wp-json\/wp\/v2\/tags?post=53276"}],"curies":[{"name":"wp","href":"https:\/\/api.w.org\/{rel}","templated":true}]}}