{"id":53320,"date":"2025-07-18T14:16:04","date_gmt":"2025-07-18T12:16:04","guid":{"rendered":"https:\/\/edublog.educastur.es\/ixuxu\/?p=53320"},"modified":"2025-07-19T14:38:29","modified_gmt":"2025-07-19T12:38:29","slug":"cultura-quier-definir-les-bases-nueves-de-les-ayudes-a-la-industria-del-cine-y-del-audiovisual","status":"publish","type":"post","link":"https:\/\/edublog.educastur.es\/ixuxu\/2025\/07\/cultura-quier-definir-les-bases-nueves-de-les-ayudes-a-la-industria-del-cine-y-del-audiovisual\/","title":{"rendered":"Cultura quier definir les bases d&#8217;ayudes a la industria del cine y del audiovisual"},"content":{"rendered":"<p>Cultura abre la consulta p\u00fablica pa definir les bases nueves de les ayudes a la industria del cine y del audiovisual. Hasta\u2019l 22 de xunetu, la ciudadan\u00eda y los sectores vinculaos pueden mandar les sos aportaciones. <a href=\"https:\/\/actualidad.asturias.es\/-\/cultura-abre-la-consulta-p\u00fablica-para-definir-las-nuevas-bases-de-las-ayudas-a-la-industria-del-cine-y-el-audiovisual?redirect=%2F\">Actualid\u00e1 Asturies<\/a><\/p>\n<p style=\"text-align: center\"><span class=\"x193iq5w xeuugli x13faqbe x1vvkbs xt0psk2 x1i0vuye xvs91rp xo1l8bm x5n08af x10wh9bi xpm28yp x8viiok x1o7cslx x126k92a\"><span class=\"html-span xexx8yu x4uap5 x18d9i69 xkhd6sd x1hl2dhg x16tdsg8 x1vvkbs x3nfvp2 x1j61x8r x1fcty0u xdj266r xat24cr xgzva0m xhhsvwb xxymvpz xlup9mm x1kky2od\">\n<!-- iframe plugin v.6.0 wordpress.org\/plugins\/iframe\/ -->\n<iframe loading=\"lazy\" src=\"https:\/\/www.instagram.com\/reel\/DMNfLEFt8FV\/embed\" width=\"460\" height=\"620\" 0=\"\/iframe\" scrolling=\"yes\" class=\"iframe-class\" frameborder=\"0\"><\/iframe>\n<\/span><\/span><\/p>\n<p><!--more--><\/p>\n<p style=\"text-align: center\"><a href=\"https:\/\/actualidad.asturias.es\/documents\/537115\/2693212\/Foto+rodaje.+Autor+Quim+Vives.jpg\/185deb00-d9b1-6bc5-8b9a-0f75674ace0e?t=1752755928044\"><img loading=\"lazy\" decoding=\"async\" class=\"aligncenter size-large\" src=\"https:\/\/actualidad.asturias.es\/documents\/537115\/2693212\/Foto+rodaje.+Autor+Quim+Vives.jpg\/185deb00-d9b1-6bc5-8b9a-0f75674ace0e?t=1752755928044\" width=\"1586\" height=\"802\" \/><\/a><\/p>\n<p>&nbsp;<\/p>\n<p>La Conseyer\u00eda de Cultura, Pol\u00edtica Lling\u00fc\u00edstica y Deporte abri\u00f3 un periodu de consulta p\u00fablica previa pa la ellaboraci\u00f3n de les bases reguladores nueves de subvenciones destinaes a profesionales y empreses del sector cinematogr\u00e1ficu y audiovisual. Esta iniciativa, impulsada pol departamentu que lidera Vanessa Guti\u00e9rrez, tien como oxetivu adaptar el marcu normativu a la evoluci\u00f3n del sector y ameyorar la eficacia de les ayudes p\u00fabliques.<\/p>\n<p>La consulta va tar abierta hasta\u2019l 22 de xunetu y les aportaciones van poder mandase al corr\u00e9u electr\u00f3nicu\u00a0<a href=\"mailto:participa@asturias.org\">participa@asturias.org<\/a>. Esta fase participativa va dexar recoyer opiniones y propuestes primero de redactar el borrador de la norma, en llinia coles directrices de participaci\u00f3n ciudadana del Princip\u00e1u.<\/p>\n<p>Les bases nueves busquen fomentar y cofinanciar actividaes como la producci\u00f3n audiovisual, la escritura de guiones, l\u2019asistencia a festivales, la organizaci\u00f3n de cert\u00e1menes, los llaboratorios y incubadores de creaci\u00f3n, el desenvolvimientu de proyectos, o\u2019l sofitu a sales d\u2019exhibici\u00f3n, ente otres. La regulaci\u00f3n enm\u00e1rcase nel compromisu del Executivu auton\u00f3micu col impulsu d\u2019un sector estrat\u00e9xicu pa la cultura y la econom\u00eda asturiana.<\/p>\n<p>Tola informaci\u00f3n rellacionada cola consulta p\u00fablica previa pue consultase nel enllaz\u00a0<a href=\"https:\/\/tinyurl.com\/2th3dxpw\">https:\/\/tinyurl.com\/2th3dxpw<\/a><\/p>\n<p><b>Un ecosistema audiovisual n\u2019espansi\u00f3n<\/b><\/p>\n<p>El Princip\u00e1u ta desenvolviendo un plan ambiciosu pa convertir la comunid\u00e1 nun polu cinematogr\u00e1ficu de referencia nacional y internacional. El proyectu contempla la creaci\u00f3n d\u2019una Escuela de Cine, infraestructures de rodaxe, talleres t\u00e9cnicos y un estudiu de postproducci\u00f3n con tecnolox\u00eda de vanguardia.<\/p>\n<p>Am\u00e1s, el Gobiernu asturianu present\u00f3 al Ministeriu de Cultura la propuesta pa la creaci\u00f3n del Observatoriu del Curtiumetraxe, con sede n\u2019Asturies. Esti organismu va empobinase al caltenimientu, an\u00e1lisis y espardimientu del curtiumetraxe espa\u00f1ol, integrando a instituciones y profesionales nuna rede de cooperaci\u00f3n nacional y internacional.<\/p>\n<p>L\u2019Asturies Para\u00edsu Natural Film Commission sigue tami\u00e9n el so llabor d\u2019atracci\u00f3n de rodaxes y promoci\u00f3n del territoriu como plat\u00f3 natural, consolidando la comunid\u00e1 aut\u00f3noma como un dest\u00edn d\u2019inter\u00e9s pa producciones audiovisuales.<\/p>\n<p>Nesti sent\u00edu, Asturies consolid\u00f3se como \u00fan de los destinos emerxentes de m\u00e1s inter\u00e9s pa los rodaxes internacionales, depu\u00e9s de captar nel 2024 una inversi\u00f3n estranxera cercana a los tr\u00e9s millones d\u2019euros, seg\u00fan l\u2019informe anual de Profilm, present\u00e1u apocay\u00e1 en Barcelona. El documentu asitia al Princip\u00e1u como la octava comunid\u00e1 aut\u00f3noma con mayor captaci\u00f3n de fondos internacionales.<\/p>\n<p>&nbsp;<\/p>\n","protected":false},"excerpt":{"rendered":"<p>Cultura abre la consulta p\u00fablica pa definir les bases nueves de les ayudes a la industria del cine y del audiovisual. Hasta\u2019l 22 de xunetu, la ciudadan\u00eda y los sectores vinculaos pueden mandar les sos aportaciones. Actualid\u00e1 Asturies<\/p>\n","protected":false},"author":117,"featured_media":0,"comment_status":"closed","ping_status":"open","sticky":false,"template":"","format":"standard","meta":{"footnotes":""},"categories":[299],"tags":[],"class_list":["post-53320","post","type-post","status-publish","format-standard","hentry","category-cine"],"_links":{"self":[{"href":"https:\/\/edublog.educastur.es\/ixuxu\/wp-json\/wp\/v2\/posts\/53320","targetHints":{"allow":["GET"]}}],"collection":[{"href":"https:\/\/edublog.educastur.es\/ixuxu\/wp-json\/wp\/v2\/posts"}],"about":[{"href":"https:\/\/edublog.educastur.es\/ixuxu\/wp-json\/wp\/v2\/types\/post"}],"author":[{"embeddable":true,"href":"https:\/\/edublog.educastur.es\/ixuxu\/wp-json\/wp\/v2\/users\/117"}],"replies":[{"embeddable":true,"href":"https:\/\/edublog.educastur.es\/ixuxu\/wp-json\/wp\/v2\/comments?post=53320"}],"version-history":[{"count":4,"href":"https:\/\/edublog.educastur.es\/ixuxu\/wp-json\/wp\/v2\/posts\/53320\/revisions"}],"predecessor-version":[{"id":53428,"href":"https:\/\/edublog.educastur.es\/ixuxu\/wp-json\/wp\/v2\/posts\/53320\/revisions\/53428"}],"wp:attachment":[{"href":"https:\/\/edublog.educastur.es\/ixuxu\/wp-json\/wp\/v2\/media?parent=53320"}],"wp:term":[{"taxonomy":"category","embeddable":true,"href":"https:\/\/edublog.educastur.es\/ixuxu\/wp-json\/wp\/v2\/categories?post=53320"},{"taxonomy":"post_tag","embeddable":true,"href":"https:\/\/edublog.educastur.es\/ixuxu\/wp-json\/wp\/v2\/tags?post=53320"}],"curies":[{"name":"wp","href":"https:\/\/api.w.org\/{rel}","templated":true}]}}