{"id":53365,"date":"2025-07-18T19:31:00","date_gmt":"2025-07-18T17:31:00","guid":{"rendered":"https:\/\/edublog.educastur.es\/ixuxu\/?p=53365"},"modified":"2025-07-18T20:40:37","modified_gmt":"2025-07-18T18:40:37","slug":"esposicion-favorita-del-branu-la-de-los-artistes-beneficos-en-pilona","status":"publish","type":"post","link":"https:\/\/edublog.educastur.es\/ixuxu\/2025\/07\/esposicion-favorita-del-branu-la-de-los-artistes-beneficos-en-pilona\/","title":{"rendered":"Esposici\u00f3n favorita del branu, la de los \u201cArtistes Ben\u00e9ficos\u201d en Pilo\u00f1a"},"content":{"rendered":"<div class=\"html-div xdj266r x14z9mp xat24cr x1lziwak xexx8yu x1a8lsjc xf7dkkf xv54qhq\">\n<div class=\"html-div xdj266r x14z9mp xat24cr x1lziwak xexx8yu xyri2b x18d9i69 x1c1uobl x1jx94hy x78zum5 x1q0g3np\">\n<div class=\"x78zum5 xdt5ytf xz62fqu x16ldp7u\">\n<div class=\"xu06os2 x1ok221b\">\n<div class=\"html-div xdj266r x14z9mp xat24cr x1lziwak xexx8yu xyri2b x18d9i69 x1c1uobl\" data-ad-rendering-role=\"profile_name\">\n<ul>\n<li class=\"html-h3 x14z9mp xat24cr x1lziwak xexx8yu xyri2b x18d9i69 x1c1uobl x1vvkbs x1heor9g x1qlqyl8 x1pd3egz x1a2a7pz x1gslohp x1yc453h\"><span class=\"x1lliihq x6ikm8r x10wlt62 x1n2onr6\"><span class=\"xt0psk2\"><a class=\"x1i10hfl xjbqb8w x1ejq31n x18oe1m7 x1sy0etr xstzfhl x972fbf x10w94by x1qhh985 x14e42zd x9f619 x1ypdohk xt0psk2 xe8uvvx xdj266r x14z9mp xat24cr x1lziwak xexx8yu xyri2b x18d9i69 x1c1uobl x16tdsg8 x1hl2dhg xggy1nq x1a2a7pz xkrqix3 x1sur9pj xzsf02u x1s688f\" role=\"link\" href=\"https:\/\/www.facebook.com\/labeneficadepilona?__cft__[0]=AZVzmkFgejZYIBvaiEJNRG_-1DKzakSromwlWcOZya3lpmbNzDZiqTPbgEMlRwJiaNza-l3YLFeuVCbWRnvxjyPeJHCH6JzLqKLhFIbacQmo3ZhJ3vofsDdd_tP1JBEPWprJzr7WKmwWAR9DjcFnG2aspcEwJSIsyM4vSQRs3FAnSJfthorj4YiW5djYuMjNuuol19_OZcOdTapc9aNeHzxk&amp;__tn__=-UC%2CP-y-R\"><strong class=\"html-strong xdj266r x14z9mp xat24cr x1lziwak xexx8yu xyri2b x18d9i69 x1c1uobl x1hl2dhg x16tdsg8 x1vvkbs x1s688f\"><span class=\"html-span xdj266r x14z9mp xat24cr x1lziwak xexx8yu xyri2b x18d9i69 x1c1uobl x1hl2dhg x16tdsg8 x1vvkbs\">La Ben\u00e9fica de Pilo\u00f1a<\/span><\/strong><\/a><\/span><\/span><span style=\"font-size: 16px\">\/ <\/span><span style=\"font-size: 16px\">M\u00e1s info <\/span><span class=\"html-span xdj266r x14z9mp xat24cr x1lziwak xexx8yu xyri2b x18d9i69 x1c1uobl x1hl2dhg x16tdsg8 x1vvkbs\" style=\"font-size: 16px\"><a class=\"x1i10hfl xjbqb8w x1ejq31n x18oe1m7 x1sy0etr xstzfhl x972fbf x10w94by x1qhh985 x14e42zd x9f619 x1ypdohk xt0psk2 xe8uvvx xdj266r x14z9mp xat24cr x1lziwak xexx8yu xyri2b x18d9i69 x1c1uobl x16tdsg8 x1hl2dhg xggy1nq x1a2a7pz xkrqix3 x1sur9pj x1fey0fg x1s688f\" role=\"link\" href=\"https:\/\/labenefica.org\/artistes-beneficos-25\/?fbclid=IwZXh0bgNhZW0CMTAAYnJpZBExVEJpSWNGbE5KN1dOUzZoTAEezBpVDcEc182VsnLp8FVA80RIYA-_qIFgv2WDVMsc3QNk8h7wHjNfIhenqJQ_aem_ut6NWXpi_Jn9yBu5121I8g\" target=\"_blank\" rel=\"nofollow noopener noreferrer\">https:\/\/labenefica.org\/artistes-beneficos-25\/<\/a><\/span><\/li>\n<\/ul>\n<p style=\"text-align: center\"><a href=\"https:\/\/labenefica.org\/wp-content\/uploads\/2025\/06\/Artistes-Genera-Web.jpg\"><img loading=\"lazy\" decoding=\"async\" class=\"aligncenter size-large\" src=\"https:\/\/labenefica.org\/wp-content\/uploads\/2025\/06\/Artistes-Genera-Web.jpg\" width=\"1500\" height=\"500\" \/><\/a><\/p>\n<\/div>\n<\/div>\n<\/div>\n<\/div>\n<\/div>\n<div class=\"html-div xdj266r x14z9mp xat24cr x1lziwak xexx8yu xyri2b x18d9i69 x1c1uobl\" dir=\"auto\">\n<div class=\"html-div xdj266r x14z9mp xat24cr x1lziwak xexx8yu xyri2b x18d9i69 x1c1uobl\" dir=\"auto\">\n<div class=\"html-div xdj266r x14z9mp xat24cr x1lziwak xexx8yu xyri2b x18d9i69 x1c1uobl\" data-ad-rendering-role=\"story_message\">\n<div class=\"x1l90r2v x1iorvi4 x1g0dm76 xpdmqnj\" data-ad-comet-preview=\"message\" data-ad-preview=\"message\">\n<div class=\"x78zum5 xdt5ytf xz62fqu x16ldp7u\">\n<div class=\"xu06os2 x1ok221b\">\n<div class=\"html-div xdj266r x14z9mp xat24cr x1lziwak xexx8yu xyri2b x18d9i69 x1c1uobl\">\n<div class=\"xdj266r x14z9mp xat24cr x1lziwak x1vvkbs x126k92a\"><\/div>\n<div class=\"x14z9mp xat24cr x1lziwak x1vvkbs xtlvy1s x126k92a\">\n<div dir=\"auto\">Modernes, artistes, rom\u00e1ntiques, fil\u00e1ntropes, benefactores, dram\u00e1tiques en xeneral\u2026 Ya ta equ\u00ed una edici\u00f3n nueva, y van tres, de la vuestra<strong> esposici\u00f3n favorita del branu, la de los \u201cArtistes Ben\u00e9ficos\u201d<\/strong>. Una amuesa que, como ye habitual, va abrir les sos puertes <strong>nel Ant\u00edguu Balneariu de Borines, en Pilo\u00f1a, ente\u2019l 2 d\u2019agostu y el 7 de setiembre.<\/strong><\/div>\n<div dir=\"auto\"><!--more--><\/div>\n<div dir=\"auto\"><\/div>\n<div dir=\"auto\">Mediu centenar d\u2019artistes participen nesta ocasi\u00f3n na esposici\u00f3n que <strong>va tar abierta vienres, s\u00e1bados, domingos y festivos<\/strong>. Am\u00e1s d&#8217;esfrutar del pas\u00e9u per Borines, que siempre presta, vas poder mercar dalguna de les pieces que s&#8217;esponen y asina, nun solo tener en casa una obra d\u2019arte, tami\u00e9n collaborar pa que\u2019l proyectu de La Ben\u00e9fica siga p\u2019alantre. \u00bfVas perdelo?<\/div>\n<\/div>\n<div class=\"x14z9mp xat24cr x1lziwak x1vvkbs xtlvy1s x126k92a\">\n<div dir=\"auto\"><\/div>\n<\/div>\n<\/div>\n<\/div>\n<\/div>\n<\/div>\n<\/div>\n<\/div>\n<\/div>\n<p>&nbsp;<\/p>\n<section class=\"elementor-section elementor-top-section elementor-element elementor-element-9d26597 elementor-section-boxed elementor-section-height-default elementor-section-height-default qodef-elementor-content-no\" data-id=\"9d26597\" data-element_type=\"section\">\n<div class=\"elementor-container elementor-column-gap-default\">\n<div class=\"elementor-column elementor-col-100 elementor-top-column elementor-element elementor-element-dcc95cc\" data-id=\"dcc95cc\" data-element_type=\"column\">\n<div class=\"elementor-widget-wrap elementor-element-populated\">\n<div class=\"elementor-element elementor-element-39fddff elementor-widget elementor-widget-heading\" data-id=\"39fddff\" data-element_type=\"widget\" data-widget_type=\"heading.default\">\n<div class=\"elementor-widget-container\">\n<h2 style=\"text-align: center\"><a href=\"https:\/\/labenefica.org\/wp-content\/uploads\/2025\/06\/Artistes-Vermu-IG-1229x1536.jpg\"><img loading=\"lazy\" decoding=\"async\" class=\"aligncenter \" src=\"https:\/\/labenefica.org\/wp-content\/uploads\/2025\/06\/Artistes-Vermu-IG-1229x1536.jpg\" width=\"676\" height=\"845\" \/><\/a><\/h2>\n<h2 class=\"elementor-heading-title elementor-size-default\" style=\"text-align: center\"><span style=\"color: #008080\">MERC\u00c1U D&#8217;ARTE EN BORINES<\/span><\/h2>\n<\/div>\n<\/div>\n<div class=\"elementor-element elementor-element-f5a3356 elementor-widget__width-initial elementor-widget elementor-widget-text-editor\" data-id=\"f5a3356\" data-element_type=\"widget\" data-widget_type=\"text-editor.default\">\n<div class=\"elementor-widget-container\">\n<p>Un verano m\u00e1s, nos entusiasma anunciar que ya est\u00e1 todo listo para el\u00a0<strong><i>Merc\u00e1u d\u2019Arte<\/i><\/strong>\u00a0en el Antiguo Balneario de Borines. Queremos invitaros a celebrar su inauguraci\u00f3n con nosotros el s\u00e1bado 2 de agosto, a las 12h, acompa\u00f1ada de un verm\u00fa musical con\u00a0<strong><a href=\"https:\/\/www.instagram.com\/laviudadeangelin\/\">La Viuda de Angel\u00edn<\/a><\/strong>\u00a0para empezar a disfrutar del arte como se merece: con m\u00fasica, con viejos y nuevos encuentros y obras a las que admirar. Tambi\u00e9n podremos comer una vez m\u00e1s de mano de\u00a0<strong><a href=\"https:\/\/www.instagram.com\/setadebosque\/\">Setadebosque<\/a><\/strong><strong>,<\/strong>\u00a0con platos dedicados a la seta shiitake, cultivada en la zona.<\/p>\n<\/div>\n<\/div>\n<\/div>\n<\/div>\n<\/div>\n<\/section>\n<section class=\"elementor-section elementor-top-section elementor-element elementor-element-5f9057f elementor-section-boxed elementor-section-height-default elementor-section-height-default qodef-elementor-content-no\" data-id=\"5f9057f\" data-element_type=\"section\">\n<div class=\"elementor-container elementor-column-gap-default\">\n<div class=\"elementor-column elementor-col-100 elementor-top-column elementor-element elementor-element-fe54824\" data-id=\"fe54824\" data-element_type=\"column\">\n<div class=\"elementor-widget-wrap elementor-element-populated\">\n<div class=\"elementor-element elementor-element-b6ffca2 elementor-widget elementor-widget-heading\" data-id=\"b6ffca2\" data-element_type=\"widget\" data-widget_type=\"heading.default\">\n<div class=\"elementor-widget-container\">\n<h3 class=\"elementor-heading-title elementor-size-default\">Qu\u00e9 es un merc\u00e1u d&#8217;arte<\/h3>\n<\/div>\n<\/div>\n<div class=\"elementor-element elementor-element-9b60e3a elementor-widget__width-initial elementor-widget elementor-widget-text-editor\" data-id=\"9b60e3a\" data-element_type=\"widget\" data-widget_type=\"text-editor.default\">\n<div class=\"elementor-widget-container\">\n<p>No somos galeristas, ni pretendemos serlo. El\u00a0<i>merc\u00e1u<\/i>\u00a0es un espacio expositivo pensado para que cualquier persona pueda acercarse a descubrir obras de artistas de lenguajes muy diversos: pintura, escultura, textil y otras formas pl\u00e1sticas y materiales. Y, adem\u00e1s, se pueden adquirir a precios para todos los bolsillos, porque creemos que el arte no debe ser un lujo reservado.<\/p>\n<p>Este a\u00f1o, por primera vez, hemos lanzado una convocatoria p\u00fablica para que artistas interesados pudieran proponer sus obras. Hemos recibido propuestas aut\u00e9nticas, comprometidas y cargadas de expresi\u00f3n que estamos deseando compartir con vosotros.<\/p>\n<p>La venta de las piezas no solo apoya directamente a las y los artistas, sino que tambi\u00e9n contribuye al proyecto de La Ben\u00e9fica: el 50% de lo recaudado se destina a seguir equipando el antiguo teatro ya rehabilitado, un espacio que sigue transform\u00e1ndose gracias al apoyo colectivo. Agradecemos profundamente la generosidad y compromiso de todas las personas que han querido sumarse.<\/p>\n<p>De momento, guardamos el secreto sobre qui\u00e9nes son los artistas participantes\u2026 porque queremos invitaros a descubrirlos en persona, a dejaros sorprender por sus obras y a conversar directamente con ellas.<\/p>\n<p>Adem\u00e1s de la inauguraci\u00f3n, estamos organizando otras actividades para los fines de semana de agosto, as\u00ed que estate al tanto de nuestras redes y agenda web para poder participar.<\/p>\n<p>Hoy Borines Manantial de Cultura busca hacer del balneario un espacio para el di\u00e1logo y la creaci\u00f3n para cultivar la salud emocional a trav\u00e9s de las relaciones humanas y la cultura en todas sus disciplinas.<\/p>\n<\/div>\n<\/div>\n<\/div>\n<\/div>\n<\/div>\n<\/section>\n<section class=\"elementor-section elementor-top-section elementor-element elementor-element-1c32f0a elementor-section-boxed elementor-section-height-default elementor-section-height-default qodef-elementor-content-no\" data-id=\"1c32f0a\" data-element_type=\"section\">\n<div class=\"elementor-container elementor-column-gap-default\">\n<div class=\"elementor-column elementor-col-100 elementor-top-column elementor-element elementor-element-fbd9936\" data-id=\"fbd9936\" data-element_type=\"column\">\n<div class=\"elementor-widget-wrap elementor-element-populated\">\n<div class=\"elementor-element elementor-element-b6b3b2a elementor-widget elementor-widget-heading\" data-id=\"b6b3b2a\" data-element_type=\"widget\" data-widget_type=\"heading.default\">\n<div class=\"elementor-widget-container\">\n<h3 class=\"elementor-heading-title elementor-size-default\">D\u00f3nde<\/h3>\n<\/div>\n<\/div>\n<div class=\"elementor-element elementor-element-d0f6a13 elementor-widget__width-initial elementor-widget elementor-widget-text-editor\" data-id=\"d0f6a13\" data-element_type=\"widget\" data-widget_type=\"text-editor.default\">\n<div class=\"elementor-widget-container\">\n<p>El\u00a0<strong><a href=\"https:\/\/g.co\/kgs\/uUcHHaH\">Antiguo Balneario de Borines<\/a><\/strong>\u00a0construido en 1892 es un reflejo de la historia cultural y social de Asturias. Hasta principios del siglo XX este lugar fue un centro de encuentro y salud, donde la \u00e9lite cultural y social se reun\u00eda para disfrutar de los beneficios de las aguas minero-medicinales de su manantial.<\/p>\n<p>Hoy Borines Manantial de Cultura busca hacer del balneario un espacio para el di\u00e1logo y la creaci\u00f3n para cultivar la salud emocional a trav\u00e9s de las relaciones humanas y la cultura en todas sus disciplinas.<\/p>\n<\/div>\n<\/div>\n<\/div>\n<\/div>\n<\/div>\n<\/section>\n<section class=\"elementor-section elementor-top-section elementor-element elementor-element-d4daf34 elementor-section-boxed elementor-section-height-default elementor-section-height-default qodef-elementor-content-no\" data-id=\"d4daf34\" data-element_type=\"section\">\n<div class=\"elementor-container elementor-column-gap-default\">\n<div class=\"elementor-column elementor-col-100 elementor-top-column elementor-element elementor-element-3a6af0a\" data-id=\"3a6af0a\" data-element_type=\"column\">\n<div class=\"elementor-widget-wrap elementor-element-populated\">\n<div class=\"elementor-element elementor-element-069e511 elementor-widget elementor-widget-heading\" data-id=\"069e511\" data-element_type=\"widget\" data-widget_type=\"heading.default\">\n<div class=\"elementor-widget-container\">\n<h3 class=\"elementor-heading-title elementor-size-default\">Fechas y horarios<\/h3>\n<\/div>\n<\/div>\n<div class=\"elementor-element elementor-element-71931a3 elementor-widget__width-initial elementor-widget elementor-widget-text-editor\" data-id=\"71931a3\" data-element_type=\"widget\" data-widget_type=\"text-editor.default\">\n<div class=\"elementor-widget-container\">\n<p>Del s\u00e1bado 2 de agosto al domingo 7 de septiembre.<\/p>\n<ul>\n<li><strong>Viernes:<\/strong>\u00a018:00 \u2013 20:00<\/li>\n<li><strong>S\u00e1bado:<\/strong>\u00a011:00 \u2013 14:00 y 18:00 \u2013 20:00<\/li>\n<li><strong>Domingo:<\/strong>\u00a011:00 \u2013 14:00<\/li>\n<\/ul>\n<\/div>\n<\/div>\n<\/div>\n<\/div>\n<\/div>\n<\/section>\n","protected":false},"excerpt":{"rendered":"<p>La Ben\u00e9fica de Pilo\u00f1a\/ M\u00e1s info https:\/\/labenefica.org\/artistes-beneficos-25\/ Modernes, artistes, rom\u00e1ntiques, fil\u00e1ntropes, benefactores, dram\u00e1tiques en xeneral\u2026 Ya ta equ\u00ed una edici\u00f3n nueva, y van tres, de la vuestra esposici\u00f3n favorita del branu, la de los \u201cArtistes Ben\u00e9ficos\u201d. Una amuesa que, como ye habitual, va abrir les sos puertes nel Ant\u00edguu Balneariu de Borines, en Pilo\u00f1a, ente\u2019l [&hellip;]<\/p>\n","protected":false},"author":117,"featured_media":0,"comment_status":"closed","ping_status":"open","sticky":false,"template":"","format":"standard","meta":{"footnotes":""},"categories":[89,290],"tags":[],"class_list":["post-53365","post","type-post","status-publish","format-standard","hentry","category-arte","category-mercau"],"_links":{"self":[{"href":"https:\/\/edublog.educastur.es\/ixuxu\/wp-json\/wp\/v2\/posts\/53365","targetHints":{"allow":["GET"]}}],"collection":[{"href":"https:\/\/edublog.educastur.es\/ixuxu\/wp-json\/wp\/v2\/posts"}],"about":[{"href":"https:\/\/edublog.educastur.es\/ixuxu\/wp-json\/wp\/v2\/types\/post"}],"author":[{"embeddable":true,"href":"https:\/\/edublog.educastur.es\/ixuxu\/wp-json\/wp\/v2\/users\/117"}],"replies":[{"embeddable":true,"href":"https:\/\/edublog.educastur.es\/ixuxu\/wp-json\/wp\/v2\/comments?post=53365"}],"version-history":[{"count":3,"href":"https:\/\/edublog.educastur.es\/ixuxu\/wp-json\/wp\/v2\/posts\/53365\/revisions"}],"predecessor-version":[{"id":53375,"href":"https:\/\/edublog.educastur.es\/ixuxu\/wp-json\/wp\/v2\/posts\/53365\/revisions\/53375"}],"wp:attachment":[{"href":"https:\/\/edublog.educastur.es\/ixuxu\/wp-json\/wp\/v2\/media?parent=53365"}],"wp:term":[{"taxonomy":"category","embeddable":true,"href":"https:\/\/edublog.educastur.es\/ixuxu\/wp-json\/wp\/v2\/categories?post=53365"},{"taxonomy":"post_tag","embeddable":true,"href":"https:\/\/edublog.educastur.es\/ixuxu\/wp-json\/wp\/v2\/tags?post=53365"}],"curies":[{"name":"wp","href":"https:\/\/api.w.org\/{rel}","templated":true}]}}