{"id":53384,"date":"2025-07-19T08:30:03","date_gmt":"2025-07-19T06:30:03","guid":{"rendered":"https:\/\/edublog.educastur.es\/ixuxu\/?p=53384"},"modified":"2025-07-18T23:10:34","modified_gmt":"2025-07-18T21:10:34","slug":"53384","status":"publish","type":"post","link":"https:\/\/edublog.educastur.es\/ixuxu\/2025\/07\/53384\/","title":{"rendered":"El tiempu (El Comercio)"},"content":{"rendered":"<p style=\"text-align: center\"><a href=\"https:\/\/s3.ppllstatics.com\/elcomercio\/www\/multimedia\/2025\/07\/18\/prevision-tiempo-asturias-kjEG-U2301948938566Ca-1200x860@El%20Comercio.jpg\"><img loading=\"lazy\" decoding=\"async\" class=\"aligncenter size-large\" src=\"https:\/\/s3.ppllstatics.com\/elcomercio\/www\/multimedia\/2025\/07\/18\/prevision-tiempo-asturias-kjEG-U2301948938566Ca-1200x860@El%20Comercio.jpg\" width=\"1200\" height=\"860\" \/><\/a><\/p>\n<p><strong>Vamos amanecer<\/strong> con delles nubes baxes pero, r\u00e1pido, van sumir y van dar pasu a un predominiu de nubes de tipu altu insignificantes que nun van dexar precipitaciones. Ello ye que por momentos, prevense escamplaes nel cielu. <strong>Los vientos<\/strong> van soplar de componente oeste con posibles raches moderaes especialmente na mari\u00f1a. Nel interior, sicas\u00ed, prevense fluexos en ll\u00ednees xenerales. <strong>Les temperatures m\u00e1ximes<\/strong> van xubir hasta 4 o 5 \u00baC respectu al vienres. El suroccidente va ser l&#8217;\u00fanicu sector que, a priori, nun va esperimentar cambeos t\u00e9rmicos. Tocantes a <strong>les m\u00ednimes<\/strong>, van xubir llixeramente nel cordal, van baxar escontra l&#8217;oeste y van caltenese ensin cambeos nel restu del Princip\u00e1u.<\/p>\n<p><!--more--><\/p>\n<p>Na madrugada del domingu esperamos la entrada d&#8217;un frente fr\u00edu non bien activu, pero lo suficiente como para dexar abondosa nubosid\u00e1 y delles precipitaciones d\u00e9biles n&#8217;Asturies, non solo de madrugada sin\u00f3n, posiblemente, tami\u00e9n mientres les primeres hores de la ma\u00f1ana del domingu. Conforme meyora la xornada dominical ye probable que la inestabilid\u00e1 tienda a unviar y, inclusive, \u00e1branse delles escamplaes nel cielu. Eso s\u00ed, les temperatures van ser m\u00e1s baxes en tola Comunid\u00e1 Aut\u00f3noma.<\/p>\n","protected":false},"excerpt":{"rendered":"<p>Vamos amanecer con delles nubes baxes pero, r\u00e1pido, van sumir y van dar pasu a un predominiu de nubes de tipu altu insignificantes que nun van dexar precipitaciones. Ello ye que por momentos, prevense escamplaes nel cielu. Los vientos van soplar de componente oeste con posibles raches moderaes especialmente na mari\u00f1a. Nel interior, sicas\u00ed, prevense [&hellip;]<\/p>\n","protected":false},"author":117,"featured_media":0,"comment_status":"closed","ping_status":"open","sticky":false,"template":"","format":"standard","meta":{"footnotes":""},"categories":[5],"tags":[],"class_list":["post-53384","post","type-post","status-publish","format-standard","hentry","category-tiempu"],"_links":{"self":[{"href":"https:\/\/edublog.educastur.es\/ixuxu\/wp-json\/wp\/v2\/posts\/53384","targetHints":{"allow":["GET"]}}],"collection":[{"href":"https:\/\/edublog.educastur.es\/ixuxu\/wp-json\/wp\/v2\/posts"}],"about":[{"href":"https:\/\/edublog.educastur.es\/ixuxu\/wp-json\/wp\/v2\/types\/post"}],"author":[{"embeddable":true,"href":"https:\/\/edublog.educastur.es\/ixuxu\/wp-json\/wp\/v2\/users\/117"}],"replies":[{"embeddable":true,"href":"https:\/\/edublog.educastur.es\/ixuxu\/wp-json\/wp\/v2\/comments?post=53384"}],"version-history":[{"count":2,"href":"https:\/\/edublog.educastur.es\/ixuxu\/wp-json\/wp\/v2\/posts\/53384\/revisions"}],"predecessor-version":[{"id":53386,"href":"https:\/\/edublog.educastur.es\/ixuxu\/wp-json\/wp\/v2\/posts\/53384\/revisions\/53386"}],"wp:attachment":[{"href":"https:\/\/edublog.educastur.es\/ixuxu\/wp-json\/wp\/v2\/media?parent=53384"}],"wp:term":[{"taxonomy":"category","embeddable":true,"href":"https:\/\/edublog.educastur.es\/ixuxu\/wp-json\/wp\/v2\/categories?post=53384"},{"taxonomy":"post_tag","embeddable":true,"href":"https:\/\/edublog.educastur.es\/ixuxu\/wp-json\/wp\/v2\/tags?post=53384"}],"curies":[{"name":"wp","href":"https:\/\/api.w.org\/{rel}","templated":true}]}}