{"id":53406,"date":"2025-07-19T13:05:18","date_gmt":"2025-07-19T11:05:18","guid":{"rendered":"https:\/\/edublog.educastur.es\/ixuxu\/?p=53406"},"modified":"2025-07-19T13:11:34","modified_gmt":"2025-07-19T11:11:34","slug":"la-disenadora-uvieina-patricia-urquiola-premiu-nacional-2025","status":"publish","type":"post","link":"https:\/\/edublog.educastur.es\/ixuxu\/2025\/07\/la-disenadora-uvieina-patricia-urquiola-premiu-nacional-2025\/","title":{"rendered":"La dise\u00f1adora uvieina Patricia Urquiola, Premiu Nacional 2025"},"content":{"rendered":"<ul>\n<li><a href=\"https:\/\/www.lne.es\/oviedo\/2025\/07\/17\/ovetense-patricia-urquiola-premio-nacional-119773924.html?utm_term=Autofeed&amp;utm_medium=Social&amp;utm_source=Facebook&amp;fbclid=IwY2xjawLoWeNleHRuA2FlbQIxMABicmlkETBLS3cxdFNFR0NJUzd5TllSAR58pjeB3CJ-6Eroi-GODywdq2d0IiRma6ABYu9dsZVfaQEW8rriGR_vEKLh7w_aem_5FtZOZa9RZjY1HTCXdB_Qw#Echobox=1752745337\">LNE<\/a><\/li>\n<\/ul>\n<p>La uvieina Patricia Urquiola, Premiu Nacional 2025: \u00abEl dise\u00f1u, para mi, foi siempres una forma de di\u00e1logu\u00bb. L&#8217;arquiteuta recibe esta nueva reconocencia con \u00abuna emoci\u00f3n fonda, que me conecta colos mios raiga\u00f1os\u00bb.<\/p>\n<p style=\"text-align: center\"><a href=\"https:\/\/estaticos-cdn.prensaiberica.es\/clip\/f1d74056-f144-456e-a018-391df5f17ec3_16-9-aspect-ratio_default_0.webp\"><img loading=\"lazy\" decoding=\"async\" class=\"aligncenter size-large\" src=\"https:\/\/estaticos-cdn.prensaiberica.es\/clip\/f1d74056-f144-456e-a018-391df5f17ec3_16-9-aspect-ratio_default_0.webp\" width=\"880\" height=\"495\" \/><\/a><\/p>\n<p>L&#8217;arquiteuta y dise\u00f1adora Patricia Urquiola Hidalgo (Uvi\u00e9u,1961) sum\u00f3 ayeri una nueva distinci\u00f3n a una brillosa y galardonada trayectoria internacional desenvuelta dende&#8217;l so estudiu de Mil\u00e1n. La uvieina, qu&#8217;en 2010 foi nomada F\u00eda Predilecta de la so ciud\u00e1 y que en 2005 fuera estremada como \u00abAsturiana del mes\u00bb de LA NUEVA ESPA\u00d1A, a\u00f1ede a una llarga llista de reconocencies el <strong>Premiu Nacional de Dise\u00f1u 2025 na modalid\u00e1 de Trayectoria en Dise\u00f1u, qu&#8217;otorga&#8217;l Ministeriu de Ciencia, Innovaci\u00f3n y Universidaes.<\/strong><\/p>\n<p><!--more--><\/p>\n<p>Ayeri mesmu, en conociendo la concesi\u00f3n del premiu, Patricia Urquiola reconoci\u00f3 tar transitando por un periodu bien especial pa mi\u00bb. \u00abL&#8217;a\u00f1u pas\u00e1u tuvi l&#8217;honor d&#8217;ingresar na Real Academia de Belles Artes de San Fernando y, angua\u00f1o, recibir el Premiu Nacional de Dise\u00f1u ye una emoci\u00f3n fonda, que me conecta colos mios raiga\u00f1os, col mio pa\u00eds, con tantes persones que formaron parte d&#8217;esti cam\u00edn\u00bb, se *sincer\u00f3.<\/p>\n<p>2025 ta siendo un a\u00f1u pre\u00f1\u00e1u de bones noticies pa la dise\u00f1adora asturiana. N&#8217;ochobre va recibir el Premiu Internacional \u00abLeonardo da Vinci\u00bb, qu&#8217;otorga la Bienal de Florencia; debuta na Bienal d&#8217;Arquitectura de Venecia, con una esposici\u00f3n que va permanecer abierta hasta&#8217;l pr\u00f3ximu 23 de payares; va completar el so primer trabayu arquitect\u00f3nicu en Xap\u00f3n, Casa Caban Hayama Hotel, a les veres de la badea de Sagami, que va abrir les sos puertes n&#8217;avientu y, ese mesmu mes, va inaugurar una individual nel Centru d&#8217;Innovaci\u00f3n y Dise\u00f1u de Grand Hornu, en B\u00e9lxica.<\/p>\n<p><strong>\u00abUna forma de di\u00e1logu\u00bb.\u00a0<\/strong>\u00abEl dise\u00f1u, pa mi, foi siempres una forma de di\u00e1logu: ente tradici\u00f3n ya innovaci\u00f3n, ente la materia y l&#8217;emoci\u00f3n, ente la funci\u00f3n y la guapura. Esta reconocencia nun ye solo un premiu personal, sin\u00f3n una celebraci\u00f3n colectiva del trabayu compart\u00edu con tolos que m&#8217;acompa\u00f1aron, nel estudiu, na industria, na educaci\u00f3n\u00bb, cavilgaba ayeri y sigu\u00eda estim\u00e1ndolo \u00abfondamente al Ministeriu de Ciencia, Innovaci\u00f3n y Universidaes y a toles persones que creen que&#8217;l dise\u00f1u ye una ferramienta tresformador pa la nuesa vida cotidiana\u00bb.<\/p>\n<p>El xur\u00e1u del Premiu Nacional de Dise\u00f1u 2025 considera a Patricia Urquiola \u00abuna figura indiscutible del dise\u00f1u espa\u00f1ol a escala internacional\u00bb y empondera \u00abuna carrera escepcional que tresform\u00f3&#8217;l dise\u00f1u contemporaneu\u00bb. Sorraya, am\u00e1s, \u00abla so pervalible contribuci\u00f3n al dise\u00f1u espa\u00f1ol y el so espardimientu nel mundu, gracies a un intensu llabor docente, acad\u00e9mica, muse\u00edstica y espositiva\u00bb.<\/p>\n<p>Urquiola formose na Escuela T\u00e9cnica Cimera d&#8217;Arquitectura de Madrid y nel Polit\u00e9cnicu de Mil\u00e1n, baxu\u00a0 la tutela de grandes maestros como Achille Castiglioni y Vico Magistretti.<\/p>\n<p>Dende la fundaci\u00f3n del so estudiu en Mil\u00e1n, en 2001, Urquiola collabor\u00f3 coles firmes m\u00e1s prestixoses del mundu, como Cassina \u2013de la que ye directora creativa dende 2015\u2013, y trabaya con importantes empreses de dise\u00f1u italianes ya internacionales. Tami\u00e9n cre\u00f3 pieces ic\u00f3niques, que g\u00fcei s&#8217;esiben en museos como&#8217;l MoMA de Nueva York y el Mus\u00e9u d&#8217;Artes Decoratives de Par\u00eds.<\/p>\n<p>Si daqu\u00e9 caracteriza&#8217;l so trabayu ye la fusi\u00f3n de la innovaci\u00f3n tecnol\u00f3xica con una esquisita sensibilid\u00e1 artesanal y el compromisu cola sostenibilid\u00e1. L&#8217;asturiana anov\u00f3 fondamente&#8217;l dise\u00f1u del sieglu XXI, dende un enfoque human\u00edsticu, esperimental y social, siempres en busca de la guapura y en di\u00e1logu constante cola socied\u00e1.<\/p>\n<p><strong>\u00abActit\u00fa cotidiana\u00bb.\u00a0<\/strong>En 2024, con ocasi\u00f3n del so ingresu na Real Academia de Belles Artes de San Fernando, Patricia Urquiola, cunt\u00f3 que vive&#8217;l so trabayu como dise\u00f1adora \u00abm\u00e1s bien como una actit\u00fa cotidiana que como un oficiu; como un est\u00e1u de tensi\u00f3n continuo; dir\u00eda inclusive como una forma de llealt\u00e1\u00bb. L&#8217;Hotel Il Serenu nel llagu Como, el Room Mate Giulia en Mil\u00e1n, el yate SD96 pa Sanlorenzo, les torres Marienturm y Marienforum en Frankfurt, el spa del Hotel Four Seasons de Mil\u00e1n, el Mus\u00e9u de les Xoyes de Vicenza, l&#8217;Hotel Mandarin Oriental en Barcelona, el Das Stue en Berl\u00edn, los sos \u00abshowrooms\u00bb ya instalaciones pa Gianvito Rossi, BMW, Cassina, Missoni, Morosu, Molteni, Officine Panerai, H&amp;M y Santoni son dalgunos de los proyectos d&#8217;arquitectura, interiorismu y dise\u00f1u que lleven la so firma.<\/p>\n<p>Urquiola empecipia cada proyectu construyendo una conex\u00f3n emp\u00e1tica col so veceru, que, col tiempu, va acabar interactuando colos sos dise\u00f1os. Esto aprendiolo d&#8217;Achille Castiglioni, unos de los sos maestros: hai qu&#8217;establecer l&#8217;elementu fundamental\u00bb, como \u00e9l llama, la base de cada proyectu, y caltenese siempres enfocada n\u00e9l, pensando los espacios y los oxetos en relaci\u00f3n coles persones. El <strong>Studio Urquiola<\/strong> non solo dise\u00f1a oxetos y arquitectures, tami\u00e9n promueve la reflex\u00f3n sobro&#8217;l futuru de la movilid\u00e1, los espacios de trabayu y los ciclos granibles.<\/p>\n<p>Urquiola forma parte del conseyu asesor del Polit\u00e9cnicu de Mil\u00e1n y del Mus\u00e9u Trienal de Mil\u00e1n, imparti\u00f3&#8217;l m\u00e1ster en Dise\u00f1u d&#8217;Interiores na Domus Academy de Mil\u00e1n y pronunci\u00f3 conferencies, ente otres munches instituciones, na Universid\u00e1 de Harvard, la de Michigan, la Escuela Shenkar d&#8217;Inxenier\u00eda y Dise\u00f1u d&#8217;Israel, l&#8217;Academia Alvar Aalto de Finlandia y l&#8217;Universid\u00e1 Estatal y l&#8217;Universid\u00e1 Bocconi de Mil\u00e1n.<\/p>\n<p>&nbsp;<\/p>\n","protected":false},"excerpt":{"rendered":"<p>LNE La uvieina Patricia Urquiola, Premiu Nacional 2025: \u00abEl dise\u00f1u, para mi, foi siempres una forma de di\u00e1logu\u00bb. L&#8217;arquiteuta recibe esta nueva reconocencia con \u00abuna emoci\u00f3n fonda, que me conecta colos mios raiga\u00f1os\u00bb. L&#8217;arquiteuta y dise\u00f1adora Patricia Urquiola Hidalgo (Uvi\u00e9u,1961) sum\u00f3 ayeri una nueva distinci\u00f3n a una brillosa y galardonada trayectoria internacional desenvuelta dende&#8217;l so [&hellip;]<\/p>\n","protected":false},"author":117,"featured_media":0,"comment_status":"closed","ping_status":"open","sticky":false,"template":"","format":"standard","meta":{"footnotes":""},"categories":[198,318],"tags":[],"class_list":["post-53406","post","type-post","status-publish","format-standard","hentry","category-arquitectura","category-disenu"],"_links":{"self":[{"href":"https:\/\/edublog.educastur.es\/ixuxu\/wp-json\/wp\/v2\/posts\/53406","targetHints":{"allow":["GET"]}}],"collection":[{"href":"https:\/\/edublog.educastur.es\/ixuxu\/wp-json\/wp\/v2\/posts"}],"about":[{"href":"https:\/\/edublog.educastur.es\/ixuxu\/wp-json\/wp\/v2\/types\/post"}],"author":[{"embeddable":true,"href":"https:\/\/edublog.educastur.es\/ixuxu\/wp-json\/wp\/v2\/users\/117"}],"replies":[{"embeddable":true,"href":"https:\/\/edublog.educastur.es\/ixuxu\/wp-json\/wp\/v2\/comments?post=53406"}],"version-history":[{"count":2,"href":"https:\/\/edublog.educastur.es\/ixuxu\/wp-json\/wp\/v2\/posts\/53406\/revisions"}],"predecessor-version":[{"id":53412,"href":"https:\/\/edublog.educastur.es\/ixuxu\/wp-json\/wp\/v2\/posts\/53406\/revisions\/53412"}],"wp:attachment":[{"href":"https:\/\/edublog.educastur.es\/ixuxu\/wp-json\/wp\/v2\/media?parent=53406"}],"wp:term":[{"taxonomy":"category","embeddable":true,"href":"https:\/\/edublog.educastur.es\/ixuxu\/wp-json\/wp\/v2\/categories?post=53406"},{"taxonomy":"post_tag","embeddable":true,"href":"https:\/\/edublog.educastur.es\/ixuxu\/wp-json\/wp\/v2\/tags?post=53406"}],"curies":[{"name":"wp","href":"https:\/\/api.w.org\/{rel}","templated":true}]}}