{"id":53414,"date":"2025-07-19T13:17:32","date_gmt":"2025-07-19T11:17:32","guid":{"rendered":"https:\/\/edublog.educastur.es\/ixuxu\/?p=53414"},"modified":"2025-07-19T13:18:12","modified_gmt":"2025-07-19T11:18:12","slug":"el-llavaderu-de-gonzalez-toma","status":"publish","type":"post","link":"https:\/\/edublog.educastur.es\/ixuxu\/2025\/07\/el-llavaderu-de-gonzalez-toma\/","title":{"rendered":"El llavaderu de Gonz\u00e1lez Toma n&#8217;Avil\u00e9s"},"content":{"rendered":"<div class=\"html-div xdj266r xat24cr x1lziwak xexx8yu xyri2b x18d9i69 x1c1uobl x78zum5 x2lah0s xqtp20y x1xegmmw\">\n<div class=\"xc9qbxq x1td3qas x6s0dn4 x78zum5 xl56j7k\"><\/div>\n<\/div>\n<div class=\"html-div xdj266r x14z9mp xat24cr x1lziwak xexx8yu xyri2b x18d9i69 x1c1uobl\" dir=\"auto\">\n<div class=\"html-div xdj266r x14z9mp xat24cr x1lziwak xexx8yu xyri2b x18d9i69 x1c1uobl\" dir=\"auto\">\n<div class=\"html-div xdj266r x14z9mp xat24cr x1lziwak xexx8yu xyri2b x18d9i69 x1c1uobl\" data-ad-rendering-role=\"story_message\">\n<div class=\"x1l90r2v x1iorvi4 x1g0dm76 xpdmqnj\" data-ad-comet-preview=\"message\" data-ad-preview=\"message\">\n<div class=\"x78zum5 xdt5ytf xz62fqu x16ldp7u\">\n<div class=\"xu06os2 x1ok221b\">\n<div class=\"html-div xdj266r x14z9mp xat24cr x1lziwak xexx8yu xyri2b x18d9i69 x1c1uobl\">\n<div class=\"xdj266r x14z9mp xat24cr x1lziwak x1vvkbs x126k92a\">\n<div dir=\"auto\">El llavaderu de Gonz\u00e1lez Toma, d&#8217;antiguo el llavaderu de \u00a0<span class=\"html-span xdj266r x14z9mp xat24cr x1lziwak xexx8yu xyri2b x18d9i69 x1c1uobl x1hl2dhg x16tdsg8 x1vvkbs\"><a class=\"x1i10hfl xjbqb8w x1ejq31n x18oe1m7 x1sy0etr xstzfhl x972fbf x10w94by x1qhh985 x14e42zd x9f619 x1ypdohk xt0psk2 xe8uvvx xdj266r x14z9mp xat24cr x1lziwak xexx8yu xyri2b x18d9i69 x1c1uobl x16tdsg8 x1hl2dhg xggy1nq x1a2a7pz xkrqix3 x1sur9pj x1fey0fg x1s688f\" role=\"link\" href=\"https:\/\/www.facebook.com\/profile.php?id=100008718607261&amp;__cft__[0]=AZUjJ9bXQEl2NLgf7g3Oc5mbw2wv4wreFuAENfm7yatInDjuVoWIVx_55Qhu4Ly7aF6dqQowW-5zHrhkPei6QPgWB0wiZVtPeE8h7YSG5DAzGLyylM0VkHLy79uRsBasB4LPRhiyU2-qPhMCurFs-q4nc8DjIZxAodTY4JJFG0A26VjwLCSjkILhSxu0maCijwNtePnmmlwGdbi245N5jysILvt6NLbIxaJy2CJ6iJS_JA&amp;__tn__=-]K-y-R\"><span class=\"xt0psk2\"><span class=\"xjp7ctv\">Sabugo<\/span><\/span><\/a><\/span>. <a href=\"https:\/\/scontent-bcn1-1.xx.fbcdn.net\/v\/t39.30808-6\/519432932_122136210860725169_5141728669890761724_n.jpg?_nc_cat=106&amp;ccb=1-7&amp;_nc_sid=aa7b47&amp;_nc_ohc=Z5FiaLtnsPAQ7kNvwF44fN1&amp;_nc_oc=Adn8iHscz36AQty9fPtUnLhVVAcWpaznvgSUR0VueMis3rSl1VEeYh5OT_aYPX81lrU01CmOZtPqWB5S8qSe1PeZ&amp;_nc_zt=23&amp;_nc_ht=scontent-bcn1-1.xx&amp;_nc_gid=iXbqs7lyv4wK1iqw6-9Ibg&amp;oh=00_AfTucPWF51zAhwwcN_M0Fd4885jnVEvyjk5gDNYmkf-3yw&amp;oe=68814EBC\">Mural de Paco Roca y Mart\u00edn For\u00e9s. Avil\u00e9s.<\/a><\/div>\n<ul>\n<li dir=\"auto\"><a href=\"https:\/\/www.lne.es\/aviles\/2022\/07\/02\/mural-tebeo-abierto-calle-67898903.html\">LNE<\/a> \/<\/li>\n<\/ul>\n<p style=\"text-align: center\"><a href=\"https:\/\/pbs.twimg.com\/media\/FWup7SrUUAEGtLS?format=jpg&amp;name=large\"><img loading=\"lazy\" decoding=\"async\" class=\"aligncenter size-large\" src=\"https:\/\/pbs.twimg.com\/media\/FWup7SrUUAEGtLS?format=jpg&amp;name=large\" width=\"1600\" height=\"1200\" \/><\/a><!--more--><\/p>\n<\/div>\n<\/div>\n<div dir=\"auto\" style=\"text-align: center\"><a href=\"https:\/\/avilescomarca.info\/wp-content\/uploads\/2025\/05\/486864107_9500804733342115_101122058099412531_n-1024x576.jpg\"><img loading=\"lazy\" decoding=\"async\" class=\"aligncenter size-large\" src=\"https:\/\/avilescomarca.info\/wp-content\/uploads\/2025\/05\/486864107_9500804733342115_101122058099412531_n-1024x576.jpg\" width=\"1024\" height=\"576\" \/><\/a><\/div>\n<div class=\"html-div xdj266r x14z9mp xat24cr x1lziwak xexx8yu xyri2b x18d9i69 x1c1uobl\">\n<div dir=\"auto\"><\/div>\n<\/div>\n<\/div>\n<div dir=\"auto\"><\/div>\n<div dir=\"auto\" style=\"text-align: center\"><a href=\"https:\/\/estaticos-cdn.prensaiberica.es\/clip\/d2019386-58a0-4072-ad67-0a947d978633_21-9-aspect-ratio_default_0.webp\"><img loading=\"lazy\" decoding=\"async\" class=\"aligncenter size-large\" src=\"https:\/\/estaticos-cdn.prensaiberica.es\/clip\/d2019386-58a0-4072-ad67-0a947d978633_21-9-aspect-ratio_default_0.webp\" width=\"1280\" height=\"548\" \/><\/a><\/div>\n<div dir=\"auto\" style=\"text-align: center\"><a href=\"https:\/\/i.pinimg.com\/736x\/ac\/81\/72\/ac8172e9a3ac915c9572ea043906a05c.jpg\"><img loading=\"lazy\" decoding=\"async\" class=\"aligncenter size-large\" src=\"https:\/\/i.pinimg.com\/736x\/ac\/81\/72\/ac8172e9a3ac915c9572ea043906a05c.jpg\" width=\"735\" height=\"551\" \/><\/a><\/div>\n<div dir=\"auto\"><\/div>\n<div class=\"xu06os2 x1ok221b\">\n<div class=\"html-div xdj266r x14z9mp xat24cr x1lziwak xexx8yu xyri2b x18d9i69 x1c1uobl\">\n<div class=\"xdj266r x14z9mp xat24cr x1lziwak x1vvkbs x126k92a\">\n<div dir=\"auto\"><\/div>\n<\/div>\n<\/div>\n<\/div>\n<\/div>\n<\/div>\n<\/div>\n<\/div>\n<\/div>\n<p>&nbsp;<\/p>\n<p>&nbsp;<\/p>\n","protected":false},"excerpt":{"rendered":"<p>El llavaderu de Gonz\u00e1lez Toma, d&#8217;antiguo el llavaderu de \u00a0Sabugo. Mural de Paco Roca y Mart\u00edn For\u00e9s. Avil\u00e9s. LNE \/<\/p>\n","protected":false},"author":117,"featured_media":0,"comment_status":"closed","ping_status":"open","sticky":false,"template":"","format":"standard","meta":{"footnotes":""},"categories":[154],"tags":[],"class_list":["post-53414","post","type-post","status-publish","format-standard","hentry","category-parees"],"_links":{"self":[{"href":"https:\/\/edublog.educastur.es\/ixuxu\/wp-json\/wp\/v2\/posts\/53414","targetHints":{"allow":["GET"]}}],"collection":[{"href":"https:\/\/edublog.educastur.es\/ixuxu\/wp-json\/wp\/v2\/posts"}],"about":[{"href":"https:\/\/edublog.educastur.es\/ixuxu\/wp-json\/wp\/v2\/types\/post"}],"author":[{"embeddable":true,"href":"https:\/\/edublog.educastur.es\/ixuxu\/wp-json\/wp\/v2\/users\/117"}],"replies":[{"embeddable":true,"href":"https:\/\/edublog.educastur.es\/ixuxu\/wp-json\/wp\/v2\/comments?post=53414"}],"version-history":[{"count":2,"href":"https:\/\/edublog.educastur.es\/ixuxu\/wp-json\/wp\/v2\/posts\/53414\/revisions"}],"predecessor-version":[{"id":53416,"href":"https:\/\/edublog.educastur.es\/ixuxu\/wp-json\/wp\/v2\/posts\/53414\/revisions\/53416"}],"wp:attachment":[{"href":"https:\/\/edublog.educastur.es\/ixuxu\/wp-json\/wp\/v2\/media?parent=53414"}],"wp:term":[{"taxonomy":"category","embeddable":true,"href":"https:\/\/edublog.educastur.es\/ixuxu\/wp-json\/wp\/v2\/categories?post=53414"},{"taxonomy":"post_tag","embeddable":true,"href":"https:\/\/edublog.educastur.es\/ixuxu\/wp-json\/wp\/v2\/tags?post=53414"}],"curies":[{"name":"wp","href":"https:\/\/api.w.org\/{rel}","templated":true}]}}