{"id":53447,"date":"2025-07-19T12:02:00","date_gmt":"2025-07-19T10:02:00","guid":{"rendered":"https:\/\/edublog.educastur.es\/ixuxu\/?p=53447"},"modified":"2025-07-19T18:55:16","modified_gmt":"2025-07-19T16:55:16","slug":"53447","status":"publish","type":"post","link":"https:\/\/edublog.educastur.es\/ixuxu\/2025\/07\/53447\/","title":{"rendered":"Barb\u00f3n inaugur\u00f3 g\u00fcei la 28\u00aa edici\u00f3n del Festival Interc\u00e9lticu d\u2019Avil\u00e9s"},"content":{"rendered":"<p style=\"text-align: center\"><a href=\"https:\/\/actualidad.asturias.es\/documents\/537115\/2697012\/2025_07_19+presidente+festival+interceltico+8+%281%29.jpg\/310f3256-b2ab-77f5-256c-5118d83b7e27?t=1752924367907\"><img loading=\"lazy\" decoding=\"async\" class=\"aligncenter size-large\" src=\"https:\/\/actualidad.asturias.es\/documents\/537115\/2697012\/2025_07_19+presidente+festival+interceltico+8+%281%29.jpg\/310f3256-b2ab-77f5-256c-5118d83b7e27?t=1752924367907\" width=\"1920\" height=\"1280\" \/><\/a><\/p>\n<p>Barb\u00f3n: <em>\u201cEl Festival Interc\u00e9lticu d\u2019Avil\u00e9s es una expresi\u00f3n viva de identidad, respeto y diversidad\u201d. <a href=\"https:\/\/actualidad.asturias.es\/-\/barb%C3%B3n-el-festival-interc%C3%A9lticu-d-avil%C3%A9s-es-una-expresi%C3%B3n-viva-de-identidad-respeto-y-diversidad-?redirect=%2Fnoticias\">Actualid\u00e1 Asturies<\/a><\/em><\/p>\n<p>El presidente del Princip\u00e1u d&#8217;Asturies, Adri\u00e1n Barb\u00f3n, inaugur\u00f3 g\u00fcei la 28\u00aa edici\u00f3n del Festival Interc\u00e9lticu d\u2019Avil\u00e9s, una cita que, seg\u00fan destac\u00f3, <em>\u201cy\u00e1 forma parte de l&#8217;alma de la ciud\u00e1\u201d<\/em> y que convierte la villa, mientres diez d\u00edes, en <em>\u201cun llar para pueblos hermanos\u00bb. Ye una espresi\u00f3n viva d&#8217;identid\u00e1, respetu y diversid\u00e1\u201d,<\/em> valor\u00f3.<\/p>\n<p><!--more--><\/p>\n<p>Mientres la so intervenci\u00f3n, Barb\u00f3n sorray\u00f3&#8217;l valor cultural y simb\u00f3lico del festival: <em>\u201cNun mundu que camuda r\u00e1pido, festivales como esti recu\u00e9rdennos la importancia de caltener les nueses tradiciones, pero tami\u00e9n d&#8217;anovar y afaenos por que esi heriedu siga viva\u201d.<\/em><\/p>\n<p>Tami\u00e9n punxo en valor el papel d&#8217;esti eventu como espaciu d&#8217;alcuentru y proyecci\u00f3n internacional. <em>\u201cEqu\u00ed la hestoria nun ye solo un ayeri allo\u00f1ao, sin\u00f3n una fuerza que nos impulsa a entender qui\u00e9n somos y escontra \u00f3nde queremos caminar\u201d<\/em>, indic\u00f3.<\/p>\n<p>Nel actu inaugural apurri\u00e9ronse los Premios Gaus\u00f3n, que na so segunda edici\u00f3n reconocieron al Festival Interceltique de Lorient, represent\u00e1u pol so director, Jean Philippe Mauras, y a Juan Jos\u00e9 Fern\u00e1ndez, exconcejal de Cultura d&#8217;Avil\u00e9s.<\/p>\n<p>Barb\u00f3n record\u00f3 la so visita a Lorient en 2022, onde acompa\u00f1\u00f3 a 25 bandes y artistes asturianos: <em>\u201cVer ondear la nuesa bandera pel mundu ye unu de los momentos que voi guardar na mio memoria\u201d.<\/em><\/p>\n<p>El xefe del Executivu reafit\u00f3&#8217;l sofitu del Gobiernu d&#8217;Asturies al festival al travi\u00e9s de la Conseyer\u00eda de Cultura, y record\u00f3 les meyores na protecci\u00f3n del patrimoniu cultural asturianu: <em>\u201cAngua\u00f1o celebramos la enorme reconocencia que recibimos cola declaraci\u00f3n de la cultura sidrera como patrimoniu inmaterial de la Unesco\u201d.<\/em><\/p>\n<p>Tami\u00e9n ment\u00f3 les<strong> iniciatives en marcha pa declarar como Bien d&#8217;Inter\u00e9s Cultural la danza tradicional asturiana, la xota, la cultura de la gaita, les mazcaraes d\u2019iviernu y el teatru costumbrista.<\/strong><\/p>\n<p>En clave pol\u00edtica, Barb\u00f3n llament\u00f3 \u201cla portada de la derecha a la oficialid\u00e1 del asturianu y l&#8217;eonaviegu\u201d, anque celebr\u00f3 que <em>\u201cper primer vegada la mayor\u00eda de la Xunta Xeneral sofit\u00f3 la m\u00e1xima protecci\u00f3n pa les nueses lling\u00fces\u201d.<\/em><\/p>\n<p style=\"text-align: center\"><a href=\"https:\/\/actualidad.asturias.es\/documents\/537115\/2697012\/2025_07_19+presidente+festival+interceltico+4.jpg\/c078ae08-cffa-cb12-357c-0b41ea90aa70?t=1752922008280\"><img loading=\"lazy\" decoding=\"async\" class=\"aligncenter size-large\" src=\"https:\/\/actualidad.asturias.es\/documents\/537115\/2697012\/2025_07_19+presidente+festival+interceltico+4.jpg\/c078ae08-cffa-cb12-357c-0b41ea90aa70?t=1752922008280\" width=\"1920\" height=\"1280\" \/><\/a><\/p>\n<p style=\"text-align: center\"><span style=\"color: #008080\">De sigu\u00edo recu\u00e9yese la intervenci\u00f3n \u00edntegra del Presidente del Princip\u00e1u.<\/span><br \/>\n<span style=\"font-size: 20px\"><strong><span style=\"color: #008080\">Inauguraci\u00f3n y premios del Festival Interc\u00e9lticu d\u00b4Avil\u00e9s<\/span><\/strong><\/span><\/p>\n<p>&nbsp;<\/p>\n<p><span style=\"color: #008080\">Ye un prestu participar, un a\u00f1u m\u00e1s, na inauguraci\u00f3n del Festival Interc\u00e9lticu d\u2019Avil\u00e9s, una cita que tres 28 ediciones y\u00e1 forma parte de l&#8217;alma de la ciud\u00e1.<\/span><\/p>\n<p><span style=\"color: #008080\">Mientres los pr\u00f3ximos diez d\u00edes, Avil\u00e9s va convertise nun llar pa pueblos hermanos, nuna reivindicaci\u00f3n colectiva de los nuesos raiga\u00f1os y, sobremanera, una espresi\u00f3n viva d&#8217;identid\u00e1, respetu y diversid\u00e1.<\/span><\/p>\n<p><span style=\"color: #008080\">Nes nueses verdes tierres, ente montes, r\u00edos y mar, f\u00fandense fondes los raiga\u00f1os culturales que nos xunen m\u00e1s all\u00e1 de fronteres y xeneraciones, un esp\u00edritu que nun entiende de murios, sin\u00f3n de llazos que nos conecten al travi\u00e9s del amor y arguyu que sentimos polos nuesos pueblos.<\/span><\/p>\n<p><span style=\"color: #008080\">Nun mundu que camuda r\u00e1pido, festivales como esti recu\u00e9rdennos la importancia de caltener les nueses tradiciones, pero tami\u00e9n d&#8217;anovar y afaenos por que esi heriedu siga viva.<\/span><\/p>\n<p><span style=\"color: #008080\">Ye un privilexu cuntar con artistes que, col so talentu y dedicaci\u00f3n, caltienen vivu l&#8217;alcordanza celta, de la que lo arriquecen con nueves voces y perspectives. El Festival Interc\u00e9lticu d\u2019Avil\u00e9s convirti\u00f3se nestes casi tr\u00e9s d\u00e9cades nun llugar onde la hestoria nun ye solo un ayeri allo\u00f1ao, sin\u00f3n una fuerza que nos impulsa a entender qui\u00e9n somos y escontra \u00f3nde queremos caminar.<\/span><\/p>\n<p><span style=\"color: #008080\">A lo llargo de los a\u00f1os, esti festival creci\u00f3 gracies al trabayu incansable de munches persones que creyeron nel poder de la cultura como ferramienta d&#8217;uni\u00f3n. G\u00fcei rindimos homenaxe, colos premios Gaus\u00f3n, a dos nomes imprescindibles pa entender esti cam\u00edn.<\/span><\/p>\n<p><span style=\"color: #008080\">De primeres, al Festival Interceltique de Lorient, represent\u00e1u pol so director Jean Philippe Mauras, bienven\u00edu. Lorient foi l&#8217;orixe del nuesu festival d&#8217;Avil\u00e9s, escurr\u00edu a imaxe y semeyanza de la principal cita de les cultures celtes. Reconozo nesi sentimientu en visitando Lorient en 2022. Acompa\u00f1ar a les 25 bandes de m\u00fasica y artistes asturianos que participaron na cita y ver ondeando la nuesa bandera pel mundu ye unu de los momentos que voi guardar na mio memoria.<\/span><\/p>\n<p><span style=\"color: #008080\">Am\u00e1s, na categor\u00eda individual, el festival decidi\u00f3 premiar a Juan Jos\u00e9 Fern\u00e1ndez, exconcejal de Cultura d&#8217;Avil\u00e9s, pola so ferrial defensa del festival nos sos primeros pasos, esos siempres cruciales pa faer cam\u00edn. Gracies pol to compromisu.<\/span><\/p>\n<p><span style=\"color: #008080\">Dende&#8217;l Gobiernu d&#8217;Asturies compartimos esi esp\u00edritu d&#8217;hermand\u00e1 y compromisu col Festival Interc\u00e9lticu.<\/span><\/p>\n<p><span style=\"color: #008080\">El sofitu de la Conseyer\u00eda de Cultura a cites como \u00e9sta suma a la defensa institucional de les nueses tradiciones. Angua\u00f1o celebramos la enorme reconocencia que recibimos cola declaraci\u00f3n de la cultura sidrera como patrimoniu inmaterial de la Unesco, un procesu al que se xune a les iniciatives y\u00e1 en marcha pa declarar como Bien d&#8217;Inter\u00e9s Cultural la danza tradicional asturiana, la *xota asturiana, la cultura de la nuesa gaita, -yos *mazcaraes *d\u2019*iviernu y el teatru *costumbrista.<\/span><\/p>\n<p><span style=\"color: #008080\">Si tengo daqu\u00e9 que llamentar angua\u00f1o ye la portada de la derecha a la oficialid\u00e1 del asturianu y l&#8217;eonaviegu. Pero prefiero quedame colo positivo: per primer vegada la mayor\u00eda de la Xunta Xeneral sofit\u00f3 la m\u00e1xima protecci\u00f3n pa les nueses lling\u00fces.<\/span><\/p>\n<p><span style=\"color: #008080\">Esos exemplos son amueses de que&#8217;l gobiernu que presido reconoz el valor de la cultura y el so potencial tresformador.<\/span><\/p>\n<p><span style=\"color: #008080\">Termino y\u00e1 non ensin antes espresar el mio m\u00e1s sinceru agradecimientu a toles persones que faen posible esti festival: a los organizadores, a los artistes, a los voluntarios y a tol p\u00fablicu que, cola so presencia y entusiasmu, da sent\u00edu a esta celebraci\u00f3n.<\/span><\/p>\n<p><span style=\"color: #008080\">Des\u00e9u qu&#8217;estos d\u00edes n&#8217;Avil\u00e9s s\u00edan una oportunid\u00e1 pal alcuentru, l&#8217;aprendizaxe, la emoci\u00f3n y l&#8217;allegr\u00eda compartida<\/span><\/p>\n<p><span style=\"color: #008080\">Porque celebrar la cultura ye tami\u00e9n celebranos a n\u00f3s mesmos, con toos nuesos raiga\u00f1os y toos los nuesos horizontes.<\/span><\/p>\n<p style=\"text-align: center\"><a href=\"https:\/\/actualidad.asturias.es\/documents\/537115\/2697012\/2025_07_19+presidente+festival+interceltico+6.jpg\/cc068886-a2b2-0283-d2d9-0976fd83fdf2?t=1752922455280\"><img loading=\"lazy\" decoding=\"async\" class=\"aligncenter size-large\" src=\"https:\/\/actualidad.asturias.es\/documents\/537115\/2697012\/2025_07_19+presidente+festival+interceltico+6.jpg\/cc068886-a2b2-0283-d2d9-0976fd83fdf2?t=1752922455280\" width=\"1920\" height=\"1280\" \/><\/a><\/p>\n<p>&nbsp;<\/p>\n","protected":false},"excerpt":{"rendered":"<p>Barb\u00f3n: \u201cEl Festival Interc\u00e9lticu d\u2019Avil\u00e9s es una expresi\u00f3n viva de identidad, respeto y diversidad\u201d. Actualid\u00e1 Asturies El presidente del Princip\u00e1u d&#8217;Asturies, Adri\u00e1n Barb\u00f3n, inaugur\u00f3 g\u00fcei la 28\u00aa edici\u00f3n del Festival Interc\u00e9lticu d\u2019Avil\u00e9s, una cita que, seg\u00fan destac\u00f3, \u201cy\u00e1 forma parte de l&#8217;alma de la ciud\u00e1\u201d y que convierte la villa, mientres diez d\u00edes, en \u201cun [&hellip;]<\/p>\n","protected":false},"author":117,"featured_media":0,"comment_status":"closed","ping_status":"open","sticky":false,"template":"","format":"standard","meta":{"footnotes":""},"categories":[333,204,425],"tags":[],"class_list":["post-53447","post","type-post","status-publish","format-standard","hentry","category-bic-bien-dinteres-cultural","category-festivales","category-gaita"],"_links":{"self":[{"href":"https:\/\/edublog.educastur.es\/ixuxu\/wp-json\/wp\/v2\/posts\/53447","targetHints":{"allow":["GET"]}}],"collection":[{"href":"https:\/\/edublog.educastur.es\/ixuxu\/wp-json\/wp\/v2\/posts"}],"about":[{"href":"https:\/\/edublog.educastur.es\/ixuxu\/wp-json\/wp\/v2\/types\/post"}],"author":[{"embeddable":true,"href":"https:\/\/edublog.educastur.es\/ixuxu\/wp-json\/wp\/v2\/users\/117"}],"replies":[{"embeddable":true,"href":"https:\/\/edublog.educastur.es\/ixuxu\/wp-json\/wp\/v2\/comments?post=53447"}],"version-history":[{"count":5,"href":"https:\/\/edublog.educastur.es\/ixuxu\/wp-json\/wp\/v2\/posts\/53447\/revisions"}],"predecessor-version":[{"id":53452,"href":"https:\/\/edublog.educastur.es\/ixuxu\/wp-json\/wp\/v2\/posts\/53447\/revisions\/53452"}],"wp:attachment":[{"href":"https:\/\/edublog.educastur.es\/ixuxu\/wp-json\/wp\/v2\/media?parent=53447"}],"wp:term":[{"taxonomy":"category","embeddable":true,"href":"https:\/\/edublog.educastur.es\/ixuxu\/wp-json\/wp\/v2\/categories?post=53447"},{"taxonomy":"post_tag","embeddable":true,"href":"https:\/\/edublog.educastur.es\/ixuxu\/wp-json\/wp\/v2\/tags?post=53447"}],"curies":[{"name":"wp","href":"https:\/\/api.w.org\/{rel}","templated":true}]}}