{"id":53457,"date":"2025-07-19T14:20:12","date_gmt":"2025-07-19T12:20:12","guid":{"rendered":"https:\/\/edublog.educastur.es\/ixuxu\/?p=53457"},"modified":"2025-07-19T19:06:54","modified_gmt":"2025-07-19T17:06:54","slug":"blanca-fernandez-cada-vez-hai-mas-editoriales-interesaes-nespublizar-lliteratura-de-xeneru-nasturianu","status":"publish","type":"post","link":"https:\/\/edublog.educastur.es\/ixuxu\/2025\/07\/blanca-fernandez-cada-vez-hai-mas-editoriales-interesaes-nespublizar-lliteratura-de-xeneru-nasturianu\/","title":{"rendered":"La escritora Blanca Fern\u00e1ndez nel \u2018Excelsius 2025\u2019"},"content":{"rendered":"<div class=\"html-div xdj266r xat24cr x1lziwak xexx8yu xyri2b x18d9i69 x1c1uobl x78zum5 x2lah0s xqtp20y x1xegmmw\">\n<div class=\"xc9qbxq x14qfxbe x6s0dn4 x78zum5 xl56j7k\">\n<div class=\"\" style=\"text-align: center\"><a href=\"https:\/\/migijon.com\/wp-content\/uploads\/2025\/07\/Blanca-Fernandez-Celsius-232.jpg\"><img loading=\"lazy\" decoding=\"async\" class=\"aligncenter \" src=\"https:\/\/migijon.com\/wp-content\/uploads\/2025\/07\/Blanca-Fernandez-Celsius-232.jpg\" width=\"485\" height=\"647\" \/><\/a><\/div>\n<\/div>\n<\/div>\n<div class=\"html-div xdj266r x14z9mp xat24cr x1lziwak xexx8yu xyri2b x18d9i69 x1c1uobl x1iyjqo2 xeuugli\">\n<div class=\"x78zum5 xdt5ytf xz62fqu x16ldp7u\">\n<div class=\"xu06os2 x1ok221b\">\n<ul>\n<li class=\"html-h3 x14z9mp xat24cr x1lziwak xexx8yu xyri2b x18d9i69 x1c1uobl x1vvkbs x1heor9g x1qlqyl8 x1pd3egz x1a2a7pz x1gslohp x1yc453h\"><span class=\"xt0psk2\"><span class=\"xjp7ctv\"><a class=\"x1i10hfl xjbqb8w x1ejq31n x18oe1m7 x1sy0etr xstzfhl x972fbf x10w94by x1qhh985 x14e42zd x9f619 x1ypdohk xt0psk2 xe8uvvx xdj266r x14z9mp xat24cr x1lziwak xexx8yu xyri2b x18d9i69 x1c1uobl x16tdsg8 x1hl2dhg xggy1nq x1a2a7pz xkrqix3 x1sur9pj xzsf02u x1s688f\" role=\"link\" href=\"https:\/\/www.facebook.com\/miGijonFB?__cft__[0]=AZVHX6Cxy9zbImti4odYaIXCiWMxnmHcUIt8FEum7kzuaj6eRXZfXYAh3EpzSycYQeQ8lpGi8o5_Lr-aW_9FfmZn_JPrfhTiXkOa6r-hSonaPU7tu-cwtGlXSFKr1ED-3athO07DnC_32Uj-NP0nDbd36OW_vRHqYp2RfGHYvJMKhp8oyoI9nAGJ_vHF3ep1-KwIZLijXyAimlt7-YyksSV4&amp;__tn__=-UC%2CP-y-R\"><strong class=\"html-strong xdj266r x14z9mp xat24cr x1lziwak xexx8yu xyri2b x18d9i69 x1c1uobl x1hl2dhg x16tdsg8 x1vvkbs x1s688f\"><span class=\"html-span xdj266r x14z9mp xat24cr x1lziwak xexx8yu xyri2b x18d9i69 x1c1uobl x1hl2dhg x16tdsg8 x1vvkbs\">migijon.com &#8211; Tu diario digital gratuito<\/span><\/strong><\/a><\/span><\/span><span class=\"html-span xdj266r x14z9mp xat24cr x1lziwak xexx8yu xyri2b x18d9i69 x1c1uobl x1hl2dhg x16tdsg8 x1vvkbs x1dor1uw x1n2onr6 xxymvpz\">\u00a0<\/span><\/li>\n<\/ul>\n<\/div>\n<\/div>\n<\/div>\n<div class=\"html-div xdj266r x14z9mp xat24cr x1lziwak xexx8yu xyri2b x18d9i69 x1c1uobl\" dir=\"auto\">\n<div class=\"html-div xdj266r x14z9mp xat24cr x1lziwak xexx8yu xyri2b x18d9i69 x1c1uobl\" dir=\"auto\">\n<div class=\"html-div xdj266r x14z9mp xat24cr x1lziwak xexx8yu xyri2b x18d9i69 x1c1uobl\" data-ad-rendering-role=\"story_message\">\n<div class=\"x1l90r2v x1iorvi4 x1g0dm76 xpdmqnj\" data-ad-comet-preview=\"message\" data-ad-preview=\"message\">\n<div class=\"x78zum5 xdt5ytf xz62fqu x16ldp7u\">\n<div class=\"xu06os2 x1ok221b\">\n<div class=\"html-div xdj266r x14z9mp xat24cr x1lziwak xexx8yu xyri2b x18d9i69 x1c1uobl\">\n<div class=\"xdj266r x14z9mp xat24cr x1lziwak x1vvkbs x126k92a\">\n<div dir=\"auto\"><span class=\"html-span xexx8yu xyri2b x18d9i69 x1c1uobl x1hl2dhg x16tdsg8 x1vvkbs x3nfvp2 x1j61x8r x1fcty0u xdj266r xat24cr xm2jcoa x1mpyi22 xxymvpz xlup9mm x1kky2od\"><img loading=\"lazy\" decoding=\"async\" class=\"xz74otr x15mokao x1ga7v0g x16uus16 xbiv7yw\" src=\"https:\/\/static.xx.fbcdn.net\/images\/emoji.php\/v9\/tfb\/1\/16\/1f5e3.png\" alt=\"\ud83d\udde3\ufe0f\" width=\"16\" height=\"16\" \/><\/span> La escritora de Bimenes participa estos d\u00edes activamente nel Celsius 232, del que ye <strong>coordinadora de les estayes d\u2019Asturianu y de Cosplay<\/strong>, am\u00e1s d\u2019una de les autores que publiquen nel \u2018Excelsius 2025\u2019 xunto con nomes como\u2019l de Brandon Sanderson; ta acabante d\u2019asoleyar la so primer novela en castellanu, \u2018Las que no olvidaron\u2019.<\/div>\n<div dir=\"auto\">\n<blockquote>\n<p class=\"jeg_post_title\"><strong>\u00a0<span style=\"color: #008080\"><em>\u00abCada vez hai m\u00e1s editoriales interesaes n\u2019espublizar lliteratura de x\u00e9neru n\u2019asturianu\u00bb<\/em><\/span><\/strong><\/p>\n<\/blockquote>\n<p><!--more--><\/p>\n<p>on \u2018L\u2019home les caparines\u2019 convirti\u00f3se na novelista m\u00e1s moza n\u2019espublizar una novela llingua asturiana, t\u00edtulu al que siguieron \u2018Trovadoresca\u2019, \u2018No que cinca los seres de lleenda\u2019 y \u2018El cartafueyu d\u2019Alquimia\u2019. Agora, Blanca Fern\u00e1ndez Quintana (Bimenes, 1994) asoleya la so primer obra en castellanu, \u2018Las que no olvidaron\u2019 (Quanta Media), tami\u00e9n encuadrada na nomada lliteratura de x\u00e9neru qu\u2019engloba tem\u00e1tiques como la fantas\u00eda, el terror o la ciencia ficci\u00f3n, que present\u00f3 el mi\u00e9rcoles dientro de la programaci\u00f3n del festival <strong><a href=\"https:\/\/celsius232.es\/\" target=\"_blank\" rel=\"noreferrer noopener\">Celsius 232<\/a><\/strong>, que se ta celebrando n\u2019Avil\u00e9s y de la que tami\u00e9n ye coordinadora de les estayes d\u2019Asturianu y Cosplay. El certame convid\u00f3la esti a\u00f1u a participar nel llibru de rellatos d\u2019autores participantes \u2018Excelsius\u2019, nel que comparte espaciu con autores de la sonad\u00eda del estauxunidense Brandon Sanderson, que ta causando sensaci\u00f3n cola so presencia na villa avilesina.<\/p>\n<p><strong>\u00bfC\u00f3mo ta diendo esta edici\u00f3n del festival?<\/strong><\/p>\n<p>Mui bien. Hai muncha xente normalmente, pero esti a\u00f1u con Brandon Sanderson y Barbara Hamly hai a mont\u00f3n. Llueu, les dos seiciones que yo coordino, la d\u2019Asturianu y la de Cosplay, cada vez tienen m\u00e1s xente y toi encantada.<\/p>\n<p><strong>Esti a\u00f1u ye una de les autores del \u2018Excelsiu\u2019 y particip\u00f3 el xueves na firma del llibru, multitudinaria tami\u00e9n. \u00bfQu\u00e9 sup\u00f3n pa vust\u00e9 incorporar el so nome a esta espublizaci\u00f3n del Celsius 232 xunto con escritores del reconocimientu de Sanderson?<\/strong><\/p>\n<p>S\u00ed, ye una antolox\u00eda de dalgunos autores que vienen al festival esti a\u00f1u, como Gemma Solsona, Brandon Sanderson, Barbara Hambly\u2026 Yo participo con un rellatu de terror en castellanu que se llama \u2018Bosque de ciervos\u2019. Cuando me propunxeron formar parte d\u2019ella nun sab\u00eda qui\u00e9n diba tar na antolox\u00eda, pero pa min, que llevo a\u00f1os nel Celsius primero como asistente y llueu como collaboradora, ye un honor, dalgo que me fac\u00eda muncha ilusi\u00f3n. La firma del xueves foi una llocura.<\/p>\n<p><strong>\u00bfPudo falar con \u00e9l?<\/strong><\/p>\n<p>\u00c9l nun tuvo con n\u00f3s, porque tuvo firmando na filera, lleva tola selmana firmando, pero lo que pudimos falar con \u00e9l result\u00f3 agradable.<\/p>\n<p><strong>Oc\u00fapase de la seici\u00f3n d\u2019Asturianu del Celsius. \u00bfYe la lliteratura de fantas\u00eda o ciencia ficci\u00f3n una estaya en crecimientu?<\/strong><\/p>\n<p>Recuerdo cuando presentamos per primer vez dalgo n\u2019asturianu, que foi \u2018Invisible\u2019 d\u2019Aique Fernandi (a\u00f1u 2019). Llueu lleg\u00f3, nel 2021, la mio primer novela, \u2018L\u2019home les caparines\u2019, y el \u2018Del llau del nigromante\u2019 de Nicol\u00e1s Bardio, y a partir d\u2019eh\u00ed entam\u00f3 a medrar la cosa. Va dos a\u00f1os mencion\u00e1bamos que cuasi nun hab\u00eda lliteratura de ciencia ficci\u00f3n y tanto l\u2019a\u00f1u pas\u00e1u como \u00e9sti present\u00f3se muncha lliteratura de ciencia ficci\u00f3n. De terror y de fantas\u00eda cada vez hai m\u00e1s autores y sobre manera editoriales que sofiten la lliteratura de x\u00e9neru n\u2019asturianu. Esti a\u00f1u, por exemplu, ta Trabe, ta Impronta, ta Radagast, ta La Semeya\u2026 Cada vez hai m\u00e1s editoriales interesaes en publicar lliteratura de x\u00e9neru n\u2019asturianu.<\/p>\n<p><strong>La presencia del idioma nestos x\u00e9neros, \u00bftrai llectores nuevos?<\/strong><\/p>\n<p>El Celsius s\u00ed qu\u2019atr\u00e1i llectores que, si non, igual nun se dar\u00eden cuenta de la so esistencia, pero sobre manera hai llectores que vienen porque hai lliteratura de x\u00e9neru, que ye lo que-yos gusta lleer, qu\u2019enantes nun pod\u00eden lleer n\u2019asturianu porque nun hab\u00eda. Ent\u00f3s, considero que ta atrayendo a llectores que y\u00e1 lle\u00eden n\u2019asturianu y que y\u00e1-yos gustaba esti tipu de lliteratura y, per otru llau, a xente que nun sab\u00eda qu\u2019hab\u00eda n\u2019asturianu y ta lleendo.<\/p>\n<figure class=\"wp-block-pullquote\"><strong><em><span style=\"color: #008080\">En castellanu nun hai muncha lliteratura q\u2019use la mitolox\u00eda asturiana o la tradici\u00f3n como un elementu de terror; ye daqu\u00e9 que ta por esplotar entov\u00eda.<\/span><\/em><\/strong><\/figure>\n<p><strong>La fantas\u00eda de tem\u00e1tica asturiana, qu\u2019emplegue elementos de la nuesa mitolox\u00eda, \u00bfqu\u00e9 posici\u00f3n tien a nivel estatal?<\/strong><\/p>\n<p>Dende un conocimiento, como digo yo, sesg\u00e1u, porque tampoco tengo munchos datos, creo qu\u2019en castellanu nun hai muncha lliteratura q\u2019use la mitolox\u00eda asturiana o la tradici\u00f3n como un elementu de terror. Ye daqu\u00e9 que ta por esplotar entov\u00eda, porque n\u00f3s conoc\u00e9mosla, pero xente de fuera non y ye mui atractiva.<\/p>\n<p><strong>Ta acabante d\u2019asoleyar la so primer novela en castellanu, \u2018Las que no olvidaron\u2019, que presenta como \u2018Una historia de Eutopos\u2019 y dio a conocer el mi\u00e9rcoles nel Celsius. \u00bfDe qu\u00e9 trata?<\/strong><\/p>\n<p>L\u2019universu d\u2019Eutopos en xeneral, que tengo y\u00e1 m\u00e1s rellatos y m\u00e1s cosines escrites con \u00e9l, ye un mundu que sobrevive a una guerra mundial, al cambiu clim\u00e1ticu, porque les armas que s\u2019utilizaron nun foron suficientemente fuertes. Nesi contestu, munchos a\u00f1os despu\u00e9s, el continente, que se sup\u00f3n que ye Europa, volvi\u00f3 sieglos atr\u00e1s. Por exemplu, \u00fan de los datos que sal ye que construyir bayonetes ye una innovaci\u00f3n.<\/p>\n<p>Nesa situaci\u00f3n, hai unas islles onde vive una socied\u00e1 m\u00e1s o menos secreta na que s\u00f3lo hai muyeres que, como vienen del norte, la xente entama a llamales \u2018valquirias\u2019. \u00c9stes ded\u00edquense a ayudar a otras naciones a resolver conflictos; si hai un asesinatu, a investigalu; a escoltar a mandatarios\u2026 La historia va sobre eses muyeres que vienen del norte, y sobre manera, ta centrada nuna de eses moces, que se llama Lis.<\/p>\n<p>Elles, cuando llegan ell\u00ed, tienen que renunciar al so pas\u00e1u, facer como un ritual de iniciaci\u00f3n, nel que Lis tira unes xoyes y una diadema. Vive ell\u00ed tranquilamente la so vida, pero daqu\u00e9 pasa porque nun quieren dexala facer misiones peligroses nel continente. Y cuando la manden a una d\u2019eses nueves naciones a una misi\u00f3n importante atopa coses del so pas\u00e1u, ve que les coses nun t\u00e1n tan mal, y tien que decidir si siguir siendo una \u2018valquiria\u2019 o retomar el so vieyu nome.<\/p>\n<figure class=\"wp-block-pullquote\">\n<blockquote><p><strong><em><span style=\"color: #008080\">La idea ye siguir escribiendo tanto n\u2019asturianu como en castellanu, pero siempre voi facelo m\u00e1s n\u2019asturianu porque toi m\u00e1s a gustu.<\/span><\/em><\/strong><\/p><\/blockquote>\n<\/figure>\n<p><strong>\u00bfPor qu\u00e9 se decide agora a espublizar nesti idioma?<\/strong><\/p>\n<p>Coincidi\u00f3 con qu\u2019una editorial ofreci\u00f3me a escribir una novela en castellanu. Esti a\u00f1u tengo un rellatu n\u2019asturianu na antolox\u00eda \u2018Nosotres\u2019 y los manuscritos que tengo finaos \u00fan ta cola editorial agora mesmo y otru toi remat\u00e1ndolu, polo que sigo escribiendo n\u2019asturianu, la mayor parte. Otra manera, tengo un plan pa facer una novela de terror en castellanu, que saldr\u00e1 l\u2019a\u00f1u qu\u2019entra, y que casualmente, como coment\u00e1bamos enantes, ta basada nun tradici\u00f3n d\u2019Asturies.<\/p>\n<p>La idea ye siguir escribiendo tanto n\u2019asturianu como en castellanu, pero siempre voi facelo m\u00e1s n\u2019asturianu porque, nel mio casu, yo crec\u00ed na mio casa col asturianu. El castellanu lleg\u00f3me pol institutu y el cole, y toi m\u00e1s a gustu col asturianu.<\/p>\n<p><strong>L\u2019asturianu ye una llingua que, nel casu, sirvi\u00f3 pa que la so lliteratura viaxara fuera d\u2019Asturies, en concreto a Italia.<\/strong><\/p>\n<p>Abri\u00f3me muches puertes. Nunca sabes si lo que vas facer va abr\u00edteles o non, tienes que facer lo que te gusta y defender lo que quieres, pero, nesti casu, una llingua cola que dalgunes persones tienen prexuicios n\u2019Asturies, n\u2019Italia otres persones val\u00f3renla hasta\u2019l puntu de dar un premiu a daqui\u00e9n qu\u2019escribe nesta llingua.<\/p>\n<p><strong>Recibi\u00f3 en concreto dos premios, en Piemont y Sardigna. \u00bfC\u00f3mo foi la esperiencia?<\/strong><\/p>\n<p>El primeru foi\u2019l Premio Ostana, nun sitiu que se llama Ostana, nel norte d\u2019Italia, una zona onde tami\u00e9n falen occitanu, y foi incre\u00edble, y la segunda foi col Premio Ondras, en Cagliari, onde t\u00e1n faciendo una llabor perimportante col sardu, traducciones y lliteratura. Foron dos esperiencies inolvidables.<\/p>\n<p><strong>Am\u00e1s de los proyeutos entantes citaos, tami\u00e9n asoley\u00f3 reci\u00e9n na antolox\u00eda \u2018Paisajes de acero y sue\u00f1os\u2019.<\/strong><\/p>\n<p>Ye tami\u00e9n en castellanu, sacante un testu n\u2019ingl\u00e9s. La idea del llibru ye garrar un sitiu, un llugar, del patrimoniu industrial asturianu, y a partir d\u2019\u00e9l facer un rellatu de ciencia ficci\u00f3n, fantas\u00eda o terror. Nel mio casu escoy\u00ed Pozu Mosquitera y fixi una historia de terror. Con cada rellatu vien el sitiu y un QR con informaci\u00f3n del mesmu. La verd\u00e1 ye que ye un llibru que ta mui bien.<\/p>\n<figure class=\"wp-block-image size-large\">\n<div id=\"standard_2\" class=\"st-placement standard_2 inImage\">\n<div class=\"st-adunit st-adunit-tagged st-reset st-show\"><\/div>\n<\/div>\n<p><img loading=\"lazy\" decoding=\"async\" class=\"wp-image-212270\" src=\"https:\/\/migijon.com\/wp-content\/uploads\/2025\/07\/Blanca-Fernandez-Celsius-232-firma-1280x960.jpg\" alt=\"\" width=\"1280\" height=\"960\" data-pin-no-hover=\"true\" \/><figcaption class=\"wp-element-caption\">Un momento de la firma del jueves de los autores del \u2018Excelsius 2025\u2019.<\/figcaption><\/figure>\n<\/div>\n<\/div>\n<\/div>\n<\/div>\n<\/div>\n<\/div>\n<\/div>\n<\/div>\n<\/div>\n<p>&nbsp;<\/p>\n","protected":false},"excerpt":{"rendered":"<p>migijon.com &#8211; Tu diario digital gratuito\u00a0 La escritora de Bimenes participa estos d\u00edes activamente nel Celsius 232, del que ye coordinadora de les estayes d\u2019Asturianu y de Cosplay, am\u00e1s d\u2019una de les autores que publiquen nel \u2018Excelsius 2025\u2019 xunto con nomes como\u2019l de Brandon Sanderson; ta acabante d\u2019asoleyar la so primer novela en castellanu, \u2018Las [&hellip;]<\/p>\n","protected":false},"author":117,"featured_media":0,"comment_status":"closed","ping_status":"open","sticky":false,"template":"","format":"standard","meta":{"footnotes":""},"categories":[167,9,10],"tags":[],"class_list":["post-53457","post","type-post","status-publish","format-standard","hentry","category-feries","category-libros-adultos","category-llibros-reciella"],"_links":{"self":[{"href":"https:\/\/edublog.educastur.es\/ixuxu\/wp-json\/wp\/v2\/posts\/53457","targetHints":{"allow":["GET"]}}],"collection":[{"href":"https:\/\/edublog.educastur.es\/ixuxu\/wp-json\/wp\/v2\/posts"}],"about":[{"href":"https:\/\/edublog.educastur.es\/ixuxu\/wp-json\/wp\/v2\/types\/post"}],"author":[{"embeddable":true,"href":"https:\/\/edublog.educastur.es\/ixuxu\/wp-json\/wp\/v2\/users\/117"}],"replies":[{"embeddable":true,"href":"https:\/\/edublog.educastur.es\/ixuxu\/wp-json\/wp\/v2\/comments?post=53457"}],"version-history":[{"count":4,"href":"https:\/\/edublog.educastur.es\/ixuxu\/wp-json\/wp\/v2\/posts\/53457\/revisions"}],"predecessor-version":[{"id":53461,"href":"https:\/\/edublog.educastur.es\/ixuxu\/wp-json\/wp\/v2\/posts\/53457\/revisions\/53461"}],"wp:attachment":[{"href":"https:\/\/edublog.educastur.es\/ixuxu\/wp-json\/wp\/v2\/media?parent=53457"}],"wp:term":[{"taxonomy":"category","embeddable":true,"href":"https:\/\/edublog.educastur.es\/ixuxu\/wp-json\/wp\/v2\/categories?post=53457"},{"taxonomy":"post_tag","embeddable":true,"href":"https:\/\/edublog.educastur.es\/ixuxu\/wp-json\/wp\/v2\/tags?post=53457"}],"curies":[{"name":"wp","href":"https:\/\/api.w.org\/{rel}","templated":true}]}}