{"id":53521,"date":"2025-07-19T22:22:41","date_gmt":"2025-07-19T20:22:41","guid":{"rendered":"https:\/\/edublog.educastur.es\/ixuxu\/?p=53521"},"modified":"2025-07-21T21:07:59","modified_gmt":"2025-07-21T19:07:59","slug":"festival-de-drones-en-xixon","status":"publish","type":"post","link":"https:\/\/edublog.educastur.es\/ixuxu\/2025\/07\/festival-de-drones-en-xixon\/","title":{"rendered":"Festival de drones en Xix\u00f3n"},"content":{"rendered":"<p>La ilesia de San Pedro, l&#8217;Aponderamientu y les casetes de la sablera, una de les figures m\u00e1s aplaud\u00edes, fueron dalgunos de los iconos de la ciud\u00e1 reproduc\u00edos con lluces sobro&#8217;l cielu de Poniente. <strong>Xix\u00f3n toc\u00f3&#8217;l cielu<\/strong>. O siquier facer los sos elementos m\u00e1s ic\u00f3nicos, dende la ilesia de San Pedro hasta les coloridas casetes de San Llorienzo, pasando pol cuetu de Santo Catalina y la so guinda art\u00edstica del Aponderamientu del Horizonte.<\/p>\n<p style=\"text-align: center\"><span class=\"x193iq5w xeuugli x13faqbe x1vvkbs xt0psk2 x1i0vuye xvs91rp xo1l8bm x5n08af x10wh9bi xpm28yp x8viiok x1o7cslx x126k92a\"><span class=\"html-span xexx8yu x4uap5 x18d9i69 xkhd6sd x1hl2dhg x16tdsg8 x1vvkbs x3nfvp2 x1j61x8r x1fcty0u xdj266r xat24cr xgzva0m xhhsvwb xxymvpz xlup9mm x1kky2od\">\n<!-- iframe plugin v.6.0 wordpress.org\/plugins\/iframe\/ -->\n<iframe loading=\"lazy\" src=\"https:\/\/www.instagram.com\/reel\/DMUxQn5MtCr\/embed\" width=\"460\" height=\"620\" 0=\"\/iframe\" scrolling=\"yes\" class=\"iframe-class\" frameborder=\"0\"><\/iframe>\n<\/span><\/span><\/p>\n<ul>\n<li><a href=\"https:\/\/www.elcomercio.es\/gijon\/drones-espectaculo-gijon-cielo-figuras-20250719233502-nt.html\">El Comercio<\/a> \/ <a href=\"https:\/\/www.instagram.com\/reel\/DMVpFzHsTw2\">Videu<\/a> \/<\/li>\n<\/ul>\n<p>La sablera de Poniente allug\u00f3 esti s\u00e1badu la <strong>cuarta edici\u00f3n de la so nueche de los drones<\/strong> (Drone Show Festival), un espect\u00e1culu que corri\u00f3 a cargu del estudiu creativu catal\u00e1n Flock Drone Art y qu&#8217;amenorg\u00f3 el n\u00famberu de pases con al respective de cites anteriores \u2013hubo solu unu\u2013, pero a camb\u00e9u creci\u00f3 n&#8217;espectacularid\u00e1 gracies a una medr\u00eda del n\u00famberu de dispositivos en vuelu simult\u00e1neu.<\/p>\n<p><!--more--><\/p>\n<p><strong>Nesta ocasi\u00f3n algamaron los 500<\/strong>, frente a los 300 del pas\u00e1u branu o los 100 de la primer edici\u00f3n de 2022, una meyora que celebraron unos espectadores y\u00e1 avezados -anque nun faltaba quien reconoc\u00eda que nunca los vi y tengo ganes\u00bb- y que non solo pudieron esfrutar de figures con una mayor definici\u00f3n, sin\u00f3n del dibuxu sobro&#8217;l cielu de paisaxes compuestos por dellos elementos.<\/p>\n<p style=\"text-align: center\">\n<!-- iframe plugin v.6.0 wordpress.org\/plugins\/iframe\/ -->\n<iframe loading=\"lazy\" src=\"https:\/\/www.facebook.com\/plugins\/video.php?height=476&#038;href=https%3A%2F%2Fwww.facebook.com%2Fjartoka.twitch.9%2Fvideos%2F1462735951417555%2F&#038;show_text=false&#038;width=267&#038;t=0\" width=\"267\" height=\"476\" style=\"border:none;overflow:hidden\" scrolling=\"no\" frameborder=\"0\" allowfullscreen=\"true\" allow=\"autoplay; clipboard-write; encrypted-media; picture-in-picture; web-share\" 0=\"\/iframe\" class=\"iframe-class\"><\/iframe>\n<\/p>\n<p>Xixoneses y visitantes atarraquitaron un a\u00f1u m\u00e1s el pas\u00e9u de Poniente, a lo llargo del cual instal\u00e1ronse delles torres de son\u00edu pa tratar de facilitar lo m\u00e1ximo posible -nes zones asitiaes m\u00e1s al este, bien allegaes, nun lo llogr\u00f3-, la escucha de la m\u00fasica que diba acompa\u00f1ar el vuelu de los drones y de la narraci\u00f3n que s&#8217;encarg\u00f3 de filar una hestoria presentada como &#8216;Sua\u00f1ando en Xix\u00f3n&#8217; y cola que se promet\u00eda realizar \u00abun tributu a la so hestoria, la so cultura y la so xente\u00bb. A los once de la nueche, cuando&#8217;l cielu y\u00e1 adquiriera la escurid\u00e1 necesaria pa sirvir de llenzu a esti arte teledirigido de h\u00e9lices y lluz, los drones, estremaos en delles capes, empezaron a tomar altor dende la pista de despegue instalada a lo llargo del dique oeste de la sablera.<\/p>\n<p>Y\u00e1 visibles como pequenes luci\u00e9rnagas sobrevolando Poniente, d&#8217;una formaci\u00f3n n&#8217;ensame pasaron a configurar la n\u00edtida figura d&#8217;una persona recostada y empresta a sua\u00f1ar cola ciud\u00e1 que la contemplaba pescuezu n&#8217;alto dende l&#8217;arenal, el pas\u00e9u de la sablera y los diques del Muelle. Un torbol\u00edn n&#8217;espiral dio pasu a un on\u00edricu cielu estrell\u00e1u, con nubes y xuna enorme lluna en cuartu creciente, sobro&#8217;l que&#8217;l protagonista se zambull\u00f3 al travi\u00e9s d&#8217;un furacu pa empecipiar el so viaxe a Xix\u00f3n.<\/p>\n<ul>\n<li><a class=\"x1i10hfl xjbqb8w x1ejq31n x18oe1m7 x1sy0etr xstzfhl x972fbf x10w94by x1qhh985 x14e42zd x9f619 x1ypdohk xt0psk2 xe8uvvx xdj266r x14z9mp xat24cr x1lziwak xexx8yu xyri2b x18d9i69 x1c1uobl x16tdsg8 x1hl2dhg xggy1nq x1a2a7pz _aa9_ _a6hd\" role=\"link\" href=\"https:\/\/www.instagram.com\/explore\/tags\/gijon\/\">#gijon<\/a> <a class=\"x1i10hfl xjbqb8w x1ejq31n x18oe1m7 x1sy0etr xstzfhl x972fbf x10w94by x1qhh985 x14e42zd x9f619 x1ypdohk xt0psk2 xe8uvvx xdj266r x14z9mp xat24cr x1lziwak xexx8yu xyri2b x18d9i69 x1c1uobl x16tdsg8 x1hl2dhg xggy1nq x1a2a7pz _aa9_ _a6hd\" role=\"link\" href=\"https:\/\/www.instagram.com\/explore\/tags\/divertia\/\">#divertia<\/a> <a class=\"x1i10hfl xjbqb8w x1ejq31n x18oe1m7 x1sy0etr xstzfhl x972fbf x10w94by x1qhh985 x14e42zd x9f619 x1ypdohk xt0psk2 xe8uvvx xdj266r x14z9mp xat24cr x1lziwak xexx8yu xyri2b x18d9i69 x1c1uobl x16tdsg8 x1hl2dhg xggy1nq x1a2a7pz _aa9_ _a6hd\" role=\"link\" href=\"https:\/\/www.instagram.com\/explore\/tags\/drones\/\">#drones<\/a><\/li>\n<\/ul>\n<p style=\"text-align: center\">\n<!-- iframe plugin v.6.0 wordpress.org\/plugins\/iframe\/ -->\n<iframe loading=\"lazy\" src=\"https:\/\/www.facebook.com\/plugins\/post.php?href=https%3A%2F%2Fwww.facebook.com%2Fasturiasinfocom%2Fposts%2Fpfbid0tqwEJ2jqvfgnXzoWh9H7W8BA96wjaZnMF4oxBcB3AF6icc61sQz1bPqFg2pgb4RLl&#038;show_text=false&#038;width=500\" width=\"500\" height=\"498\" style=\"border:none;overflow:hidden\" scrolling=\"no\" frameborder=\"0\" allowfullscreen=\"true\" allow=\"autoplay; clipboard-write; encrypted-media; picture-in-picture; web-share\" 0=\"\/iframe\" class=\"iframe-class\"><\/iframe>\n<\/p>\n<p>Siempres con pequenes figures de nubes acompa\u00f1\u00e1ndo-y como fondu nel so vuelu sua\u00f1\u00e1u \u2013y con nubes reales amenaciando coles mesmes con un orbayu real\u2013 lo primero que s&#8217;atop\u00f3, y con \u00e9l los miles de persones que lu reparaben dende&#8217;l suelu, foi un cartelu indicativu que-y daba la bienvenida, primero a &#8216;Xix\u00f3n&#8217; y dempu\u00e9s a &#8216;Xix\u00f3n&#8217;.<\/p>\n<p>&nbsp;<\/p>\n<p>A partir d&#8217;ende, los drones llev\u00e1ronlu, por aciu socesivos cambeos de forma y de color, hasta l&#8217;Aponderamientu del Horizonte, a una perfectamente definida ilesia de San Pedro y a bordu d&#8217;una pequena chalana que saleaba sobro les foles. Somorguiaron dempu\u00e9s a el espectadores so l&#8217;agua p&#8217;atopase con un calamar xigante qu&#8217;avanzaba a golpe de tent\u00e1culu sobro&#8217;l cielu de Poniente y, ensin movese d&#8217;esa sablera, pudieron vese les caracter\u00edstiques casetes de colores que pueblen cada branu la de San Llorienzo, xuna de les figures m\u00e1s aplaud\u00edes.<\/p>\n<p style=\"text-align: center\">\n<!-- iframe plugin v.6.0 wordpress.org\/plugins\/iframe\/ -->\n<iframe loading=\"lazy\" src=\"https:\/\/www.facebook.com\/plugins\/video.php?height=476&#038;href=https%3A%2F%2Fwww.facebook.com%2FLavozcriticadexixon%2Fvideos%2F750993837301858%2F&#038;show_text=false&#038;width=267&#038;t=0\" width=\"267\" height=\"476\" style=\"border:none;overflow:hidden\" scrolling=\"no\" frameborder=\"0\" allowfullscreen=\"true\" allow=\"autoplay; clipboard-write; encrypted-media; picture-in-picture; web-share\" 0=\"\/iframe\" class=\"iframe-class\"><\/iframe>\n<\/p>\n<p>La escena empez\u00f3 dempu\u00e9s a allo\u00f1ar hasta asitiase fora de les llendes del planeta, encuadrando la Tierra, el Sol, Saturno y un g\u00fceyu que lu reparaba tou ya inclusive xarramicaba&#8230; Una porci\u00f3n d&#8217;Universu a la que sigui\u00f3 un elementu que de Xix\u00f3n y Asturies y\u00e1 dio&#8217;l saltu a tol mundu col so ent\u00e1 reci\u00e9n denominaci\u00f3n como Patrimoniu Cultural Inmaterial de la Humanid\u00e1: la sidra. Y ye que nesi sua\u00f1u xixon\u00e9s sobro&#8217;l cielu de Poniente nun pod\u00eda faltar un frescu y aplaud\u00edu &#8216;cul\u00edn&#8217;, ech\u00e1u dende la caracter\u00edstica botella verde y espalmando al cayer sobro&#8217;l vasu.<\/p>\n<p style=\"text-align: center\">\n<!-- iframe plugin v.6.0 wordpress.org\/plugins\/iframe\/ -->\n<iframe loading=\"lazy\" src=\"https:\/\/www.facebook.com\/plugins\/post.php?href=https%3A%2F%2Fwww.facebook.com%2Fphoto.php%3Ffbid%3D10163282602113748%26set%3Da.10151151619133748%26type%3D3&#038;show_text=false&#038;width=500\" width=\"500\" height=\"562\" style=\"border:none;overflow:hidden\" scrolling=\"no\" frameborder=\"0\" allowfullscreen=\"true\" allow=\"autoplay; clipboard-write; encrypted-media; picture-in-picture; web-share\" 0=\"\/iframe\" class=\"iframe-class\"><\/iframe>\n<\/p>\n<p>&nbsp;<\/p>\n<p style=\"text-align: center\">\n<!-- iframe plugin v.6.0 wordpress.org\/plugins\/iframe\/ -->\n<iframe loading=\"lazy\" src=\"https:\/\/www.facebook.com\/plugins\/video.php?height=476&#038;href=https%3A%2F%2Fwww.facebook.com%2Fjartoka.twitch.9%2Fvideos%2F722657757051892%2F&#038;show_text=false&#038;width=267&#038;t=0\" width=\"267\" height=\"476\" style=\"border:none;overflow:hidden\" scrolling=\"no\" frameborder=\"0\" allowfullscreen=\"true\" allow=\"autoplay; clipboard-write; encrypted-media; picture-in-picture; web-share\" 0=\"\/iframe\" class=\"iframe-class\"><\/iframe>\n<\/p>\n<p>En formando la espiral col lema &#8216;Branu 2025&#8217; que Divertia utiliza como logotipu de los festexos de la ciud\u00e1, los drones despidir de Xix\u00f3n tres 14 minutos d&#8217;espect\u00e1culu escribiendo en collor\u00e1u y blancu el nome de la ciud\u00e1 baxu una figura del &#8216;skyline&#8217; xixon\u00e9s na que volvieron apaecer les reconocibles ll\u00ednees del Aponderamientu y de San Pedro, a les que se sumaron les del cuetu de Santo Catalina, la Lloca del Rincon\u00edn y l&#8217;escultura de Les Chaponas.<\/p>\n<p>&nbsp;<\/p>\n<p style=\"text-align: center\">\n<!-- iframe plugin v.6.0 wordpress.org\/plugins\/iframe\/ -->\n<iframe loading=\"lazy\" src=\"https:\/\/www.facebook.com\/plugins\/video.php?height=476&#038;href=https%3A%2F%2Fwww.facebook.com%2FLavozcriticadexixon%2Fvideos%2F1463087811378477%2F&#038;show_text=false&#038;width=267&#038;t=0\" width=\"267\" height=\"476\" style=\"border:none;overflow:hidden\" scrolling=\"no\" frameborder=\"0\" allowfullscreen=\"true\" allow=\"autoplay; clipboard-write; encrypted-media; picture-in-picture; web-share\" 0=\"\/iframe\" class=\"iframe-class\"><\/iframe>\n<\/p>\n<p>L&#8217;alta arribaci\u00f3n a esta cita volvi\u00f3 enllenar los parkings de la zona y a xenerar atascos na redoma de Poniente. Tami\u00e9n se formaron llargues coles nos establecimientos d&#8217;hosteler\u00eda y xelader\u00edes.<\/p>\n<p style=\"text-align: center\">\n<!-- iframe plugin v.6.0 wordpress.org\/plugins\/iframe\/ -->\n<iframe loading=\"lazy\" src=\"https:\/\/www.facebook.com\/plugins\/video.php?height=476&#038;href=https%3A%2F%2Fwww.facebook.com%2Freel%2F1768286924112672%2F&#038;show_text=false&#038;width=267&#038;t=0\" width=\"267\" height=\"476\" style=\"border:none;overflow:hidden\" scrolling=\"no\" frameborder=\"0\" allowfullscreen=\"true\" allow=\"autoplay; clipboard-write; encrypted-media; picture-in-picture; web-share\" 0=\"\/iframe\" class=\"iframe-class\"><\/iframe>\n<\/p>\n","protected":false},"excerpt":{"rendered":"<p>La ilesia de San Pedro, l&#8217;Aponderamientu y les casetes de la sablera, una de les figures m\u00e1s aplaud\u00edes, fueron dalgunos de los iconos de la ciud\u00e1 reproduc\u00edos con lluces sobro&#8217;l cielu de Poniente. Xix\u00f3n toc\u00f3&#8217;l cielu. O siquier facer los sos elementos m\u00e1s ic\u00f3nicos, dende la ilesia de San Pedro hasta les coloridas casetes de [&hellip;]<\/p>\n","protected":false},"author":117,"featured_media":0,"comment_status":"closed","ping_status":"open","sticky":false,"template":"","format":"standard","meta":{"footnotes":""},"categories":[310,204],"tags":[],"class_list":["post-53521","post","type-post","status-publish","format-standard","hentry","category-drones","category-festivales"],"_links":{"self":[{"href":"https:\/\/edublog.educastur.es\/ixuxu\/wp-json\/wp\/v2\/posts\/53521","targetHints":{"allow":["GET"]}}],"collection":[{"href":"https:\/\/edublog.educastur.es\/ixuxu\/wp-json\/wp\/v2\/posts"}],"about":[{"href":"https:\/\/edublog.educastur.es\/ixuxu\/wp-json\/wp\/v2\/types\/post"}],"author":[{"embeddable":true,"href":"https:\/\/edublog.educastur.es\/ixuxu\/wp-json\/wp\/v2\/users\/117"}],"replies":[{"embeddable":true,"href":"https:\/\/edublog.educastur.es\/ixuxu\/wp-json\/wp\/v2\/comments?post=53521"}],"version-history":[{"count":11,"href":"https:\/\/edublog.educastur.es\/ixuxu\/wp-json\/wp\/v2\/posts\/53521\/revisions"}],"predecessor-version":[{"id":53616,"href":"https:\/\/edublog.educastur.es\/ixuxu\/wp-json\/wp\/v2\/posts\/53521\/revisions\/53616"}],"wp:attachment":[{"href":"https:\/\/edublog.educastur.es\/ixuxu\/wp-json\/wp\/v2\/media?parent=53521"}],"wp:term":[{"taxonomy":"category","embeddable":true,"href":"https:\/\/edublog.educastur.es\/ixuxu\/wp-json\/wp\/v2\/categories?post=53521"},{"taxonomy":"post_tag","embeddable":true,"href":"https:\/\/edublog.educastur.es\/ixuxu\/wp-json\/wp\/v2\/tags?post=53521"}],"curies":[{"name":"wp","href":"https:\/\/api.w.org\/{rel}","templated":true}]}}