{"id":53537,"date":"2025-07-20T08:30:45","date_gmt":"2025-07-20T06:30:45","guid":{"rendered":"https:\/\/edublog.educastur.es\/ixuxu\/?p=53537"},"modified":"2025-07-20T21:15:35","modified_gmt":"2025-07-20T19:15:35","slug":"53537","status":"publish","type":"post","link":"https:\/\/edublog.educastur.es\/ixuxu\/2025\/07\/53537\/","title":{"rendered":"El tiempu (El Comercio)"},"content":{"rendered":"<p style=\"text-align: center\"><a href=\"https:\/\/s2.ppllstatics.com\/elcomercio\/www\/multimedia\/2025\/07\/19\/tiempo-asturias-domingo-20-julio-kzMC-U2301948938566Ca-1200x860@El%20Comercio.jpg\"><img loading=\"lazy\" decoding=\"async\" class=\"aligncenter size-large\" src=\"https:\/\/s2.ppllstatics.com\/elcomercio\/www\/multimedia\/2025\/07\/19\/tiempo-asturias-domingo-20-julio-kzMC-U2301948938566Ca-1200x860@El%20Comercio.jpg\" width=\"1200\" height=\"860\" \/><\/a><\/p>\n<p>Esperamos una xornada bastante m\u00e1s estable de lo que se prev\u00eda nun primer momentu. Van abrise escamplaes <strong>mientres la ma\u00f1ana<\/strong> anque van dir acompa\u00f1aos d&#8217;intervalos nublos a lo llargo del d\u00eda. La probabilid\u00e1 de precipitaciones va ser nula. S\u00eda que non, nun se refuga a primer hora dalguna orbaya pero r\u00e1pido va unviar por completu. <strong>Los vientos<\/strong> van soplar de componente oeste con raches fluexes a moderaes nel interior, y moderaes a fuertes na mari\u00f1a.<\/p>\n<p>Ello ye que l&#8217;Axencia Estatal de Meteorolox\u00eda va activar <strong>a partir de les 15 hores<\/strong> l&#8217;avisu mariellu na mar por raches que van superar los 50 km\/h (esti avisu va desactivar a medianueche). Con \u00e9ses anque na sablera les raches nun van algamar eses intensidaes, el vientu igualmente podr\u00eda ser desagradable a pesar de los grandes ratos de sol que vamos tener esti domingu. Tocantes a les <strong>temperatures, les m\u00e1ximes<\/strong> van baxar hasta 3 \u00baC en tol occidente y tami\u00e9n en zones altes del cordal, y van caltenese ensin cambeos respecto al s\u00e1badu nel restu. <strong>Les m\u00ednimes<\/strong> apenes se van ver alteriaes, s\u00eda que non podr\u00eden producise dellos descensos bien llixeros y locales nel sur del Princip\u00e1u.<\/p>\n","protected":false},"excerpt":{"rendered":"<p>Esperamos una xornada bastante m\u00e1s estable de lo que se prev\u00eda nun primer momentu. Van abrise escamplaes mientres la ma\u00f1ana anque van dir acompa\u00f1aos d&#8217;intervalos nublos a lo llargo del d\u00eda. La probabilid\u00e1 de precipitaciones va ser nula. S\u00eda que non, nun se refuga a primer hora dalguna orbaya pero r\u00e1pido va unviar por completu. [&hellip;]<\/p>\n","protected":false},"author":117,"featured_media":0,"comment_status":"closed","ping_status":"open","sticky":false,"template":"","format":"standard","meta":{"footnotes":""},"categories":[5],"tags":[],"class_list":["post-53537","post","type-post","status-publish","format-standard","hentry","category-tiempu"],"_links":{"self":[{"href":"https:\/\/edublog.educastur.es\/ixuxu\/wp-json\/wp\/v2\/posts\/53537","targetHints":{"allow":["GET"]}}],"collection":[{"href":"https:\/\/edublog.educastur.es\/ixuxu\/wp-json\/wp\/v2\/posts"}],"about":[{"href":"https:\/\/edublog.educastur.es\/ixuxu\/wp-json\/wp\/v2\/types\/post"}],"author":[{"embeddable":true,"href":"https:\/\/edublog.educastur.es\/ixuxu\/wp-json\/wp\/v2\/users\/117"}],"replies":[{"embeddable":true,"href":"https:\/\/edublog.educastur.es\/ixuxu\/wp-json\/wp\/v2\/comments?post=53537"}],"version-history":[{"count":2,"href":"https:\/\/edublog.educastur.es\/ixuxu\/wp-json\/wp\/v2\/posts\/53537\/revisions"}],"predecessor-version":[{"id":53539,"href":"https:\/\/edublog.educastur.es\/ixuxu\/wp-json\/wp\/v2\/posts\/53537\/revisions\/53539"}],"wp:attachment":[{"href":"https:\/\/edublog.educastur.es\/ixuxu\/wp-json\/wp\/v2\/media?parent=53537"}],"wp:term":[{"taxonomy":"category","embeddable":true,"href":"https:\/\/edublog.educastur.es\/ixuxu\/wp-json\/wp\/v2\/categories?post=53537"},{"taxonomy":"post_tag","embeddable":true,"href":"https:\/\/edublog.educastur.es\/ixuxu\/wp-json\/wp\/v2\/tags?post=53537"}],"curies":[{"name":"wp","href":"https:\/\/api.w.org\/{rel}","templated":true}]}}