{"id":53597,"date":"2025-07-20T09:00:58","date_gmt":"2025-07-20T07:00:58","guid":{"rendered":"https:\/\/edublog.educastur.es\/ixuxu\/?p=53597"},"modified":"2025-07-25T14:47:05","modified_gmt":"2025-07-25T12:47:05","slug":"dia-internacional-de-la-lluna","status":"publish","type":"post","link":"https:\/\/edublog.educastur.es\/ixuxu\/2025\/07\/dia-internacional-de-la-lluna\/","title":{"rendered":"D\u00eda Internacional de la Lluna"},"content":{"rendered":"<div class=\"html-div xdj266r x14z9mp xat24cr x1lziwak xexx8yu x1a8lsjc xf7dkkf xv54qhq\">\n<div class=\"html-div xdj266r x14z9mp xat24cr x1lziwak xexx8yu xyri2b x18d9i69 x1c1uobl x1jx94hy x78zum5 x1q0g3np\">\n<div class=\"x78zum5 xdt5ytf xz62fqu x16ldp7u\">\n<div class=\"xu06os2 x1ok221b\">\n<div class=\"html-div xdj266r x14z9mp xat24cr x1lziwak xexx8yu xyri2b x18d9i69 x1c1uobl\" data-ad-rendering-role=\"profile_name\">\n<ul>\n<li class=\"html-h3 x14z9mp xat24cr x1lziwak xexx8yu xyri2b x18d9i69 x1c1uobl x1vvkbs x1heor9g x1qlqyl8 x1pd3egz x1a2a7pz x1gslohp x1yc453h\"><span class=\"x1lliihq x6ikm8r x10wlt62 x1n2onr6\"><span class=\"xt0psk2\"><a class=\"x1i10hfl xjbqb8w x1ejq31n x18oe1m7 x1sy0etr xstzfhl x972fbf x10w94by x1qhh985 x14e42zd x9f619 x1ypdohk xt0psk2 xe8uvvx xdj266r x14z9mp xat24cr x1lziwak xexx8yu xyri2b x18d9i69 x1c1uobl x16tdsg8 x1hl2dhg xggy1nq x1a2a7pz xkrqix3 x1sur9pj xzsf02u x1s688f\" role=\"link\" href=\"https:\/\/www.facebook.com\/iAstroarte?__cft__[0]=AZU2f1x-HZ6D3zMtIv7FwuOPrNBprFCAPM8dJmIGkOLJyD0VxEPT1lVZCbF7SXqam27eRmqsdUYpWkAGDTdImY5XiCYdcHWeT3P7juRMNTCzBtYqR447O2aU-NpEQOqICZeqHLFV1Xeeb9mVVmSzVnNstpqNKRjOlwjZUnfGrFE5NyjWtZbwB-u19YUUIPesH5PETdiHs5dDYbU_36A21m_3&amp;__tn__=-UC%2CP-y-R\"><strong class=\"html-strong xdj266r x14z9mp xat24cr x1lziwak xexx8yu xyri2b x18d9i69 x1c1uobl x1hl2dhg x16tdsg8 x1vvkbs x1s688f\"><span class=\"html-span xdj266r x14z9mp xat24cr x1lziwak xexx8yu xyri2b x18d9i69 x1c1uobl x1hl2dhg x16tdsg8 x1vvkbs\">\ud835\udc68\ud835\udc94\ud835\udc95\ud835\udc93\ud835\udc90\ud835\udc68\ud835\udc93\ud835\udc95\ud835\udc86.<\/span><\/strong><\/a><\/span><\/span><span style=\"font-size: 16px\">\/<\/span><a class=\"x1i10hfl xjbqb8w x1ejq31n x18oe1m7 x1sy0etr xstzfhl x972fbf x10w94by x1qhh985 x14e42zd x9f619 x1ypdohk xt0psk2 xe8uvvx xdj266r x14z9mp xat24cr x1lziwak xexx8yu xyri2b x18d9i69 x1c1uobl x16tdsg8 x1hl2dhg xggy1nq x1a2a7pz xkrqix3 x1sur9pj x1fey0fg x1s688f\" style=\"font-size: 16px\" role=\"link\" href=\"https:\/\/www.facebook.com\/hashtag\/fblifestyle?__eep__=6&amp;__cft__[0]=AZU2f1x-HZ6D3zMtIv7FwuOPrNBprFCAPM8dJmIGkOLJyD0VxEPT1lVZCbF7SXqam27eRmqsdUYpWkAGDTdImY5XiCYdcHWeT3P7juRMNTCzBtYqR447O2aU-NpEQOqICZeqHLFV1Xeeb9mVVmSzVnNstpqNKRjOlwjZUnfGrFE5NyjWtZbwB-u19YUUIPesH5PETdiHs5dDYbU_36A21m_3&amp;__tn__=*NK-y-R\">#fblifestyle<\/a><\/li>\n<\/ul>\n<p style=\"text-align: center\"><a href=\"https:\/\/upload.wikimedia.org\/wikipedia\/commons\/thumb\/0\/0b\/FullMoon.jpg\/960px-FullMoon.jpg\"><img loading=\"lazy\" decoding=\"async\" class=\"aligncenter \" src=\"https:\/\/upload.wikimedia.org\/wikipedia\/commons\/thumb\/0\/0b\/FullMoon.jpg\/960px-FullMoon.jpg\" width=\"458\" height=\"458\" \/><\/a><\/p>\n<p>Esta fecha recuerda la llegada del ser humanu a la Lluna en 1969 y conv\u00eddanos a almirar la so guapura, valor cient\u00edficu y cultural. Ye una xornada que se celebra&#8217;l 20 de xunetu dende 2022, establecida nel 2021 pola Asamblea Xeneral de les Naciones Xun\u00edes (AGNU).<\/p>\n<p><!--more--><\/p>\n<p style=\"text-align: center\">\n<!-- iframe plugin v.6.0 wordpress.org\/plugins\/iframe\/ -->\n<iframe loading=\"lazy\" src=\"https:\/\/www.facebook.com\/plugins\/post.php?href=https%3A%2F%2Fwww.facebook.com%2FRoyGallardoCartoon%2Fposts%2Fpfbid0mQT2swFzpE1JhdVVXe8LKRr9WDn2MfxCFoxswZG8B4DjLnw76WJLiautbfJCNj5Nl&#038;show_text=false&#038;width=500\" width=\"500\" height=\"498\" style=\"border:none;overflow:hidden\" scrolling=\"no\" frameborder=\"0\" allowfullscreen=\"true\" allow=\"autoplay; clipboard-write; encrypted-media; picture-in-picture; web-share\" 0=\"\/iframe\" class=\"iframe-class\"><\/iframe>\n<\/p>\n<p>El D\u00eda Internacional de la Lluna foi proclam\u00e1u tres l&#8217;aprobaci\u00f3n de la solicit\u00fa presentada pola Moon Village Association (MVA) una organizaci\u00f3n dedicada a fomentar la collaboraci\u00f3n internacional para la esploraci\u00f3n y usu del espaciu llunar, ta encargada de coordinar les actividaes rellacionaes con esti d\u00eda.<\/p>\n<p style=\"text-align: center\">\n<!-- iframe plugin v.6.0 wordpress.org\/plugins\/iframe\/ -->\n<iframe loading=\"lazy\" src=\"https:\/\/www.facebook.com\/plugins\/post.php?href=https%3A%2F%2Fwww.facebook.com%2FiAstroarte%2Fposts%2Fpfbid032ienaqRNccBjtSMDP2U9Ut3jvRHGs8g4t7RMabLATHPSpkjHVixyZMyZp6dg6Kfgl&#038;show_text=false&#038;width=500\" width=\"500\" height=\"498\" style=\"border:none;overflow:hidden\" scrolling=\"no\" frameborder=\"0\" allowfullscreen=\"true\" allow=\"autoplay; clipboard-write; encrypted-media; picture-in-picture; web-share\" 0=\"\/iframe\" class=\"iframe-class\"><\/iframe>\n<\/p>\n<p>La so solicit\u00fa presentar mientres la 64.\u00aa sesi\u00f3n de la Comisi\u00f3n sobro l&#8217;Usu del Espaciu Ultraterrestre con Fines Pac\u00edficos, un organismu de la ONU dedic\u00e1u a aldericar y promover l&#8217;usu pac\u00edficu del espaciu esterior. Foi proclam\u00e1u pola (AGNU) el 9 d&#8217;avientu de 2021 como parte del resolvimientu de la Cooperaci\u00f3n internacional nel usu del espaciu ultraterrestre con fines pac\u00edficos y en base al Informe de la Comisi\u00f3n Pol\u00edtica Especial y de Descolonizaci\u00f3n (Cuarta Comisi\u00f3n).<\/p>\n<p>L&#8217;oxetivu d&#8217;esta proclamaci\u00f3n <span style=\"color: #008080\"><strong>ye celebrar los llogros de la esploraci\u00f3n llunar por tolos Estaos y fomentar la conciencia sobro la esploraci\u00f3n y usu sostenible del sat\u00e9lite natural de la Tierra.<\/strong><\/span><\/p>\n<p>Esti d\u00eda celebra&#8217;l 20 de xunetu de cada a\u00f1u, <strong>coincidiendo col aniversariu del aterrizaxe de la misi\u00f3n Apolo 11 en 1969, que marc\u00f3&#8217;l primer contactu humanu cola Lluna.<\/strong> La elecci\u00f3n d&#8217;esta fecha simboliza tantu&#8217;l llogru hist\u00f3ricu de la humanid\u00e1 na esploraci\u00f3n espacial como fomentar futures misiones y proyectos llunares. La so primer celebraci\u00f3n realizar en 2022.<\/p>\n<\/div>\n<\/div>\n<\/div>\n<\/div>\n<\/div>\n<div class=\"xdj266r x14z9mp xat24cr x1lziwak x1vvkbs x126k92a\">\n<div dir=\"auto\"><span class=\"html-span xdj266r x14z9mp xat24cr x1lziwak xexx8yu xyri2b x18d9i69 x1c1uobl x1hl2dhg x16tdsg8 x1vvkbs\"><a class=\"x1i10hfl xjbqb8w x1ejq31n x18oe1m7 x1sy0etr xstzfhl x972fbf x10w94by x1qhh985 x14e42zd x9f619 x1ypdohk xt0psk2 xe8uvvx xdj266r x14z9mp xat24cr x1lziwak xexx8yu xyri2b x18d9i69 x1c1uobl x16tdsg8 x1hl2dhg xggy1nq x1a2a7pz xkrqix3 x1sur9pj x1fey0fg x1s688f\" role=\"link\" href=\"https:\/\/www.facebook.com\/hashtag\/undiacomohoy?__eep__=6&amp;__cft__[0]=AZUxNmcZjeudegEEOKEZ1rbW0VT-ZVkXY5JPgZg4MXjyZ7qKwDu2AZMNQ4VfFUIjX8fDSDTFNvnw05TtAs9ZN9ZB54VEqj-Xyj_upiu6ZZ4dkMSYVRA2lTbeOo52wqD3P2lLk-c6qLHLxqj8Wwlf4vliMKS7wXSX0D9jlmV8nO-y5ePSd7y5s_fBYU0em-_HwfMr4wc7A-4a_rNQdRRKsFFr&amp;__tn__=*NK-y-R\">#UnDiaComoHoy<\/a> \/ <\/span><span class=\"html-span xdj266r x14z9mp xat24cr x1lziwak xexx8yu xyri2b x18d9i69 x1c1uobl x1hl2dhg x16tdsg8 x1vvkbs\"><a class=\"x1i10hfl xjbqb8w x1ejq31n x18oe1m7 x1sy0etr xstzfhl x972fbf x10w94by x1qhh985 x14e42zd x9f619 x1ypdohk xt0psk2 xe8uvvx xdj266r x14z9mp xat24cr x1lziwak xexx8yu xyri2b x18d9i69 x1c1uobl x16tdsg8 x1hl2dhg xggy1nq x1a2a7pz xkrqix3 x1sur9pj x1fey0fg x1s688f\" role=\"link\" href=\"https:\/\/www.facebook.com\/hashtag\/ciencia?__eep__=6&amp;__cft__[0]=AZUxNmcZjeudegEEOKEZ1rbW0VT-ZVkXY5JPgZg4MXjyZ7qKwDu2AZMNQ4VfFUIjX8fDSDTFNvnw05TtAs9ZN9ZB54VEqj-Xyj_upiu6ZZ4dkMSYVRA2lTbeOo52wqD3P2lLk-c6qLHLxqj8Wwlf4vliMKS7wXSX0D9jlmV8nO-y5ePSd7y5s_fBYU0em-_HwfMr4wc7A-4a_rNQdRRKsFFr&amp;__tn__=*NK-y-R\">#ciencia<\/a><\/span> <span class=\"html-span xdj266r x14z9mp xat24cr x1lziwak xexx8yu xyri2b x18d9i69 x1c1uobl x1hl2dhg x16tdsg8 x1vvkbs\"><a class=\"x1i10hfl xjbqb8w x1ejq31n x18oe1m7 x1sy0etr xstzfhl x972fbf x10w94by x1qhh985 x14e42zd x9f619 x1ypdohk xt0psk2 xe8uvvx xdj266r x14z9mp xat24cr x1lziwak xexx8yu xyri2b x18d9i69 x1c1uobl x16tdsg8 x1hl2dhg xggy1nq x1a2a7pz xkrqix3 x1sur9pj x1fey0fg x1s688f\" role=\"link\" href=\"https:\/\/www.facebook.com\/hashtag\/universo?__eep__=6&amp;__cft__[0]=AZUxNmcZjeudegEEOKEZ1rbW0VT-ZVkXY5JPgZg4MXjyZ7qKwDu2AZMNQ4VfFUIjX8fDSDTFNvnw05TtAs9ZN9ZB54VEqj-Xyj_upiu6ZZ4dkMSYVRA2lTbeOo52wqD3P2lLk-c6qLHLxqj8Wwlf4vliMKS7wXSX0D9jlmV8nO-y5ePSd7y5s_fBYU0em-_HwfMr4wc7A-4a_rNQdRRKsFFr&amp;__tn__=*NK-y-R\">#universo<\/a><\/span> <span class=\"html-span xdj266r x14z9mp xat24cr x1lziwak xexx8yu xyri2b x18d9i69 x1c1uobl x1hl2dhg x16tdsg8 x1vvkbs\"><a class=\"x1i10hfl xjbqb8w x1ejq31n x18oe1m7 x1sy0etr xstzfhl x972fbf x10w94by x1qhh985 x14e42zd x9f619 x1ypdohk xt0psk2 xe8uvvx xdj266r x14z9mp xat24cr x1lziwak xexx8yu xyri2b x18d9i69 x1c1uobl x16tdsg8 x1hl2dhg xggy1nq x1a2a7pz xkrqix3 x1sur9pj x1fey0fg x1s688f\" role=\"link\" href=\"https:\/\/www.facebook.com\/hashtag\/curiosidades?__eep__=6&amp;__cft__[0]=AZUxNmcZjeudegEEOKEZ1rbW0VT-ZVkXY5JPgZg4MXjyZ7qKwDu2AZMNQ4VfFUIjX8fDSDTFNvnw05TtAs9ZN9ZB54VEqj-Xyj_upiu6ZZ4dkMSYVRA2lTbeOo52wqD3P2lLk-c6qLHLxqj8Wwlf4vliMKS7wXSX0D9jlmV8nO-y5ePSd7y5s_fBYU0em-_HwfMr4wc7A-4a_rNQdRRKsFFr&amp;__tn__=*NK-y-R\">#curiosidades<\/a><\/span><\/div>\n<\/div>\n<div dir=\"auto\" style=\"text-align: center\">\n<!-- iframe plugin v.6.0 wordpress.org\/plugins\/iframe\/ -->\n<iframe loading=\"lazy\" src=\"https:\/\/www.facebook.com\/plugins\/post.php?href=https%3A%2F%2Fwww.facebook.com%2Fcontemplandoelcosmos%2Fposts%2Fpfbid02rM1q23WFkLraHayrn1BixemiMP5PgNVADgoAC6RL8NjUc2sBsmuieoeKJe89BWPrl&#038;show_text=false&#038;width=500\" width=\"500\" height=\"498\" style=\"border:none;overflow:hidden\" scrolling=\"no\" frameborder=\"0\" allowfullscreen=\"true\" allow=\"autoplay; clipboard-write; encrypted-media; picture-in-picture; web-share\" 0=\"\/iframe\" class=\"iframe-class\"><\/iframe>\n<\/div>\n<div dir=\"auto\"><\/div>\n<div dir=\"auto\">El 20 de xunetu, conmem\u00f3rase&#8217;l 56 aniversariu del primera alunizaxe, un eventu que marc\u00f3 un antes y un dempu\u00e9s na hestoria de la humanid\u00e1.<\/div>\n<div dir=\"auto\"><\/div>\n<div dir=\"auto\">En 1969, la misi\u00f3n Apolo 11 llogr\u00f3 lo que mientres milenios paec\u00eda imposible: llevar a seres humanos a la superficie de la Lluna. Neil Armstrong foi&#8217;l primeru en triala, pronunciando la ic\u00f3nica frase: \u201c<em>Ye un pequenu pasu pa un home, pero un reblinc\u00f3n pa la humanid\u00e1.\u201d<\/em><\/div>\n<div dir=\"auto\">La faza\u00f1a nun foi solo tecnol\u00f3xica, sin\u00f3n fondamente simb\u00f3lica. Per primer vegada, la humanid\u00e1 abandonaba&#8217;l so planeta d&#8217;orixe pa esquizar otru cuerpu celeste. Foi una amuesa de lo que podemos llograr cuando la conocencia, la ciencia y la cooperaci\u00f3n converxen nun prop\u00f3situ com\u00fan.<\/div>\n<div dir=\"auto\">Detr\u00e1s del llogru taba una combinaci\u00f3n de precisi\u00f3n cient\u00edfica, audacia y determinaci\u00f3n. El sal\u00e9u, el c\u00e1lculu de trayectories y los sistemes de soporte vital dise\u00f1ense con tecnolox\u00edes que g\u00fcei paecen primitives, pero que nel so momentu representaben el cumal del inxeniu humanu.<\/div>\n<div dir=\"auto\">En plena carrera espacial, l&#8217;Apolo 11 demostr\u00f3 que&#8217;l cielu nun yera la llende, sin\u00f3n l&#8217;entamu d&#8217;una nueva era. De magar, unviemos sondes a les llendes del sistema solar y telescopios que nos revelen los secretos del universu primitivu. Pero tou empez\u00f3 con un pie sobro&#8217;l regolito llunar. Y g\u00fcei, 56 a\u00f1os dempu\u00e9s, record\u00e1moslo non como una faza\u00f1a del pas\u00e1u, sin\u00f3n como un recordatoriu d&#8217;escontra \u00f3nde ent\u00e1 podemos llegar.<\/div>\n","protected":false},"excerpt":{"rendered":"<p>\ud835\udc68\ud835\udc94\ud835\udc95\ud835\udc93\ud835\udc90\ud835\udc68\ud835\udc93\ud835\udc95\ud835\udc86.\/#fblifestyle Esta fecha recuerda la llegada del ser humanu a la Lluna en 1969 y conv\u00eddanos a almirar la so guapura, valor cient\u00edficu y cultural. Ye una xornada que se celebra&#8217;l 20 de xunetu dende 2022, establecida nel 2021 pola Asamblea Xeneral de les Naciones Xun\u00edes (AGNU).<\/p>\n","protected":false},"author":117,"featured_media":0,"comment_status":"closed","ping_status":"open","sticky":false,"template":"","format":"standard","meta":{"footnotes":""},"categories":[223,6],"tags":[],"class_list":["post-53597","post","type-post","status-publish","format-standard","hentry","category-astronomia","category-dia-de"],"_links":{"self":[{"href":"https:\/\/edublog.educastur.es\/ixuxu\/wp-json\/wp\/v2\/posts\/53597","targetHints":{"allow":["GET"]}}],"collection":[{"href":"https:\/\/edublog.educastur.es\/ixuxu\/wp-json\/wp\/v2\/posts"}],"about":[{"href":"https:\/\/edublog.educastur.es\/ixuxu\/wp-json\/wp\/v2\/types\/post"}],"author":[{"embeddable":true,"href":"https:\/\/edublog.educastur.es\/ixuxu\/wp-json\/wp\/v2\/users\/117"}],"replies":[{"embeddable":true,"href":"https:\/\/edublog.educastur.es\/ixuxu\/wp-json\/wp\/v2\/comments?post=53597"}],"version-history":[{"count":7,"href":"https:\/\/edublog.educastur.es\/ixuxu\/wp-json\/wp\/v2\/posts\/53597\/revisions"}],"predecessor-version":[{"id":54069,"href":"https:\/\/edublog.educastur.es\/ixuxu\/wp-json\/wp\/v2\/posts\/53597\/revisions\/54069"}],"wp:attachment":[{"href":"https:\/\/edublog.educastur.es\/ixuxu\/wp-json\/wp\/v2\/media?parent=53597"}],"wp:term":[{"taxonomy":"category","embeddable":true,"href":"https:\/\/edublog.educastur.es\/ixuxu\/wp-json\/wp\/v2\/categories?post=53597"},{"taxonomy":"post_tag","embeddable":true,"href":"https:\/\/edublog.educastur.es\/ixuxu\/wp-json\/wp\/v2\/tags?post=53597"}],"curies":[{"name":"wp","href":"https:\/\/api.w.org\/{rel}","templated":true}]}}