{"id":536,"date":"2020-04-02T09:49:16","date_gmt":"2020-04-02T09:49:16","guid":{"rendered":"https:\/\/edublog.educastur.es\/ixuxu\/?p=536"},"modified":"2020-08-24T19:49:39","modified_gmt":"2020-08-24T19:49:39","slug":"dia-internacional-del-llibru-infantil","status":"publish","type":"post","link":"https:\/\/edublog.educastur.es\/ixuxu\/2020\/04\/dia-internacional-del-llibru-infantil\/","title":{"rendered":"D\u00eda Internacional del Llibru Infantil"},"content":{"rendered":"<p><a href=\"http:\/\/revistababar.com\/wp\/wp-content\/uploads\/cartel_dia_libro_2020-768x1086.jpg\" target=\"_blank\" rel=\"noopener noreferrer\"><em>Ver cartelo en grande.<\/em><\/a><\/p>\n<p><a href=\"http:\/\/revistababar.com\/wp\/wp-content\/uploads\/cartel_dia_libro_2020.jpg\" target=\"_blank\" rel=\"noopener noreferrer\"><img loading=\"lazy\" decoding=\"async\" class=\"\" src=\"http:\/\/revistababar.com\/wp\/wp-content\/uploads\/cartel_dia_libro_2020.jpg\" width=\"394\" height=\"557\" \/><\/a><\/p>\n<p><em>Dende 1967, el 2 d\u2019abril, coincidiendo cola fecha de la nacencia del escritor dan\u00e9s Hans Christian Andersen, el IBBY *promueve la celebraci\u00f3n del <u>D\u00eda Internacional del Llibru Infantil<\/u> col fin de promocionar los bonos llibros infantiles y xuveniles y la llectura ente los m\u00e1s nuevos.<\/em><\/p>\n<p><em>Cada a\u00f1u, xuna secci\u00f3n nacional del <a href=\"http:\/\/www.ibby.org\/index.php?id=269&amp;L=3\" target=\"_blank\" rel=\"noopener noreferrer\">IBBY <\/a>tien la oportunid\u00e1 de ser la patrocinadora internacional del <u>D\u00eda del Llibru Infanti<\/u>l y escueye un escritor representativu y a un reconoc\u00edu ilustrador del so pa\u00eds por qu\u2019ellaboren el mensaxe empobin\u00e1u a tolos ne\u00f1os del mundu y el cartelu que se distrib\u00fai por tol mundu, y se promueva la celebraci\u00f3n nes biblioteques, centros escolares, llibrer\u00edes, etc.<\/em><\/p>\n<p><em>Angua\u00f1o correspu\u00e9nde-y a la secci\u00f3n de Eslovenia (en 2019 foi Lituania), qu\u2019espubliza\u2019l mensaxe de Peter Svetina (col t\u00edtulu de \u00ab<a href=\"https:\/\/drive.google.com\/file\/d\/1YujbgqvyKrqtlconyFYjKlwi1yMwoN2_\/view?usp=sharing\" target=\"_blank\" rel=\"noopener noreferrer\"><strong>Fame de palabres<\/strong><\/a>\u00bb), ilustr\u00e1u por Damijan Stepan\u010di\u010d. <\/em><\/p>\n<ul>\n<li><a href=\"https:\/\/drive.google.com\/file\/d\/1YujbgqvyKrqtlconyFYjKlwi1yMwoN2_\/view?usp=sharing\" target=\"_blank\" rel=\"noopener noreferrer\">Leer n\u00b4asturianu: \u201c<strong><em>Fame de palabres<\/em><\/strong>\u201c<br \/>\n<\/a><\/li>\n<li><em><a href=\"https:\/\/www.oepli.org\/Dia-Internacional-Libro-Infantil\" target=\"_blank\" rel=\"noopener noreferrer\">Traducci\u00f3n del mensaxe<\/a><\/em><em><a href=\"https:\/\/www.oepli.org\/Dia-Internacional-Libro-Infantil\" target=\"_blank\" rel=\"noopener noreferrer\"> public\u00e1u na web de la OEPLI.<\/a><\/em><\/li>\n<\/ul>\n<ul>\n<li><a href=\"http:\/\/www.ibby.org\/index.php?id=269&amp;L=3\" target=\"_blank\" rel=\"noopener noreferrer\">IBBY: International Board on Books for Young People<\/a><\/li>\n<li><a href=\"https:\/\/www.oepli.org\/Sobre-Ibby\" target=\"_blank\" rel=\"noopener noreferrer\">Sobro IBBY<\/a><\/li>\n<li><em><a href=\"https:\/\/www.oepli.org\/\" target=\"_blank\" rel=\"noopener noreferrer\"><strong>OEPLI:<\/strong><\/a> La Organizaci\u00f3n Espa\u00f1ola para\u2019l Llibru Infantil y Xuvenil (OEPLI), secci\u00f3n espa\u00f1ola del IBBY, constituy\u00f3se formalmente\u2019l 27 de xunetu de 1982 al dexar d\u2019esistir la Comisi\u00f3n de Lliteratura Infantil del INLE (Institutu Nacional del Llibru Espa\u00f1ol).<br \/>\n<\/em><\/li>\n<li><em><a href=\"http:\/\/blog.educastur.es\/ixuxullingua\/2020\/04\/02\/dia-internacional-del-llibru-infantil\/revistababar.com\/wp\/wp-content\/uploads\/cartel_dia_libro_2020_alta.pdf\" target=\"_blank\" rel=\"noopener noreferrer\">Cartel n\u00b4A3<\/a><\/em><\/li>\n<li><a href=\"http:\/\/revistababar.com\/wp\/wp-content\/uploads\/cartel_dia_libro_2020_folleto.pdf\" target=\"_blank\" rel=\"noopener noreferrer\"><em>Folletu en castellan.<\/em><\/a><\/li>\n<\/ul>\n","protected":false},"excerpt":{"rendered":"<p>Ver cartelo en grande. Dende 1967, el 2 d\u2019abril, coincidiendo cola fecha de la nacencia del escritor dan\u00e9s Hans Christian Andersen, el IBBY *promueve la celebraci\u00f3n del D\u00eda Internacional del Llibru Infantil col fin de promocionar los bonos llibros infantiles y xuveniles y la llectura ente los m\u00e1s nuevos. Cada a\u00f1u, xuna secci\u00f3n nacional del [&hellip;]<\/p>\n","protected":false},"author":117,"featured_media":0,"comment_status":"closed","ping_status":"open","sticky":false,"template":"","format":"standard","meta":{"footnotes":""},"categories":[6],"tags":[],"class_list":["post-536","post","type-post","status-publish","format-standard","hentry","category-dia-de"],"_links":{"self":[{"href":"https:\/\/edublog.educastur.es\/ixuxu\/wp-json\/wp\/v2\/posts\/536","targetHints":{"allow":["GET"]}}],"collection":[{"href":"https:\/\/edublog.educastur.es\/ixuxu\/wp-json\/wp\/v2\/posts"}],"about":[{"href":"https:\/\/edublog.educastur.es\/ixuxu\/wp-json\/wp\/v2\/types\/post"}],"author":[{"embeddable":true,"href":"https:\/\/edublog.educastur.es\/ixuxu\/wp-json\/wp\/v2\/users\/117"}],"replies":[{"embeddable":true,"href":"https:\/\/edublog.educastur.es\/ixuxu\/wp-json\/wp\/v2\/comments?post=536"}],"version-history":[{"count":1,"href":"https:\/\/edublog.educastur.es\/ixuxu\/wp-json\/wp\/v2\/posts\/536\/revisions"}],"predecessor-version":[{"id":537,"href":"https:\/\/edublog.educastur.es\/ixuxu\/wp-json\/wp\/v2\/posts\/536\/revisions\/537"}],"wp:attachment":[{"href":"https:\/\/edublog.educastur.es\/ixuxu\/wp-json\/wp\/v2\/media?parent=536"}],"wp:term":[{"taxonomy":"category","embeddable":true,"href":"https:\/\/edublog.educastur.es\/ixuxu\/wp-json\/wp\/v2\/categories?post=536"},{"taxonomy":"post_tag","embeddable":true,"href":"https:\/\/edublog.educastur.es\/ixuxu\/wp-json\/wp\/v2\/tags?post=536"}],"curies":[{"name":"wp","href":"https:\/\/api.w.org\/{rel}","templated":true}]}}