{"id":53607,"date":"2025-07-21T08:30:41","date_gmt":"2025-07-21T06:30:41","guid":{"rendered":"https:\/\/edublog.educastur.es\/ixuxu\/?p=53607"},"modified":"2025-07-21T19:22:12","modified_gmt":"2025-07-21T17:22:12","slug":"el-tiempu-el-comercio-97","status":"publish","type":"post","link":"https:\/\/edublog.educastur.es\/ixuxu\/2025\/07\/el-tiempu-el-comercio-97\/","title":{"rendered":"El tiempu (EL Comercio)"},"content":{"rendered":"<p style=\"text-align: center\"><a href=\"https:\/\/s1.ppllstatics.com\/elcomercio\/www\/multimedia\/2025\/07\/20\/tiempo-asturias-lunes-21-julio-k4JC-U2301948938566Ca-1200x860@El%20Comercio.jpg\"><img loading=\"lazy\" decoding=\"async\" class=\"aligncenter size-large\" src=\"https:\/\/s1.ppllstatics.com\/elcomercio\/www\/multimedia\/2025\/07\/20\/tiempo-asturias-lunes-21-julio-k4JC-U2301948938566Ca-1200x860@El%20Comercio.jpg\" width=\"1200\" height=\"860\" \/><\/a><\/p>\n<p>Esperamos intervalos nublos con momentos de grandes claros nel cielu <strong>mientres la ma\u00f1ana y primeres hores de la tarde.<\/strong> Conforme meyora la segunda parte del d\u00eda vamos dir reparando como la nubosidad va dir aumentando pel sur y tami\u00e9n pol oriente asturianu. Dir\u00e1 estendi\u00e9ndose por tola rex\u00f3n anque, s\u00eda que non, nun llegar\u00eda al estremu m\u00e1s occidental del Princip\u00e1u. Comoquier, nun se preven precipitaciones en neng\u00fan momentu de la xornada. <strong>Los vientos<\/strong> van soplar de componente oeste fluexos a moderaos nel interior y con daqu\u00e9 m\u00e1s fuertes na mari\u00f1a. Estes raches van afloxar a \u00faltima hora de la tarde o, a lo menos, cola llegada de la nueche.<\/p>\n<p><strong>Tocantes a les temperatures<\/strong>, prevese un ascensu d&#8217;hasta 2 o 3 \u00baC nel suroccidente y ensin cambeos nel restu del Princip\u00e1u respecto al domingu. Les m\u00ednimes van baxar tanto nel interior central como nel oriente, calteni\u00e9ndose ensin variaci\u00f3n nel restu.<\/p>\n<p><!--more--><br \/>\n<strong>El martes<\/strong> esperen cielos soleyeros pela ma\u00f1ana anque con encl\u00edn a apaecer nubosidad pol lladral occidental mientres la segunda parte del d\u00eda. Les temperatures m\u00e1ximu y m\u00ednimu, nesti casu, van xubir llixeramente en toa Asturies.<strong> El mi\u00e9rcoles<\/strong> preve un descensu xeneraliz\u00e1u acompa\u00f1\u00e1u d&#8217;abondosu nubosidad y la posibilid\u00e1 de delles precipitaciones.<\/p>\n","protected":false},"excerpt":{"rendered":"<p>Esperamos intervalos nublos con momentos de grandes claros nel cielu mientres la ma\u00f1ana y primeres hores de la tarde. Conforme meyora la segunda parte del d\u00eda vamos dir reparando como la nubosidad va dir aumentando pel sur y tami\u00e9n pol oriente asturianu. Dir\u00e1 estendi\u00e9ndose por tola rex\u00f3n anque, s\u00eda que non, nun llegar\u00eda al estremu [&hellip;]<\/p>\n","protected":false},"author":117,"featured_media":0,"comment_status":"closed","ping_status":"open","sticky":false,"template":"","format":"standard","meta":{"footnotes":""},"categories":[5],"tags":[],"class_list":["post-53607","post","type-post","status-publish","format-standard","hentry","category-tiempu"],"_links":{"self":[{"href":"https:\/\/edublog.educastur.es\/ixuxu\/wp-json\/wp\/v2\/posts\/53607","targetHints":{"allow":["GET"]}}],"collection":[{"href":"https:\/\/edublog.educastur.es\/ixuxu\/wp-json\/wp\/v2\/posts"}],"about":[{"href":"https:\/\/edublog.educastur.es\/ixuxu\/wp-json\/wp\/v2\/types\/post"}],"author":[{"embeddable":true,"href":"https:\/\/edublog.educastur.es\/ixuxu\/wp-json\/wp\/v2\/users\/117"}],"replies":[{"embeddable":true,"href":"https:\/\/edublog.educastur.es\/ixuxu\/wp-json\/wp\/v2\/comments?post=53607"}],"version-history":[{"count":1,"href":"https:\/\/edublog.educastur.es\/ixuxu\/wp-json\/wp\/v2\/posts\/53607\/revisions"}],"predecessor-version":[{"id":53608,"href":"https:\/\/edublog.educastur.es\/ixuxu\/wp-json\/wp\/v2\/posts\/53607\/revisions\/53608"}],"wp:attachment":[{"href":"https:\/\/edublog.educastur.es\/ixuxu\/wp-json\/wp\/v2\/media?parent=53607"}],"wp:term":[{"taxonomy":"category","embeddable":true,"href":"https:\/\/edublog.educastur.es\/ixuxu\/wp-json\/wp\/v2\/categories?post=53607"},{"taxonomy":"post_tag","embeddable":true,"href":"https:\/\/edublog.educastur.es\/ixuxu\/wp-json\/wp\/v2\/tags?post=53607"}],"curies":[{"name":"wp","href":"https:\/\/api.w.org\/{rel}","templated":true}]}}