{"id":53609,"date":"2025-07-21T19:28:18","date_gmt":"2025-07-21T17:28:18","guid":{"rendered":"https:\/\/edublog.educastur.es\/ixuxu\/?p=53609"},"modified":"2025-07-22T21:03:00","modified_gmt":"2025-07-22T19:03:00","slug":"del-3-al-9-dagostu-en-navelgas-el-campeonatu-mundial-de-bateo-doru","status":"publish","type":"post","link":"https:\/\/edublog.educastur.es\/ixuxu\/2025\/07\/del-3-al-9-dagostu-en-navelgas-el-campeonatu-mundial-de-bateo-doru\/","title":{"rendered":"Del 3 al 9 d&#8217;agostu, en Navelgas, el Campeonatu Mundial de Bateo d&#8217;Oru"},"content":{"rendered":"<p style=\"text-align: center\"><a href=\"https:\/\/s2.ppllstatics.com\/elcomercio\/www\/multimedia\/2025\/07\/18\/navelgas-bateo-oro1.jpg\"><img loading=\"lazy\" decoding=\"async\" class=\"aligncenter size-large\" src=\"https:\/\/s2.ppllstatics.com\/elcomercio\/www\/multimedia\/2025\/07\/18\/navelgas-bateo-oro1.jpg\" width=\"1920\" height=\"1440\" \/><\/a><\/p>\n<p style=\"text-align: center\"><a href=\"https:\/\/www.elcomercio.es\/planes\/campeonato-mundial-bateo-oro-navelgas-2025-inscripciones-20250718130236-nt.html\">El Comercio<\/a> \/<a href=\"https:\/\/www.instagram.com\/navelgasoro\/\">\u00a0 https:\/\/www.instagram.com\/navelgasoro<\/a><\/p>\n<p>Ye cuesti\u00f3n de d\u00edes. Del 3 al 9 d&#8217;agostu va apostar en Navelgas, nel conceyu de Tin\u00e9u, el Campeonatu Mundial de Bateo d&#8217;Oru, una cita para la que s&#8217;inscribieron m\u00e1s de 550 persones procedentes d&#8217;unos 25 pa\u00edses.<\/p>\n<p>Esta va ser la tercer vegada que Navelgas, see a\u00f1al del campeonatu nacional, acueya una competici\u00f3n d&#8217;algame mundial, dempu\u00e9s de les apostaes en 2008 y 2015. Esta responsabilid\u00e1 amonta les mires al respective de la organizaci\u00f3n y l&#8217;asistencia, pero ye dif\u00edcil qu&#8217;aumenten l&#8217;inter\u00e9s y l&#8217;inter\u00e9s qu&#8217;amena una pr\u00e1ctica ancestral que qued\u00f3 apostrada en tol mundu a alcuentros d&#8217;aficionaos m\u00e1s o menos asitiaos nel calendariu.<\/p>\n<p><!--more--><\/p>\n<p style=\"text-align: center\"><span class=\"x193iq5w xeuugli x13faqbe x1vvkbs xt0psk2 x1i0vuye xvs91rp xo1l8bm x5n08af x10wh9bi xpm28yp x8viiok x1o7cslx x126k92a\"><span class=\"html-span xexx8yu x4uap5 x18d9i69 xkhd6sd x1hl2dhg x16tdsg8 x1vvkbs x3nfvp2 x1j61x8r x1fcty0u xdj266r xat24cr xgzva0m xhhsvwb xxymvpz xlup9mm x1kky2od\">\n<!-- iframe plugin v.6.0 wordpress.org\/plugins\/iframe\/ -->\n<iframe loading=\"lazy\" src=\"https:\/\/www.instagram.com\/reel\/DFXp3s0NOUW\/embed\" width=\"640\" height=\"640\" 0=\"\/iframe\" scrolling=\"yes\" class=\"iframe-class\" frameborder=\"0\"><\/iframe>\n<\/span><\/span><\/p>\n<p>Navelgas va ser n&#8217;agostu capital mundial del bateo d&#8217;oru\u2026 y Asturies volver\u00e1 rellumar \u00e9nte&#8217;l mundu.<\/p>\n<p><strong>Pero, \u00bfen qu\u00e9 consiste&#8217;l bateo d&#8217;oru?<\/strong><br \/>\n\u00abYe una t\u00e9cnica que se basa n&#8217;aprovechar los dep\u00f3sitos de cuarzu tresportaos poles corrientes de los r\u00edos\u00bb. Ye la definici\u00f3n recoyida na p\u00e1xina web oficial del campeonatu, na que se a\u00f1edir: \u00abPor cuenta de el so pesu, estes part\u00edcules depositar nos fondos de los saltos d&#8217;agua, en remansos y n&#8217;otros llugares onde les corrientes son m\u00e1s nidies, facilitando la so acumuladura nel sable\u00ab.<\/p>\n<p>Pero, \u00bf\u00fa l&#8217;oru? Pos, d&#8217;alcuerdu a esa esposici\u00f3n, \u00bbmientres nubes y \u00e1banos, el cuarzu est\u00e1zase, lliberando peb\u00edes d&#8217;oru que son abasnaes pelos r\u00edos y ru\u00e9mpense en part\u00edcules m\u00e1s pequenes\u00ab.<\/p>\n<p>Eses peb\u00edes son les que busquen nos calces los bateadores, qu&#8217;en Navelgas reciben el nome de chalgueiros, buscadores d&#8217;ayalgues ocultes.<\/p>\n<p><strong>La competici\u00f3n de bateo, pasu a pasu<\/strong> El mundial de bateo d&#8217;oru va entamar en delles categor\u00edes, individuales y grupales, y los participantes van tener que dir superando rondes clasificatorias.<\/p>\n<p><strong>Sable y peb\u00edes d&#8217;oru Areno y peb\u00edes d&#8217;oru<\/strong> Los bateadores, 30 en cada ronda, van tener un cubu de sable d&#8217;hasta 20 quilos, nel que va haber un n\u00famberu de peb\u00edes d&#8217;oru que solo los xueces conocen y que bazcuya ente 5 y 20. Eso s\u00ed, va ser el mesmu n\u00famberu de peb\u00edes pa quien compitan en cada serie.<\/p>\n<p><strong>Agua y una batea<\/strong> Los competidores van tar asitiaos en caxones con agua, nos que van llavar el sable con movimientos de la batea pa buscar les peb\u00edes d&#8217;oru. Antes d&#8217;empezar, tien de llavase la batea y preparar la probeta pa les peb\u00edes d&#8217;oru, quitando&#8217;l tap\u00f3n y enllen\u00e1ndolo con agua claro.<\/p>\n<p><strong>\u00a1L&#8217;ayalga! <\/strong>Al terminar el sable, el competidor tien de poner el tap\u00f3n a la probeta (que va contener les peb\u00edes atopaes) y llevantar la batea por que&#8217;l xur\u00e1u apunte&#8217;l so tiempu.<\/p>\n<p>La clasificaci\u00f3n de participantes llograr a partir del tiempu en que se realiz\u00f3&#8217;l bateo. El primer puestu correspuende a quien rexistrara&#8217;l menor tiempu total, siempres teniendo en cuenta qu&#8217;hai penalizaci\u00f3n per cada pebida perdida.<\/p>\n<p>Coles normes clares, \u00a1empieza la busca de l&#8217;ayalga en Navelgas!.<\/p>\n<p style=\"text-align: center\"><span class=\"x193iq5w xeuugli x13faqbe x1vvkbs xt0psk2 x1i0vuye xvs91rp xo1l8bm x5n08af x10wh9bi xpm28yp x8viiok x1o7cslx x126k92a\"><span class=\"html-span xexx8yu x4uap5 x18d9i69 xkhd6sd x1hl2dhg x16tdsg8 x1vvkbs x3nfvp2 x1j61x8r x1fcty0u xdj266r xat24cr xgzva0m xhhsvwb xxymvpz xlup9mm x1kky2od\">\n<!-- iframe plugin v.6.0 wordpress.org\/plugins\/iframe\/ -->\n<iframe loading=\"lazy\" src=\"https:\/\/www.instagram.com\/reel\/DMaL_-ctn1K\/embed\" width=\"640\" height=\"460\" 0=\"\/iframe\" scrolling=\"yes\" class=\"iframe-class\" frameborder=\"0\"><\/iframe>\n<\/span><\/span><\/p>\n<p>La vicepresidenta y presidenta en funciones ye GimenaLlamedo particip\u00f3 g\u00fcei na presentaci\u00f3n del Campeonatu Mundial de Bateo d&#8217;Oru, que va axuntar nel suroccidente asturianu a participantes de m\u00e1s de 20 pa\u00edses.<\/p>\n<ul>\n<li>\ud83e\udd47 Tradici\u00f3n, turismu, identid\u00e1 y comunid\u00e1 dan cita nun eventu \u00fanicu que demuestra que&#8217;l mediu rural tien presente y tien futuru.<br \/>\nY que lo local tami\u00e9n puede ser internacional.<\/li>\n<li>\ud83d\udc9b<em> \u00abEl verdaderu oru de Navelgas nun ta solo nos sos r\u00edos. Ta na so xente, nel so arguyu, na so forma de vivir y compartir\u00bb<\/em>, destac\u00f3 Llamedo<\/li>\n<li>\u2728<em> \u201cYo mesma tuvi la suerte de batear l&#8217;a\u00f1u pas\u00e1u y asegurar: ye una esperiencia \u00fanica. Si nun lu hab\u00e9is fechu, anim\u00e1ivos. D\u00edi a Navelgas. Coy\u00e9i la batea. Vivir.\u201d<\/em><\/li>\n<li>\ud83e\udd1d Dende&#8217;l Gobiernu d&#8217;Asturies siguimos sofitando esti proyectu que ye muncho m\u00e1s que deporte: ye cultura, ye dinamizaci\u00f3n rural, y ye Asturies n&#8217;est\u00e1u puru.<\/li>\n<\/ul>\n<p style=\"text-align: center\">\n<!-- iframe plugin v.6.0 wordpress.org\/plugins\/iframe\/ -->\n<iframe loading=\"lazy\" src=\"https:\/\/www.facebook.com\/plugins\/post.php?href=https%3A%2F%2Fwww.facebook.com%2Fphoto.php%3Ffbid%3D1050562523914380%26set%3Da.229758265994814%26type%3D3&#038;show_text=false&#038;width=500\" width=\"500\" height=\"792\" style=\"border:none;overflow:hidden\" scrolling=\"no\" frameborder=\"0\" allowfullscreen=\"true\" allow=\"autoplay; clipboard-write; encrypted-media; picture-in-picture; web-share\" 0=\"\/iframe\" class=\"iframe-class\"><\/iframe>\n<\/p>\n","protected":false},"excerpt":{"rendered":"<p>El Comercio \/\u00a0 https:\/\/www.instagram.com\/navelgasoro Ye cuesti\u00f3n de d\u00edes. Del 3 al 9 d&#8217;agostu va apostar en Navelgas, nel conceyu de Tin\u00e9u, el Campeonatu Mundial de Bateo d&#8217;Oru, una cita para la que s&#8217;inscribieron m\u00e1s de 550 persones procedentes d&#8217;unos 25 pa\u00edses. Esta va ser la tercer vegada que Navelgas, see a\u00f1al del campeonatu nacional, acueya [&hellip;]<\/p>\n","protected":false},"author":117,"featured_media":0,"comment_status":"closed","ping_status":"open","sticky":false,"template":"","format":"standard","meta":{"footnotes":""},"categories":[61],"tags":[],"class_list":["post-53609","post","type-post","status-publish","format-standard","hentry","category-concursu"],"_links":{"self":[{"href":"https:\/\/edublog.educastur.es\/ixuxu\/wp-json\/wp\/v2\/posts\/53609","targetHints":{"allow":["GET"]}}],"collection":[{"href":"https:\/\/edublog.educastur.es\/ixuxu\/wp-json\/wp\/v2\/posts"}],"about":[{"href":"https:\/\/edublog.educastur.es\/ixuxu\/wp-json\/wp\/v2\/types\/post"}],"author":[{"embeddable":true,"href":"https:\/\/edublog.educastur.es\/ixuxu\/wp-json\/wp\/v2\/users\/117"}],"replies":[{"embeddable":true,"href":"https:\/\/edublog.educastur.es\/ixuxu\/wp-json\/wp\/v2\/comments?post=53609"}],"version-history":[{"count":6,"href":"https:\/\/edublog.educastur.es\/ixuxu\/wp-json\/wp\/v2\/posts\/53609\/revisions"}],"predecessor-version":[{"id":53716,"href":"https:\/\/edublog.educastur.es\/ixuxu\/wp-json\/wp\/v2\/posts\/53609\/revisions\/53716"}],"wp:attachment":[{"href":"https:\/\/edublog.educastur.es\/ixuxu\/wp-json\/wp\/v2\/media?parent=53609"}],"wp:term":[{"taxonomy":"category","embeddable":true,"href":"https:\/\/edublog.educastur.es\/ixuxu\/wp-json\/wp\/v2\/categories?post=53609"},{"taxonomy":"post_tag","embeddable":true,"href":"https:\/\/edublog.educastur.es\/ixuxu\/wp-json\/wp\/v2\/tags?post=53609"}],"curies":[{"name":"wp","href":"https:\/\/api.w.org\/{rel}","templated":true}]}}