{"id":53631,"date":"2025-07-22T08:33:37","date_gmt":"2025-07-22T06:33:37","guid":{"rendered":"https:\/\/edublog.educastur.es\/ixuxu\/?p=53631"},"modified":"2025-07-22T20:00:23","modified_gmt":"2025-07-22T18:00:23","slug":"el-tiempu-el-comercio-98","status":"publish","type":"post","link":"https:\/\/edublog.educastur.es\/ixuxu\/2025\/07\/el-tiempu-el-comercio-98\/","title":{"rendered":"El tiempu (El Comercio)"},"content":{"rendered":"<p style=\"text-align: center\"><a href=\"https:\/\/s1.ppllstatics.com\/elcomercio\/www\/multimedia\/2025\/07\/21\/prevision-tiempo-asturias-kU9E-U2301948938566Ca-1200x860@El%20Comercio.jpg\"><img loading=\"lazy\" decoding=\"async\" class=\"aligncenter size-large\" src=\"https:\/\/s1.ppllstatics.com\/elcomercio\/www\/multimedia\/2025\/07\/21\/prevision-tiempo-asturias-kU9E-U2301948938566Ca-1200x860@El%20Comercio.jpg\" width=\"1200\" height=\"860\" \/><\/a><\/p>\n<p>Esperamos bon tiempu mientres gran parte del d\u00eda. <strong>Vamos amanecer<\/strong> con cielos pocu nublos o estenos. S\u00eda que non, podr\u00eda apaecer cierta nubosidad pola mari\u00f1a occidental anque nun dexar\u00eda precipitaciones. <strong>Mientres les hores centrales<\/strong> del d\u00eda vamos siguir falando de cielos soleyeros nel Princip\u00e1u. Pero, a l<strong>o llargo de la tarde,<\/strong> especialmente a la fin del d\u00eda, les nubes van dir ganando terrenal hasta llegar a cubrir tol cielu asturianu. Ello ye que nun se refuga que puedan escapase dellos orbayos a \u00faltima hora.<strong> Los vientos<\/strong> van ser fluexos mientres tola xornada, predominando de norte. <strong>Les temperatures m\u00e1ximes<\/strong> van xubir de forma xeneralizada un par de graos, ente que <strong>les m\u00ednimes<\/strong> van caltenese salvu nel interior oriental onde tami\u00e9n van xubir llixeramente.<\/p>\n<p><!--more--><\/p>\n<p><strong>El mi\u00e9rcoles<\/strong> prevese abondosu nubosidad y precipitaciones de calter d\u00e9bil que podr\u00eden afectar a cualquier puntu. <strong>Los vientos<\/strong> van soplar d&#8217;oeste-noroeste con raches moderaes na mari\u00f1a y fluexes nel interior. Les temperatures m\u00e1ximes van baxar en tola rex\u00f3n, siendo dichu descensu m\u00e1s significativu conforme vaigamos moviendo escontra&#8217;l cordal. <strong>El xueves<\/strong> tami\u00e9n va ser un d\u00eda nublu con probables orbayos.<\/p>\n","protected":false},"excerpt":{"rendered":"<p>Esperamos bon tiempu mientres gran parte del d\u00eda. Vamos amanecer con cielos pocu nublos o estenos. S\u00eda que non, podr\u00eda apaecer cierta nubosidad pola mari\u00f1a occidental anque nun dexar\u00eda precipitaciones. Mientres les hores centrales del d\u00eda vamos siguir falando de cielos soleyeros nel Princip\u00e1u. Pero, a lo llargo de la tarde, especialmente a la fin [&hellip;]<\/p>\n","protected":false},"author":117,"featured_media":0,"comment_status":"closed","ping_status":"open","sticky":false,"template":"","format":"standard","meta":{"footnotes":""},"categories":[5],"tags":[],"class_list":["post-53631","post","type-post","status-publish","format-standard","hentry","category-tiempu"],"_links":{"self":[{"href":"https:\/\/edublog.educastur.es\/ixuxu\/wp-json\/wp\/v2\/posts\/53631","targetHints":{"allow":["GET"]}}],"collection":[{"href":"https:\/\/edublog.educastur.es\/ixuxu\/wp-json\/wp\/v2\/posts"}],"about":[{"href":"https:\/\/edublog.educastur.es\/ixuxu\/wp-json\/wp\/v2\/types\/post"}],"author":[{"embeddable":true,"href":"https:\/\/edublog.educastur.es\/ixuxu\/wp-json\/wp\/v2\/users\/117"}],"replies":[{"embeddable":true,"href":"https:\/\/edublog.educastur.es\/ixuxu\/wp-json\/wp\/v2\/comments?post=53631"}],"version-history":[{"count":1,"href":"https:\/\/edublog.educastur.es\/ixuxu\/wp-json\/wp\/v2\/posts\/53631\/revisions"}],"predecessor-version":[{"id":53633,"href":"https:\/\/edublog.educastur.es\/ixuxu\/wp-json\/wp\/v2\/posts\/53631\/revisions\/53633"}],"wp:attachment":[{"href":"https:\/\/edublog.educastur.es\/ixuxu\/wp-json\/wp\/v2\/media?parent=53631"}],"wp:term":[{"taxonomy":"category","embeddable":true,"href":"https:\/\/edublog.educastur.es\/ixuxu\/wp-json\/wp\/v2\/categories?post=53631"},{"taxonomy":"post_tag","embeddable":true,"href":"https:\/\/edublog.educastur.es\/ixuxu\/wp-json\/wp\/v2\/tags?post=53631"}],"curies":[{"name":"wp","href":"https:\/\/api.w.org\/{rel}","templated":true}]}}