{"id":53635,"date":"2025-07-22T14:47:23","date_gmt":"2025-07-22T12:47:23","guid":{"rendered":"https:\/\/edublog.educastur.es\/ixuxu\/?p=53635"},"modified":"2025-07-23T12:11:20","modified_gmt":"2025-07-23T10:11:20","slug":"la-boda-vaqueira-daristebano","status":"publish","type":"post","link":"https:\/\/edublog.educastur.es\/ixuxu\/2025\/07\/la-boda-vaqueira-daristebano\/","title":{"rendered":"La bra\u00f1a d&#8217;Arist\u00e9bano prep\u00e1rase para la boda vaqueira."},"content":{"rendered":"<p style=\"text-align: center\">\n<!-- iframe plugin v.6.0 wordpress.org\/plugins\/iframe\/ -->\n<iframe loading=\"lazy\" src=\"https:\/\/www.facebook.com\/plugins\/video.php?height=476&#038;href=https%3A%2F%2Fwww.facebook.com%2FRTPAoficial%2Fvideos%2F1496779065017502%2F&#038;show_text=false&#038;width=476&#038;t=0\" width=\"476\" height=\"476\" style=\"border:none;overflow:hidden\" scrolling=\"no\" frameborder=\"0\" allowfullscreen=\"true\" allow=\"autoplay; clipboard-write; encrypted-media; picture-in-picture; web-share\" 0=\"\/iframe\" class=\"iframe-class\"><\/iframe>\n<\/p>\n<p><span class=\"x193iq5w xeuugli x13faqbe x1vvkbs xt0psk2 x1i0vuye xvs91rp xo1l8bm x5n08af x10wh9bi xpm28yp x8viiok x1o7cslx x126k92a\">Sof\u00eda P\u00e9rez Vald\u00e9s y Ricardo L\u00f3pez Lui\u00f1a van contraer matrimoniu esti 27 de xunetu nel marcu del popular Festival Vaqueiru.\u00a0 Sof\u00eda y Ricardo\u00a0 dar\u00e1nse&#8217;l\u00a0 \u201cs\u00ed, quiero\u201d na boda vaqueira d&#8217;Arist\u00e9bano el pr\u00f3simu domingu. <a href=\"https:\/\/www.elcomercio.es\/planes\/que-hacer-asturias-festival-vaqueiro-boda-brana-aristebano-20250722120331-nt.html\">El Comercio<\/a><\/span><\/p>\n<p><!--more--><\/p>\n<p><span class=\"x193iq5w xeuugli x13faqbe x1vvkbs xt0psk2 x1i0vuye xvs91rp xo1l8bm x5n08af x10wh9bi xpm28yp x8viiok x1o7cslx x126k92a\"> <a class=\"x1i10hfl xjbqb8w x1ejq31n x18oe1m7 x1sy0etr xstzfhl x972fbf x10w94by x1qhh985 x14e42zd x9f619 x1ypdohk xt0psk2 xe8uvvx xdj266r x14z9mp xat24cr x1lziwak xexx8yu xyri2b x18d9i69 x1c1uobl x16tdsg8 x1hl2dhg xggy1nq x1a2a7pz _aa9_ _a6hd\" role=\"link\" href=\"https:\/\/www.instagram.com\/explore\/tags\/bodavaqueira\/\">#BodaVaqueira<\/a> <a class=\"x1i10hfl xjbqb8w x1ejq31n x18oe1m7 x1sy0etr xstzfhl x972fbf x10w94by x1qhh985 x14e42zd x9f619 x1ypdohk xt0psk2 xe8uvvx xdj266r x14z9mp xat24cr x1lziwak xexx8yu xyri2b x18d9i69 x1c1uobl x16tdsg8 x1hl2dhg xggy1nq x1a2a7pz _aa9_ _a6hd\" role=\"link\" href=\"https:\/\/www.instagram.com\/explore\/tags\/tradici%C3%B3n\/\">#Tradici\u00f3n<\/a> <a class=\"x1i10hfl xjbqb8w x1ejq31n x18oe1m7 x1sy0etr xstzfhl x972fbf x10w94by x1qhh985 x14e42zd x9f619 x1ypdohk xt0psk2 xe8uvvx xdj266r x14z9mp xat24cr x1lziwak xexx8yu xyri2b x18d9i69 x1c1uobl x16tdsg8 x1hl2dhg xggy1nq x1a2a7pz _aa9_ _a6hd\" role=\"link\" href=\"https:\/\/www.instagram.com\/explore\/tags\/asturias\/\">#Asturias<\/a><\/span><\/p>\n<p style=\"text-align: center\"><span class=\"x193iq5w xeuugli x13faqbe x1vvkbs xt0psk2 x1i0vuye xvs91rp xo1l8bm x5n08af x10wh9bi xpm28yp x8viiok x1o7cslx x126k92a\"><span class=\"html-span xexx8yu x4uap5 x18d9i69 xkhd6sd x1hl2dhg x16tdsg8 x1vvkbs x3nfvp2 x1j61x8r x1fcty0u xdj266r xat24cr xgzva0m xhhsvwb xxymvpz xlup9mm x1kky2od\">\n<!-- iframe plugin v.6.0 wordpress.org\/plugins\/iframe\/ -->\n<iframe loading=\"lazy\" src=\"https:\/\/www.instagram.com\/reel\/DMaN_u3JUvN\/embed\" width=\"460\" height=\"610\" 0=\"\/iframe\" scrolling=\"yes\" class=\"iframe-class\" frameborder=\"0\"><\/iframe>\n<\/span><\/span><\/p>\n<p style=\"text-align: center\"><a href=\"https:\/\/s3.ppllstatics.com\/elcomercio\/www\/multimedia\/2025\/07\/22\/festival-vaqueiro-kgNH-U2302443338406VMB-1200x840@El%20Comercio.jpg\"><img loading=\"lazy\" decoding=\"async\" class=\"aligncenter size-large\" src=\"https:\/\/s3.ppllstatics.com\/elcomercio\/www\/multimedia\/2025\/07\/22\/festival-vaqueiro-kgNH-U2302443338406VMB-1200x840@El%20Comercio.jpg\" width=\"1200\" height=\"840\" \/><\/a><\/p>\n<p>El so enllaz va ser l&#8217;actu central del Festival Vaqueiru, la<strong> fiesta d&#8217;Inter\u00e9s Tur\u00edsticu d&#8217;Asturies<\/strong> que se celebra cada \u00faltimu domingu de xunetu na llende de los conceyos de Vald\u00e9s y Tin\u00e9u.<\/p>\n<p>La Vaqueirada ye <strong>una de les celebraciones emblem\u00e1tiques del branu asturianu y ye toa una invitaci\u00f3n a conocer la cultura ancestral de los pueblos trashumantes del Occidente d&#8217;Asturies.<\/strong> Para ello, am\u00e1s de vistir traxes tradicionales, los contrayentes y dem\u00e1s invitaos&#8217; a la boda formen parte d&#8217;una comitiva nupcial qu&#8217;incl\u00fai un carru tir\u00e1u por g\u00fces que porten los enseres dom\u00e9sticos.<\/p>\n","protected":false},"excerpt":{"rendered":"<p>Sof\u00eda P\u00e9rez Vald\u00e9s y Ricardo L\u00f3pez Lui\u00f1a van contraer matrimoniu esti 27 de xunetu nel marcu del popular Festival Vaqueiru.\u00a0 Sof\u00eda y Ricardo\u00a0 dar\u00e1nse&#8217;l\u00a0 \u201cs\u00ed, quiero\u201d na boda vaqueira d&#8217;Arist\u00e9bano el pr\u00f3simu domingu. El Comercio<\/p>\n","protected":false},"author":117,"featured_media":0,"comment_status":"closed","ping_status":"open","sticky":false,"template":"","format":"standard","meta":{"footnotes":""},"categories":[59],"tags":[],"class_list":["post-53635","post","type-post","status-publish","format-standard","hentry","category-rtpa"],"_links":{"self":[{"href":"https:\/\/edublog.educastur.es\/ixuxu\/wp-json\/wp\/v2\/posts\/53635","targetHints":{"allow":["GET"]}}],"collection":[{"href":"https:\/\/edublog.educastur.es\/ixuxu\/wp-json\/wp\/v2\/posts"}],"about":[{"href":"https:\/\/edublog.educastur.es\/ixuxu\/wp-json\/wp\/v2\/types\/post"}],"author":[{"embeddable":true,"href":"https:\/\/edublog.educastur.es\/ixuxu\/wp-json\/wp\/v2\/users\/117"}],"replies":[{"embeddable":true,"href":"https:\/\/edublog.educastur.es\/ixuxu\/wp-json\/wp\/v2\/comments?post=53635"}],"version-history":[{"count":6,"href":"https:\/\/edublog.educastur.es\/ixuxu\/wp-json\/wp\/v2\/posts\/53635\/revisions"}],"predecessor-version":[{"id":53785,"href":"https:\/\/edublog.educastur.es\/ixuxu\/wp-json\/wp\/v2\/posts\/53635\/revisions\/53785"}],"wp:attachment":[{"href":"https:\/\/edublog.educastur.es\/ixuxu\/wp-json\/wp\/v2\/media?parent=53635"}],"wp:term":[{"taxonomy":"category","embeddable":true,"href":"https:\/\/edublog.educastur.es\/ixuxu\/wp-json\/wp\/v2\/categories?post=53635"},{"taxonomy":"post_tag","embeddable":true,"href":"https:\/\/edublog.educastur.es\/ixuxu\/wp-json\/wp\/v2\/tags?post=53635"}],"curies":[{"name":"wp","href":"https:\/\/api.w.org\/{rel}","templated":true}]}}