{"id":53643,"date":"2025-07-22T19:07:58","date_gmt":"2025-07-22T17:07:58","guid":{"rendered":"https:\/\/edublog.educastur.es\/ixuxu\/?p=53643"},"modified":"2025-07-22T19:07:58","modified_gmt":"2025-07-22T17:07:58","slug":"una-nadadora-asturiana-rumbu-a-los-xuegos-europeos-de-la-moceda","status":"publish","type":"post","link":"https:\/\/edublog.educastur.es\/ixuxu\/2025\/07\/una-nadadora-asturiana-rumbu-a-los-xuegos-europeos-de-la-moceda\/","title":{"rendered":"Una nadadora asturiana, rumbu a los Xuegos Europeos de la Moced\u00e1"},"content":{"rendered":"<p style=\"text-align: center\"><span class=\"x193iq5w xeuugli x13faqbe x1vvkbs xt0psk2 x1i0vuye xvs91rp xo1l8bm x5n08af x10wh9bi xpm28yp x8viiok x1o7cslx x126k92a\"><span class=\"html-span xexx8yu x4uap5 x18d9i69 xkhd6sd x1hl2dhg x16tdsg8 x1vvkbs x3nfvp2 x1j61x8r x1fcty0u xdj266r xat24cr xgzva0m xhhsvwb xxymvpz xlup9mm x1kky2od\">\n<!-- iframe plugin v.6.0 wordpress.org\/plugins\/iframe\/ -->\n<iframe loading=\"lazy\" src=\"https:\/\/www.instagram.com\/reel\/DMXpDucou_B\/embed\" width=\"640\" height=\"420\" 0=\"\/iframe\" scrolling=\"yes\" class=\"iframe-class\" frameborder=\"0\"><\/iframe>\n<\/span><\/span><\/p>\n<p>\ud83c\udfca\u200d\u2640\ufe0f Paula S\u00e1nchez Ollacarizqueta, rumbu a los Xuegos Europeos de la Moced\u00e1.\u00a0 La nadadora Paula S\u00e1nchez, del CTD de Nataci\u00f3n Adaptada del Princip\u00e1u d\u2019Asturies, foi convocada pola Federaci\u00f3n Espa\u00f1ola de Deportes de Persones con Par\u00e1lisis Cerebral y Da\u00f1u Cerebral Adquir\u00edu pa representar a Espa\u00f1a nos Xuegos Europeos de la Moced\u00e1, que se van celebrar n&#8217;Estambul del 21 al 27 de xunetu.<\/p>\n<p>Paula, natural de Llaviana y actual Campeona d\u2019Asturies Absoluta, compite col\u00a0<a class=\"x1i10hfl xjbqb8w x1ejq31n x18oe1m7 x1sy0etr xstzfhl x972fbf x10w94by x1qhh985 x14e42zd x9f619 x1ypdohk xt0psk2 xe8uvvx xdj266r x14z9mp xat24cr x1lziwak xexx8yu xyri2b x18d9i69 x1c1uobl x16tdsg8 x1hl2dhg xggy1nq x1a2a7pz notranslate _a6hd\" role=\"link\" href=\"https:\/\/www.instagram.com\/cdmareastur\/\">@cdmareastur<\/a> nataci\u00f3n adaptada y lleva tr\u00e9s a\u00f1os destacando nos Campeonatos d&#8217;Espa\u00f1a. \u00c9sta ye la primer vez qu&#8217;una nadadora de\u00a0<a class=\"x1i10hfl xjbqb8w x1ejq31n x18oe1m7 x1sy0etr xstzfhl x972fbf x10w94by x1qhh985 x14e42zd x9f619 x1ypdohk xt0psk2 xe8uvvx xdj266r x14z9mp xat24cr x1lziwak xexx8yu xyri2b x18d9i69 x1c1uobl x16tdsg8 x1hl2dhg xggy1nq x1a2a7pz notranslate _a6hd\" role=\"link\" href=\"https:\/\/www.instagram.com\/fedemasturias\/\">@fedemasturias<\/a> ye escoyida pa esti eventu internacional. \u00a1Un arguyu p&#8217;Asturies y tou un exemplu de superaci\u00f3n y talentu! \ud83d\udc99\ud83d\udc9b\ud83c\udf0a<\/p>\n","protected":false},"excerpt":{"rendered":"<p>\ud83c\udfca\u200d\u2640\ufe0f Paula S\u00e1nchez Ollacarizqueta, rumbu a los Xuegos Europeos de la Moced\u00e1.\u00a0 La nadadora Paula S\u00e1nchez, del CTD de Nataci\u00f3n Adaptada del Princip\u00e1u d\u2019Asturies, foi convocada pola Federaci\u00f3n Espa\u00f1ola de Deportes de Persones con Par\u00e1lisis Cerebral y Da\u00f1u Cerebral Adquir\u00edu pa representar a Espa\u00f1a nos Xuegos Europeos de la Moced\u00e1, que se van celebrar n&#8217;Estambul [&hellip;]<\/p>\n","protected":false},"author":117,"featured_media":0,"comment_status":"closed","ping_status":"open","sticky":false,"template":"","format":"standard","meta":{"footnotes":""},"categories":[133],"tags":[],"class_list":["post-53643","post","type-post","status-publish","format-standard","hentry","category-deportes"],"_links":{"self":[{"href":"https:\/\/edublog.educastur.es\/ixuxu\/wp-json\/wp\/v2\/posts\/53643","targetHints":{"allow":["GET"]}}],"collection":[{"href":"https:\/\/edublog.educastur.es\/ixuxu\/wp-json\/wp\/v2\/posts"}],"about":[{"href":"https:\/\/edublog.educastur.es\/ixuxu\/wp-json\/wp\/v2\/types\/post"}],"author":[{"embeddable":true,"href":"https:\/\/edublog.educastur.es\/ixuxu\/wp-json\/wp\/v2\/users\/117"}],"replies":[{"embeddable":true,"href":"https:\/\/edublog.educastur.es\/ixuxu\/wp-json\/wp\/v2\/comments?post=53643"}],"version-history":[{"count":1,"href":"https:\/\/edublog.educastur.es\/ixuxu\/wp-json\/wp\/v2\/posts\/53643\/revisions"}],"predecessor-version":[{"id":53653,"href":"https:\/\/edublog.educastur.es\/ixuxu\/wp-json\/wp\/v2\/posts\/53643\/revisions\/53653"}],"wp:attachment":[{"href":"https:\/\/edublog.educastur.es\/ixuxu\/wp-json\/wp\/v2\/media?parent=53643"}],"wp:term":[{"taxonomy":"category","embeddable":true,"href":"https:\/\/edublog.educastur.es\/ixuxu\/wp-json\/wp\/v2\/categories?post=53643"},{"taxonomy":"post_tag","embeddable":true,"href":"https:\/\/edublog.educastur.es\/ixuxu\/wp-json\/wp\/v2\/tags?post=53643"}],"curies":[{"name":"wp","href":"https:\/\/api.w.org\/{rel}","templated":true}]}}