{"id":53651,"date":"2025-07-22T09:15:20","date_gmt":"2025-07-22T07:15:20","guid":{"rendered":"https:\/\/edublog.educastur.es\/ixuxu\/?p=53651"},"modified":"2025-07-22T19:13:37","modified_gmt":"2025-07-22T17:13:37","slug":"el-principau-aprueba-un-decretu-para-garantizar-que-la-ia-desenvolver-de-forma-etica-play-video-ver-la-trescripcion-del-videu-desta-noticia-el-80-de-la-poblacion-de-dellos-paises-ya-integra-la-in","status":"publish","type":"post","link":"https:\/\/edublog.educastur.es\/ixuxu\/2025\/07\/el-principau-aprueba-un-decretu-para-garantizar-que-la-ia-desenvolver-de-forma-etica-play-video-ver-la-trescripcion-del-videu-desta-noticia-el-80-de-la-poblacion-de-dellos-paises-ya-integra-la-in\/","title":{"rendered":"El Princip\u00e1u aprueba un decretu para garantizar que la IA desenvu\u00e9lvase de forma \u00e9tica"},"content":{"rendered":"<p>El 80% de la poblaci\u00f3n de dellos pa\u00edses y\u00e1 integra la Intelixencia Artifcial nel so d\u00eda a d\u00eda. El Princip\u00e1u aprob\u00f3 esti martes un decretu para regular la intelixencia artificial (IA) coles mires d&#8217;asegurar qu&#8217;esta tecnolox\u00eda util\u00edcese y desenvuelva de forma \u00e9tica y respetuosa colos derechos de los ciudadanos.<\/p>\n<p style=\"text-align: center\"><a href=\"https:\/\/www.rtpa.es\/fotos\/\/25\/01\/20250129121517_RTPA6117889.webp\"><img loading=\"lazy\" decoding=\"async\" class=\"aligncenter size-large\" src=\"https:\/\/www.rtpa.es\/fotos\/\/25\/01\/20250129121517_RTPA6117889.webp\" width=\"853\" height=\"480\" \/><\/a><\/p>\n<p>Per un sitiu, la norma busca asegurar que la IA utilizar na Alministraci\u00f3n de forma \u00e9tica, segura y respetuosa colos derechos fundamentales y, por otru, impulsar el so desenvolvimientu de manera responsable y controlada, inform\u00f3 esti martes el Princip\u00e1u tres la celebraci\u00f3n del Conseyu de Gobiernu.<\/p>\n<p><!--more--><\/p>\n<p>Para ello, el decretu introduz figurar clave del &#8216;sandbox&#8217; d&#8217;intelixencia artificial, una redolada de pruebes seguro y control\u00e1u nel que podr\u00e1n ensayase nuevos sistemes antes de la so implantaci\u00f3n definitiva.<\/p>\n<p>\u00abEsta lexislaci\u00f3n abre la puerta a una Alministraci\u00f3n m\u00e1s axilosa, proactiva y capaz d&#8217;antemanase a les necesidaes de la ciudadan\u00eda, tollo so control p\u00fablicu y con garant\u00edes: cualquier sistema de IA tendr\u00e1 de ser tresparente y respetar l&#8217;autonom\u00eda humana\u00bb, destacaron dende l&#8217;Executivu.<\/p>\n<p>Una de les claves del decretu ye&#8217;l so calter participativu, y\u00e1 que foi ellabor\u00e1u por un grupu de trabayu presid\u00edu pola vicepresidenta, Gimena Llamedo, ya integr\u00e1u por representantes de les conseyer\u00edes y del Gobiernu central, espertes universitaries, sindicatos, empreses y profesionales del \u00e1mbitu tecnol\u00f3xicu.<\/p>\n<p>El testu empresta especial atenci\u00f3n a los sectores nos que la IA puede marcar la diferencia, como la sanid\u00e1, los servicios sociales o la xesti\u00f3n alministrativa, y da amparu normativu a futuros proyectos como &#8216;Cova&#8217; o la introducci\u00f3n de la IA na nueva plataforma &#8216;miPrincipado&#8217;.<\/p>\n<p>Am\u00e1s, apostar por una gobernanza compartida, en virt\u00fa de la cual los recursos tecnol\u00f3xicos del Princip\u00e1u van tar a disposici\u00f3n de los conceyos, pa estender los beneficios de la IA a tol territoriu.<\/p>\n<p>Al respective de la segurid\u00e1 de la informaci\u00f3n, prot\u00e9xese la conocencia xenerada pola Alministraci\u00f3n, col prop\u00f3situ d&#8217;evitar la so cesi\u00f3n a sistemes opacos o privaos.<\/p>\n<p>El 80% de la poblaci\u00f3n de dellos pa\u00edses y\u00e1 integra la IA nel so d\u00eda a d\u00eda<\/p>\n<p>Chat GPT convirti\u00f3se nel nuesu meyor amigu. Esa ferramienta de la que nun podemos prescindir. Seg\u00fan un estudiu de la Universid\u00e1 Aut\u00f3noma de M\u00e9xico, el 80% de la poblaci\u00f3n de dellos pa\u00edses y\u00e1 integra la Intelixencia Artificial nel so d\u00eda a d\u00eda.<\/p>\n<p>Usar pa tou, dende les xeres m\u00e1s sencielles hasta les m\u00e1s complexes. En 2025, y anque sosprienda, l&#8217;usu m\u00e1s com\u00fan de la IA foi pa terapia o compa\u00f1\u00eda. Xubi\u00f3 una posici\u00f3n nel ranking con respectu al a\u00f1u pas\u00e1u por factores como la falta de psic\u00f3logos en dellos pa\u00edses.<\/p>\n<p>En segunda posici\u00f3n atopamos el so usu pa entamar les nueses vides, creando calendarios y distintes planificaciones pa la selmana.<\/p>\n<p>El top 3 completar les persones que la usen pa buscar un prop\u00f3situ y desenvolvimientu personal.<\/p>\n<p>Ye un ranking bien distintu al del a\u00f1u pas\u00e1u, nel que l&#8217;usu m\u00e1s com\u00fan yera la xeneraci\u00f3n d&#8217;idees.<\/p>\n","protected":false},"excerpt":{"rendered":"<p>El 80% de la poblaci\u00f3n de dellos pa\u00edses y\u00e1 integra la Intelixencia Artifcial nel so d\u00eda a d\u00eda. El Princip\u00e1u aprob\u00f3 esti martes un decretu para regular la intelixencia artificial (IA) coles mires d&#8217;asegurar qu&#8217;esta tecnolox\u00eda util\u00edcese y desenvuelva de forma \u00e9tica y respetuosa colos derechos de los ciudadanos. Per un sitiu, la norma busca [&hellip;]<\/p>\n","protected":false},"author":117,"featured_media":0,"comment_status":"closed","ping_status":"open","sticky":false,"template":"","format":"standard","meta":{"footnotes":""},"categories":[261],"tags":[],"class_list":["post-53651","post","type-post","status-publish","format-standard","hentry","category-intelixencia-artificial"],"_links":{"self":[{"href":"https:\/\/edublog.educastur.es\/ixuxu\/wp-json\/wp\/v2\/posts\/53651","targetHints":{"allow":["GET"]}}],"collection":[{"href":"https:\/\/edublog.educastur.es\/ixuxu\/wp-json\/wp\/v2\/posts"}],"about":[{"href":"https:\/\/edublog.educastur.es\/ixuxu\/wp-json\/wp\/v2\/types\/post"}],"author":[{"embeddable":true,"href":"https:\/\/edublog.educastur.es\/ixuxu\/wp-json\/wp\/v2\/users\/117"}],"replies":[{"embeddable":true,"href":"https:\/\/edublog.educastur.es\/ixuxu\/wp-json\/wp\/v2\/comments?post=53651"}],"version-history":[{"count":2,"href":"https:\/\/edublog.educastur.es\/ixuxu\/wp-json\/wp\/v2\/posts\/53651\/revisions"}],"predecessor-version":[{"id":53660,"href":"https:\/\/edublog.educastur.es\/ixuxu\/wp-json\/wp\/v2\/posts\/53651\/revisions\/53660"}],"wp:attachment":[{"href":"https:\/\/edublog.educastur.es\/ixuxu\/wp-json\/wp\/v2\/media?parent=53651"}],"wp:term":[{"taxonomy":"category","embeddable":true,"href":"https:\/\/edublog.educastur.es\/ixuxu\/wp-json\/wp\/v2\/categories?post=53651"},{"taxonomy":"post_tag","embeddable":true,"href":"https:\/\/edublog.educastur.es\/ixuxu\/wp-json\/wp\/v2\/tags?post=53651"}],"curies":[{"name":"wp","href":"https:\/\/api.w.org\/{rel}","templated":true}]}}