{"id":53655,"date":"2025-07-22T18:09:30","date_gmt":"2025-07-22T16:09:30","guid":{"rendered":"https:\/\/edublog.educastur.es\/ixuxu\/?p=53655"},"modified":"2025-07-22T20:53:25","modified_gmt":"2025-07-22T18:53:25","slug":"xxi-mercau-tradicional-nos-alcuentros-en-colunga","status":"publish","type":"post","link":"https:\/\/edublog.educastur.es\/ixuxu\/2025\/07\/xxi-mercau-tradicional-nos-alcuentros-en-colunga\/","title":{"rendered":"XXI Merc\u00e1u Tradicional Nos Alcuentros en Colunga"},"content":{"rendered":"<div class=\"xyinxu5 xv54qhq x1g2khh7 xf7dkkf\">\n<div class=\"x6s0dn4 x78zum5 x1q0g3np x1nhvcw1 xh8yej3\">\n<div class=\"xbmvrgn\">\n<div class=\"html-div xdj266r x14z9mp xat24cr x1lziwak xexx8yu xyri2b x18d9i69 x1c1uobl x9f619 x1f5funs x1bl4301 xjbqb8w x78zum5 x15mokao x1ga7v0g x16uus16 xbiv7yw x1n2onr6 x1plvlek xryxfnj x1c4vz4f x2lah0s xdt5ytf xqjyukv xuk3077 x1oa3qoh x1nhvcw1\">\n<div class=\"x1qjc9v5 xvbhtw8 x1c9tyrk xeusxvb x1pahc9y x1ertn4p x972fbf x10w94by x1qhh985 x14e42zd x9f619 x78zum5 xdt5ytf x2lah0s xk390pu x11dcrhx xdj266r x14z9mp xat24cr x1lziwak x4p5aij x1ccui7m x1j85h84 x18pi947 x10l6tqk xfr5jun x11njtxf\"><\/div>\n<\/div>\n<\/div>\n<\/div>\n<\/div>\n<div class=\"x5yr21d xw2csxc x1odjw0f x1n2onr6\">\n<div class=\"x9f619 x78zum5 xdt5ytf x5yr21d xexx8yu xv54qhq x1l90r2v xf7dkkf x10l6tqk xh8yej3\">\n<div class=\"html-div xdj266r x14z9mp xat24cr x1lziwak xyri2b x1c1uobl x9f619 xjbqb8w x78zum5 x15mokao x1ga7v0g x16uus16 xbiv7yw xsag5q8 xz9dl7a x1uhb9sk x1plvlek xryxfnj x1c4vz4f x2lah0s x1q0g3np xqjyukv x1qjc9v5 x1oa3qoh x1nhvcw1\">\n<div class=\"html-div xdj266r x14z9mp xat24cr x1lziwak xexx8yu xyri2b x18d9i69 x1c1uobl x9f619 xjbqb8w x78zum5 x15mokao x1ga7v0g x16uus16 xbiv7yw x1uhb9sk x1plvlek xryxfnj x1iyjqo2 x2lwn1j xeuugli x1q0g3np xqjyukv x1qjc9v5 x1oa3qoh x1nhvcw1\">\n<div class=\"html-div xdj266r x14z9mp xat24cr x1lziwak xexx8yu xyri2b x18d9i69 x1c1uobl x9f619 xjbqb8w x78zum5 x15mokao x1ga7v0g x16uus16 xbiv7yw x1uhb9sk x1plvlek xryxfnj x1iyjqo2 x2lwn1j xeuugli xdt5ytf xqjyukv x1qjc9v5 x1oa3qoh x1nhvcw1\">\n<div style=\"text-align: center\"><a href=\"https:\/\/musicasturiana.com\/wp-content\/uploads\/2023\/12\/ambas-opinion.jpg\"><img loading=\"lazy\" decoding=\"async\" class=\"aligncenter size-large\" src=\"https:\/\/musicasturiana.com\/wp-content\/uploads\/2023\/12\/ambas-opinion.jpg\" width=\"1200\" height=\"600\" \/><\/a><\/div>\n<div class=\"html-div xdj266r x14z9mp xat24cr x1lziwak xexx8yu xyri2b x18d9i69 x1c1uobl x9f619 xjbqb8w x78zum5 x15mokao x1ga7v0g x16uus16 xbiv7yw x1uhb9sk x1plvlek xryxfnj x1c4vz4f x2lah0s xdt5ytf xqjyukv x1qjc9v5 x1oa3qoh x1nhvcw1\">\n<div class=\"html-div xdj266r x14z9mp xat24cr x1lziwak xexx8yu xyri2b x18d9i69 x1c1uobl x9f619 xjbqb8w x78zum5 x15mokao x1ga7v0g x16uus16 xbiv7yw x1uhb9sk x1plvlek xryxfnj x1c4vz4f x2lah0s x1q0g3np xqjyukv x1qjc9v5 x1oa3qoh x1nhvcw1\" style=\"text-align: center\"><a href=\"https:\/\/musicasturiana.com\/lasociacion-alcuentros-de-colunga-premia-a-xose-anton-ambas\/\">Musicasturiana.com<\/a> \/<\/div>\n<p><span class=\"x193iq5w xeuugli x13faqbe x1vvkbs xt0psk2 x1i0vuye xvs91rp xo1l8bm x5n08af x10wh9bi xpm28yp x8viiok x1o7cslx x126k92a\">Esti fin de selmana Colunga acueye\u2019l <strong>XXI Merc\u00e1u Tradicional Nos Alcuentros<\/strong> nel qu\u2019hai delles actividaes rellacionaes cola gastronom\u00eda y la cultura asturiana \ud83c\udfb6 La m\u00fasica tami\u00e9n va tener el so espaciu gracies a los IX Premios Alcuentros qu\u2019esti a\u00f1u van reconocer al m\u00fasicu y estudiosu Xos\u00e9 Ant\u00f3n Amb\u00e1s \u00abpol espardimientu y sofitu a la cultura y tradiciones asturianes\u00bb. L\u2019actu d\u2019entrega va ser esti domingu 27 a les doce\u2019l mediud\u00eda al cargu de la <a class=\"x1i10hfl xjbqb8w x1ejq31n x18oe1m7 x1sy0etr xstzfhl x972fbf x10w94by x1qhh985 x14e42zd x9f619 x1ypdohk xt0psk2 xe8uvvx xdj266r x14z9mp xat24cr x1lziwak xexx8yu xyri2b x18d9i69 x1c1uobl x16tdsg8 x1hl2dhg xggy1nq x1a2a7pz notranslate _a6hd\" role=\"link\" href=\"https:\/\/www.instagram.com\/asociacionalcuentros\/\">@asociacionalcuentros<\/a> .<\/span><\/p>\n<p><!--more--><\/p>\n<p>Esti fin de selmana el\u00a0<strong>Parque Hern\u00e1n Perez-Cubillas<\/strong>\u00a0de Colunga acueye\u2019l\u00a0<strong>XXI Merc\u00e1u Tradicional Nos Alcuentros<\/strong>\u00a0nel qu\u2019hai delles actividaes rellacionaes cola gastronom\u00eda y la cultura asturiana. La\u00a0<strong>m\u00fasica\u00a0<\/strong>tami\u00e9n va tener el so espaciu gracies a los\u00a0<strong>IX Premios Alcuentros\u00a0<\/strong>qu\u2019esti a\u00f1u van reconocer al m\u00fasicu y estudiosu\u00a0<strong>Xos\u00e9 Ant\u00f3n Fern\u00e1ndez\u00a0<em>Amb\u00e1s<\/em><\/strong>\u00a0\u00abpol espardimientu y sofitu a la cultura y tradiciones asturianes\u00bb. L\u2019actu d\u2019entrega va ser esti\u00a0<strong>domingu 27<\/strong>\u00a0a les doce\u2019l mediud\u00eda.<\/p>\n<p>Xos\u00e9 Ant\u00f3n\u00a0<em>Amb\u00e1s<\/em>\u00a0ye una de les\u00a0<strong>figures m\u00e1s destacaes de la m\u00fasica y la cultura\u2019l pa\u00eds<\/strong>. Ye\u2019l responsable del\u00a0<strong>ATOAM\u00a0<\/strong>(Archivu de la Tradici\u00f3n Oral d\u2019Amb\u00e1s),\u00a0<strong>estudiosu\u00a0<\/strong>de la cultura tradicional,\u00a0<strong>m\u00fasicu\u00a0<\/strong>(N\u2019Arba, Tuenda, Amb\u00e1s ya Rams\u00e9s\u2026),\u00a0<strong>presentador\u00a0<\/strong>de los programes de la TPA<a href=\"https:\/\/musicasturiana.com\/pasaron-100-anos-y-siguimos-topando-repertoriu-nasturies-de-2023-tamos-a-tiempu-de-ver-munches-coses-y-siguir-en-camin-va-deso\/\"><em>Cam\u00edn de cantares, Cam\u00edn y Siguir en cam\u00edn<\/em><\/a>\u2026 y un\u00a0<strong>firme defensor y divulgador\u00a0<\/strong>de la identid\u00e1 d\u2019esti pa\u00eds; un llabor que reconoz l\u2019Asociaci\u00f3n Alcuentros de Colunga con esti premiu. <a class=\"x1i10hfl xjbqb8w x1ejq31n x18oe1m7 x1sy0etr xstzfhl x972fbf x10w94by x1qhh985 x14e42zd x9f619 x1ypdohk xt0psk2 xe8uvvx xdj266r x14z9mp xat24cr x1lziwak xexx8yu xyri2b x18d9i69 x1c1uobl x16tdsg8 x1hl2dhg xggy1nq x1a2a7pz notranslate _a6hd\" role=\"link\" href=\"https:\/\/www.instagram.com\/culturacolunga\/\">@culturacolunga<\/a><\/p>\n<\/div>\n<p style=\"text-align: center\"><a href=\"https:\/\/musicasturiana.com\/wp-content\/uploads\/2025\/07\/cartelu-mercau-alcuentros-colungas-1000x1420.jpg\"><img loading=\"lazy\" decoding=\"async\" class=\"aligncenter size-large\" src=\"https:\/\/musicasturiana.com\/wp-content\/uploads\/2025\/07\/cartelu-mercau-alcuentros-colungas-1000x1420.jpg\" width=\"1000\" height=\"1420\" \/><\/a><\/p>\n<\/div>\n<\/div>\n<\/div>\n<\/div>\n<\/div>\n<p>&nbsp;<\/p>\n","protected":false},"excerpt":{"rendered":"<p>Musicasturiana.com \/ Esti fin de selmana Colunga acueye\u2019l XXI Merc\u00e1u Tradicional Nos Alcuentros nel qu\u2019hai delles actividaes rellacionaes cola gastronom\u00eda y la cultura asturiana \ud83c\udfb6 La m\u00fasica tami\u00e9n va tener el so espaciu gracies a los IX Premios Alcuentros qu\u2019esti a\u00f1u van reconocer al m\u00fasicu y estudiosu Xos\u00e9 Ant\u00f3n Amb\u00e1s \u00abpol espardimientu y sofitu a [&hellip;]<\/p>\n","protected":false},"author":117,"featured_media":0,"comment_status":"closed","ping_status":"open","sticky":false,"template":"","format":"standard","meta":{"footnotes":""},"categories":[35,125],"tags":[],"class_list":["post-53655","post","type-post","status-publish","format-standard","hentry","category-musica","category-musicasturiana-com"],"_links":{"self":[{"href":"https:\/\/edublog.educastur.es\/ixuxu\/wp-json\/wp\/v2\/posts\/53655","targetHints":{"allow":["GET"]}}],"collection":[{"href":"https:\/\/edublog.educastur.es\/ixuxu\/wp-json\/wp\/v2\/posts"}],"about":[{"href":"https:\/\/edublog.educastur.es\/ixuxu\/wp-json\/wp\/v2\/types\/post"}],"author":[{"embeddable":true,"href":"https:\/\/edublog.educastur.es\/ixuxu\/wp-json\/wp\/v2\/users\/117"}],"replies":[{"embeddable":true,"href":"https:\/\/edublog.educastur.es\/ixuxu\/wp-json\/wp\/v2\/comments?post=53655"}],"version-history":[{"count":3,"href":"https:\/\/edublog.educastur.es\/ixuxu\/wp-json\/wp\/v2\/posts\/53655\/revisions"}],"predecessor-version":[{"id":53658,"href":"https:\/\/edublog.educastur.es\/ixuxu\/wp-json\/wp\/v2\/posts\/53655\/revisions\/53658"}],"wp:attachment":[{"href":"https:\/\/edublog.educastur.es\/ixuxu\/wp-json\/wp\/v2\/media?parent=53655"}],"wp:term":[{"taxonomy":"category","embeddable":true,"href":"https:\/\/edublog.educastur.es\/ixuxu\/wp-json\/wp\/v2\/categories?post=53655"},{"taxonomy":"post_tag","embeddable":true,"href":"https:\/\/edublog.educastur.es\/ixuxu\/wp-json\/wp\/v2\/tags?post=53655"}],"curies":[{"name":"wp","href":"https:\/\/api.w.org\/{rel}","templated":true}]}}