{"id":53663,"date":"2025-07-22T19:18:51","date_gmt":"2025-07-22T17:18:51","guid":{"rendered":"https:\/\/edublog.educastur.es\/ixuxu\/?p=53663"},"modified":"2025-07-22T19:18:51","modified_gmt":"2025-07-22T17:18:51","slug":"la-llista-despera-quirurxica-mengua-nasturies-un-104-nel-ultimu-anu","status":"publish","type":"post","link":"https:\/\/edublog.educastur.es\/ixuxu\/2025\/07\/la-llista-despera-quirurxica-mengua-nasturies-un-104-nel-ultimu-anu\/","title":{"rendered":"La llista d&#8217;espera quir\u00farxica mengua n&#8217;Asturies un 10,4% nel \u00faltimu a\u00f1u"},"content":{"rendered":"<p style=\"text-align: center\"><a href=\"https:\/\/www.rtpa.es\/fotos\/\/20\/07\/20200710093357_contagio.jpg\"><img loading=\"lazy\" decoding=\"async\" class=\"aligncenter size-large\" src=\"https:\/\/www.rtpa.es\/fotos\/\/20\/07\/20200710093357_contagio.jpg\" width=\"853\" height=\"480\" \/><\/a><\/p>\n<p><a href=\"https:\/\/www.rtpa.es\/noticias-asturias-ast\/2025-07-21\/La-llista-d'espera-quirurxica-mengua-n'Asturies-un-10,4-nel-ultimu-a\u00f1u_111753124050.html\">TPA<\/a> \/<\/p>\n<section class=\"contenido \">\n<div class=\"container\">\n<div class=\"row\">\n<div class=\"col-lg-8 col-md-12 col-xs-12\" role=\"main\" aria-label=\"Bloque del titular, texto imagen o v\u00eddeo de la noticia\">\n<p class=\"botonera-transcripcion font-size-s margin-t-20\">Ye la cifra m\u00e1s baxa dende xineru de 2022. El n\u00famberu de pacientes a la espera d\u2019una intervenci\u00f3n quir\u00farxica xub\u00eda n\u2019Asturies a finales del mes de xunu a 20.957 persones, 2.471 menos qu\u2019un a\u00f1u enantes, lo que sup\u00f3n una mengua intera\u00f1al del 10,4 por cientu. Seg\u00fan los datos del <strong>Serviciu de Sal\u00fa del Princip\u00e1u (Sespa)<\/strong>, ye la cifra m\u00e1s baxa dende xineru de 2022. En rellaci\u00f3n a mayu, la mengua de la llista d\u2019espera quir\u00farxica ye de 531 pacientes, equivalente al 2,5 por cientu.<\/p>\n<\/div>\n<div class=\"col-lg-4 col-md-12 col-xs-12 padding-t-20 padding-b-20\">\n<div class=\"utiles bg-contenido-destacado border-radius-8\" role=\"group\" aria-label=\"Informaci\u00f3n de subt\u00edtulos y bloque para compartir la noticia en redes sociales\">\n<div class=\"display-b padding-t-10 padding-b-10 border-b-1 border-solid border-c-clear-blue padding-l-10 padding-r-10\"><\/div>\n<div class=\"display-b padding-t-10 padding-b-10 border-b-0 border-solid border-color-b-010 display-t width-0100 padding-l-10 padding-r-10\"><\/div>\n<\/div>\n<div class=\"margin-t-20 margin-b-20\">\n<section class=\"padding-t-20 color-w-0100\">\n<div class=\"row text-align-c padding-t-30 padding-b-30 padding-l-10 padding-r-10 hidden-md-down\" aria-hidden=\"true\">\n<div class=\"col-xs-12\">\n<div id=\"div-rtpa-right1\" class=\"text-align-c\" data-google-query-id=\"CL6Bmp380I4DFScgBgAdhvEVDg\">\n<div id=\"google_ads_iframe_\/22526134856\/rtpa\/right1_0__container__\"><\/div>\n<\/div>\n<\/div>\n<\/div>\n<\/section>\n<\/div>\n<\/div>\n<\/div>\n<\/div>\n<\/section>\n<section class=\" color-w-0100 \">\n<div class=\"row text-align-c padding-t-20 padding-b-20 padding-l-10 padding-r-10 hidden-md-down width-0100\" aria-hidden=\"true\">\n<div class=\"col-xs-12\"><\/div>\n<\/div>\n<\/section>\n","protected":false},"excerpt":{"rendered":"<p>TPA \/ Ye la cifra m\u00e1s baxa dende xineru de 2022. El n\u00famberu de pacientes a la espera d\u2019una intervenci\u00f3n quir\u00farxica xub\u00eda n\u2019Asturies a finales del mes de xunu a 20.957 persones, 2.471 menos qu\u2019un a\u00f1u enantes, lo que sup\u00f3n una mengua intera\u00f1al del 10,4 por cientu. Seg\u00fan los datos del Serviciu de Sal\u00fa del [&hellip;]<\/p>\n","protected":false},"author":117,"featured_media":0,"comment_status":"closed","ping_status":"open","sticky":false,"template":"","format":"standard","meta":{"footnotes":""},"categories":[59,48],"tags":[],"class_list":["post-53663","post","type-post","status-publish","format-standard","hentry","category-rtpa","category-salu"],"_links":{"self":[{"href":"https:\/\/edublog.educastur.es\/ixuxu\/wp-json\/wp\/v2\/posts\/53663","targetHints":{"allow":["GET"]}}],"collection":[{"href":"https:\/\/edublog.educastur.es\/ixuxu\/wp-json\/wp\/v2\/posts"}],"about":[{"href":"https:\/\/edublog.educastur.es\/ixuxu\/wp-json\/wp\/v2\/types\/post"}],"author":[{"embeddable":true,"href":"https:\/\/edublog.educastur.es\/ixuxu\/wp-json\/wp\/v2\/users\/117"}],"replies":[{"embeddable":true,"href":"https:\/\/edublog.educastur.es\/ixuxu\/wp-json\/wp\/v2\/comments?post=53663"}],"version-history":[{"count":1,"href":"https:\/\/edublog.educastur.es\/ixuxu\/wp-json\/wp\/v2\/posts\/53663\/revisions"}],"predecessor-version":[{"id":53664,"href":"https:\/\/edublog.educastur.es\/ixuxu\/wp-json\/wp\/v2\/posts\/53663\/revisions\/53664"}],"wp:attachment":[{"href":"https:\/\/edublog.educastur.es\/ixuxu\/wp-json\/wp\/v2\/media?parent=53663"}],"wp:term":[{"taxonomy":"category","embeddable":true,"href":"https:\/\/edublog.educastur.es\/ixuxu\/wp-json\/wp\/v2\/categories?post=53663"},{"taxonomy":"post_tag","embeddable":true,"href":"https:\/\/edublog.educastur.es\/ixuxu\/wp-json\/wp\/v2\/tags?post=53663"}],"curies":[{"name":"wp","href":"https:\/\/api.w.org\/{rel}","templated":true}]}}