{"id":53670,"date":"2025-07-21T10:00:51","date_gmt":"2025-07-21T08:00:51","guid":{"rendered":"https:\/\/edublog.educastur.es\/ixuxu\/?p=53670"},"modified":"2025-07-22T19:36:13","modified_gmt":"2025-07-22T17:36:13","slug":"asturies-cunta-con-mas-perros-censaos-que-menores-deda","status":"publish","type":"post","link":"https:\/\/edublog.educastur.es\/ixuxu\/2025\/07\/asturies-cunta-con-mas-perros-censaos-que-menores-deda\/","title":{"rendered":"Asturies cunta con m\u00e1s perros censaos que menores d&#8217;ed\u00e1"},"content":{"rendered":"<ul>\n<li><a href=\"https:\/\/www.rtpa.es\/noticias-asturias-ast\/2025-07-21\/Asturies-cunta-con-mas-perros-censaos-que-menores-d'eda_111753100959.html\">RTPA<\/a> \/<\/li>\n<\/ul>\n<p style=\"text-align: center\"><a href=\"https:\/\/www.rtpa.es\/fotos\/\/25\/07\/20250721141311_RTPA6883155.webp\"><img loading=\"lazy\" decoding=\"async\" class=\"aligncenter size-large\" src=\"https:\/\/www.rtpa.es\/fotos\/\/25\/07\/20250721141311_RTPA6883155.webp\" width=\"853\" height=\"480\" \/><\/a><\/p>\n<h2 class=\"font-size-m padding-b-20 font-weight-b margin-t-16\">El D\u00eda Mundial del Perru busca concenciar sobro l&#8217;adopci\u00f3n y el refugu al abandonu.<\/h2>\n<p>Asturies cunta con m\u00e1s perros que menores d&#8217;ed\u00e1, daqu\u00e9 que se cumple na mayor\u00eda de conceyos. Nos postreros cinco a\u00f1os, el n\u00famberu de perros censaos n&#8217;Asturies aument\u00f3 un 20%, y cada vez son m\u00e1s avezaos los establecimientos dedicaos a estes mascotes y los espacios &#8216;dog friendly&#8217;.<\/p>\n<p><!--more--><\/p>\n<p>G\u00fcei ye&#8217;l D\u00eda Mundial del Perru, nom\u00e1u pola Organizaci\u00f3n Mundial de la Sal\u00fa, coles mires de concenciar a la poblaci\u00f3n pa nun abandonalos.<\/p>\n<p>Pa munchos son parte de la familia, una gran compa\u00f1\u00eda y hai an\u00e9cdotes simp\u00e1tiques qu&#8217;acaben por marcar les sos vides.<\/p>\n<p>Crecen los espacios destinaos a los perros, como parques, y el pr\u00f3ximu a\u00f1u va haber un tanatoriu can\u00edn na ciud\u00e1.<\/p>\n<p>N&#8217;Asturies, hai unos 194.000 perros censaos frente a 107.000 menores de 18 a\u00f1os, seg\u00fan el Rexistru d&#8217;Animales d&#8217;Asturies y l&#8217;Institutu Nacional d&#8217;Estad\u00edstica.<\/p>\n<p>El D\u00eda Mundial del Perru busca concenciar sobro l&#8217;adopci\u00f3n y el refugu al abandonu.<\/p>\n<p>La OMS agradez que\u2019l 70% de los perros nel mundu nun tien llar.<\/p>\n","protected":false},"excerpt":{"rendered":"<p>RTPA \/ El D\u00eda Mundial del Perru busca concenciar sobro l&#8217;adopci\u00f3n y el refugu al abandonu. Asturies cunta con m\u00e1s perros que menores d&#8217;ed\u00e1, daqu\u00e9 que se cumple na mayor\u00eda de conceyos. Nos postreros cinco a\u00f1os, el n\u00famberu de perros censaos n&#8217;Asturies aument\u00f3 un 20%, y cada vez son m\u00e1s avezaos los establecimientos dedicaos a [&hellip;]<\/p>\n","protected":false},"author":117,"featured_media":0,"comment_status":"closed","ping_status":"open","sticky":false,"template":"","format":"standard","meta":{"footnotes":""},"categories":[258],"tags":[],"class_list":["post-53670","post","type-post","status-publish","format-standard","hentry","category-estadistiques"],"_links":{"self":[{"href":"https:\/\/edublog.educastur.es\/ixuxu\/wp-json\/wp\/v2\/posts\/53670","targetHints":{"allow":["GET"]}}],"collection":[{"href":"https:\/\/edublog.educastur.es\/ixuxu\/wp-json\/wp\/v2\/posts"}],"about":[{"href":"https:\/\/edublog.educastur.es\/ixuxu\/wp-json\/wp\/v2\/types\/post"}],"author":[{"embeddable":true,"href":"https:\/\/edublog.educastur.es\/ixuxu\/wp-json\/wp\/v2\/users\/117"}],"replies":[{"embeddable":true,"href":"https:\/\/edublog.educastur.es\/ixuxu\/wp-json\/wp\/v2\/comments?post=53670"}],"version-history":[{"count":1,"href":"https:\/\/edublog.educastur.es\/ixuxu\/wp-json\/wp\/v2\/posts\/53670\/revisions"}],"predecessor-version":[{"id":53671,"href":"https:\/\/edublog.educastur.es\/ixuxu\/wp-json\/wp\/v2\/posts\/53670\/revisions\/53671"}],"wp:attachment":[{"href":"https:\/\/edublog.educastur.es\/ixuxu\/wp-json\/wp\/v2\/media?parent=53670"}],"wp:term":[{"taxonomy":"category","embeddable":true,"href":"https:\/\/edublog.educastur.es\/ixuxu\/wp-json\/wp\/v2\/categories?post=53670"},{"taxonomy":"post_tag","embeddable":true,"href":"https:\/\/edublog.educastur.es\/ixuxu\/wp-json\/wp\/v2\/tags?post=53670"}],"curies":[{"name":"wp","href":"https:\/\/api.w.org\/{rel}","templated":true}]}}