{"id":53677,"date":"2025-07-22T11:00:53","date_gmt":"2025-07-22T09:00:53","guid":{"rendered":"https:\/\/edublog.educastur.es\/ixuxu\/?p=53677"},"modified":"2025-07-22T20:02:08","modified_gmt":"2025-07-22T18:02:08","slug":"reguerada-fest-2025","status":"publish","type":"post","link":"https:\/\/edublog.educastur.es\/ixuxu\/2025\/07\/reguerada-fest-2025\/","title":{"rendered":"Reguerada Fest 2025"},"content":{"rendered":"<ul>\n<li>Cultura abre\u2019l plazu pa les empreses que quieran participar nel Reguerada Fest 2025<\/li>\n<\/ul>\n<p style=\"text-align: center\"><a href=\"https:\/\/actualidad.asturias.es\/documents\/537115\/2699735\/2025_07_22+Foto+Reguerada+Fest.jpeg\/f64c5dce-48e6-b5af-e256-9ccb71468536?t=1753167003781\"><img loading=\"lazy\" decoding=\"async\" class=\"aligncenter size-large\" src=\"https:\/\/actualidad.asturias.es\/documents\/537115\/2699735\/2025_07_22+Foto+Reguerada+Fest.jpeg\/f64c5dce-48e6-b5af-e256-9ccb71468536?t=1753167003781\" width=\"1068\" height=\"712\" \/><\/a><\/p>\n<ul>\n<li>La cuarta edici\u00f3n del festival va celebrase del 14 al 16 de payares en Cand\u00e1s. <span style=\"font-size: 16px\">La Conseyer\u00eda de Cultura, Pol\u00edtica Lling\u00fc\u00edstica y Deporte abri\u00f3\u2019l periodu de solicit\u00faes pa les empreses que quieran participar nel IV Reguerada Fest, que se va celebrar en Cand\u00e1s del 14 al 16 de payares.<\/span><\/li>\n<\/ul>\n<p><!--more--><\/p>\n<p>Pa poder formar parte del festival, les empreses interesaes tienen que comunicar a la Direcci\u00f3n Xeneral d\u2019Acci\u00f3n Cultural y Normalizaci\u00f3n Lling\u00fc\u00edstica, primero del 31 d\u2019agostu, la so disposici\u00f3n a participar y los sos datos al travi\u00e9s del corr\u00e9u electr\u00f3nicu dxpoliticallinguistica@asturias.org. En concreto, les organizaciones han indicar nel so mensaxe esta informaci\u00f3n:<\/p>\n<ul>\n<li class=\"Tabulaciones1\">Nome comercial<\/li>\n<li class=\"Tabulaciones1\">Persona de contactu<\/li>\n<li class=\"Tabulaciones1\">Sector (clas de productu)<\/li>\n<li class=\"Tabulaciones1\">Tel\u00e9fonu<\/li>\n<li class=\"Tabulaciones1\">Direcci\u00f3n de corr\u00e9u electr\u00f3nicu<\/li>\n<\/ul>\n<p>El Princip\u00e1u sigue trabayando na programaci\u00f3n d\u2019esta cuarta edici\u00f3n del Reguerada Fest, el festival d\u2019empreses qu\u2019usen la llingua asturiana y la cultura n\u2019asturianu que rinde homenaxe col nome a Ant\u00f3n de Marirreguera, nac\u00edu nel conceyu de Carre\u00f1o y autor de la que se considera la primer obra lliteraria en llingua asturiana. Esti eventu ufierta a les compa\u00f1\u00edes la posibilid\u00e1 de mostrar los sos productos o servicios.<\/p>\n<p>Al travi\u00e9s d\u2019esti festival, Cand\u00e1s va convertise otra vez en puntu d\u2019alcuentru de disciplines art\u00edstiques variaes y del mundu de la empresa y la comunicaci\u00f3n los d\u00edes 14, 15 y 16 de payares, con una programaci\u00f3n que va tar dirixida pa tolos p\u00fablicos.<\/p>\n","protected":false},"excerpt":{"rendered":"<p>Cultura abre\u2019l plazu pa les empreses que quieran participar nel Reguerada Fest 2025 La cuarta edici\u00f3n del festival va celebrase del 14 al 16 de payares en Cand\u00e1s. La Conseyer\u00eda de Cultura, Pol\u00edtica Lling\u00fc\u00edstica y Deporte abri\u00f3\u2019l periodu de solicit\u00faes pa les empreses que quieran participar nel IV Reguerada Fest, que se va celebrar en [&hellip;]<\/p>\n","protected":false},"author":117,"featured_media":0,"comment_status":"closed","ping_status":"open","sticky":false,"template":"","format":"standard","meta":{"footnotes":""},"categories":[204],"tags":[],"class_list":["post-53677","post","type-post","status-publish","format-standard","hentry","category-festivales"],"_links":{"self":[{"href":"https:\/\/edublog.educastur.es\/ixuxu\/wp-json\/wp\/v2\/posts\/53677","targetHints":{"allow":["GET"]}}],"collection":[{"href":"https:\/\/edublog.educastur.es\/ixuxu\/wp-json\/wp\/v2\/posts"}],"about":[{"href":"https:\/\/edublog.educastur.es\/ixuxu\/wp-json\/wp\/v2\/types\/post"}],"author":[{"embeddable":true,"href":"https:\/\/edublog.educastur.es\/ixuxu\/wp-json\/wp\/v2\/users\/117"}],"replies":[{"embeddable":true,"href":"https:\/\/edublog.educastur.es\/ixuxu\/wp-json\/wp\/v2\/comments?post=53677"}],"version-history":[{"count":1,"href":"https:\/\/edublog.educastur.es\/ixuxu\/wp-json\/wp\/v2\/posts\/53677\/revisions"}],"predecessor-version":[{"id":53678,"href":"https:\/\/edublog.educastur.es\/ixuxu\/wp-json\/wp\/v2\/posts\/53677\/revisions\/53678"}],"wp:attachment":[{"href":"https:\/\/edublog.educastur.es\/ixuxu\/wp-json\/wp\/v2\/media?parent=53677"}],"wp:term":[{"taxonomy":"category","embeddable":true,"href":"https:\/\/edublog.educastur.es\/ixuxu\/wp-json\/wp\/v2\/categories?post=53677"},{"taxonomy":"post_tag","embeddable":true,"href":"https:\/\/edublog.educastur.es\/ixuxu\/wp-json\/wp\/v2\/tags?post=53677"}],"curies":[{"name":"wp","href":"https:\/\/api.w.org\/{rel}","templated":true}]}}