{"id":53679,"date":"2025-07-22T13:50:55","date_gmt":"2025-07-22T11:50:55","guid":{"rendered":"https:\/\/edublog.educastur.es\/ixuxu\/?p=53679"},"modified":"2025-07-22T20:11:55","modified_gmt":"2025-07-22T18:11:55","slug":"el-principau-pagal-primer-cursu-de-los-estudios-de-grau-na-universida-duvieu-2","status":"publish","type":"post","link":"https:\/\/edublog.educastur.es\/ixuxu\/2025\/07\/el-principau-pagal-primer-cursu-de-los-estudios-de-grau-na-universida-duvieu-2\/","title":{"rendered":"\u00a0El Princip\u00e1u paga\u2019l primer cursu de los estudios de grau na Universid\u00e1 d\u2019Uvi\u00e9u"},"content":{"rendered":"<p style=\"text-align: center\"><a href=\"https:\/\/ciencia.asturias.es\/el-principado-financia-tu-matr\u00edcula-universitaria?utm_medium=paid&amp;utm_source=fb&amp;utm_id=6835085791303&amp;utm_content=6835085812103&amp;utm_term=6835085791703&amp;utm_campaign=6835085791303&amp;fbclid=IwY2xjawLssZZleHRuA2FlbQEwAGFkaWQAAAY3a6Hlh2JyaWQRMWlTRmF2ZXBQUXg4R2dnc0sBHvLtGNnK86JYRo1esqEhF5h2oL5KuCJEIaX-dtFRHfyZzDd_Y9sSzJwG9-3G_aem_Znd-D-bUkR1Weph5zZ3H6g\">Noticia<\/a> \/<\/p>\n<div dir=\"auto\">El to f\u00edu o f\u00eda empieza la universid\u00e1. Tu aforres la matr\u00edcula.<strong>\u00a0El Princip\u00e1u paga\u2019l primer cursu de los estudios de grau na Universid\u00e1 d\u2019Uvi\u00e9u<\/strong>. Pa qu\u2019estudiar nun dependa de lo qu\u2019una familia pueda permitise.\u00a0Un gastu menos. Un compromisu m\u00e1s del Gobiernu d\u2019Asturies cola <span class=\"html-span xdj266r x14z9mp xat24cr x1lziwak xexx8yu xyri2b x18d9i69 x1c1uobl x1hl2dhg x16tdsg8 x1vvkbs\"><a class=\"x1i10hfl xjbqb8w x1ejq31n x18oe1m7 x1sy0etr xstzfhl x972fbf x10w94by x1qhh985 x14e42zd x9f619 x1ypdohk xt0psk2 xe8uvvx xdj266r x14z9mp xat24cr x1lziwak xexx8yu xyri2b x18d9i69 x1c1uobl x16tdsg8 x1hl2dhg xggy1nq x1a2a7pz xkrqix3 x1sur9pj x1fey0fg x1s688f\" role=\"link\" href=\"https:\/\/www.facebook.com\/hashtag\/educaci%C3%B3n?__eep__=6&amp;__cft__[0]=AZVNm2jb0MruhgEsmpoDqhEfYnw1IRBPCWtXSxSMDtwLFNvk3Vg8v1LXgKo3tHmccafDgujiPAj7_GFza86FseT1seUNA6dwe_kC0Pn1RZDgrBrUUo_bxmBdTp4ss38-rJLPB5s_ejv_dwJlp966QxEiinMpxyccd_XvzBlg7b59WMBZs578Arqa40I_BJILfHfJ4jUS4mtdyqJNlvNuTY7o&amp;__tn__=*NK-y-R\">#educaci\u00f3n<\/a><\/span>.<\/div>\n<div dir=\"auto\"><\/div>\n<div dir=\"auto\" style=\"text-align: center\"><a href=\"https:\/\/ciencia.asturias.es\/documents\/40538\/316002\/Matr%C3%ADcula+2+%281%29.jpeg\/0c528953-c874-00a8-2b08-f70d81485c99?t=1749749244018\"><img loading=\"lazy\" decoding=\"async\" class=\"aligncenter size-large\" src=\"https:\/\/ciencia.asturias.es\/documents\/40538\/316002\/Matr%C3%ADcula+2+%281%29.jpeg\/0c528953-c874-00a8-2b08-f70d81485c99?t=1749749244018\" width=\"1404\" height=\"592\" \/><\/a><\/div>\n<p>&nbsp;<\/p>\n<div class=\"description\">\n<ul>\n<li class=\"portlet-msg-info\"><a href=\"https:\/\/ciencia.asturias.es\/preguntas-frecuentes-matr%C3%8Dcula-gratuita\"><strong>PREGUNTAS FRECUENTES\u00a0<\/strong><\/a>\/<a href=\"https:\/\/ciencia.asturias.es\/proceso-de-matr%C3%8Dcula-en-la-universidad-de-oviedo\"><strong>\u00bfC\u00d3MO ACCEDO A LA MATR\u00cdCULA GRATUITA ?<\/strong><\/a> \/<\/li>\n<li>Para cualquier duda o consulta sobre la gratuidad de la matr\u00edcula universitaria en Asturias puedes dirigirte a la Direcci\u00f3n General de Universidad del Principado de Asturias: <a href=\"mailto:dguniversidades@asturias.org\">dguniversidades@asturias.org<\/a><\/li>\n<\/ul>\n<\/div>\n<div class=\"informacion-relacionada enlaces-relacionados\">\n<ul>\n<li><a class=\"popup\" title=\"Convenio de financiaci\u00f3n de la Universidad de Oviedo. Abre una nueva ventana\" href=\"https:\/\/actualidad.asturias.es\/-\/el-principado-y-la-universidad-de-oviedo-alcanzan-un-acuerdo-de-estabilidad-presupuestaria-para-los-pr%C3%B3ximos-seis-a%C3%B1os\" target=\"_blank\" rel=\"noopener\">Convenio de financiaci\u00f3n de la Universidad de Oviedo\u00a0<\/a><\/li>\n<li><a class=\"popup\" title=\"Informaci\u00f3n sobre matr\u00edcula gratuita en la Universidad de Oviedo. Abre una nueva ventana\" href=\"https:\/\/www.uniovi.es\/estudia\/grados\/sobrelosgrados\/matricula-gratuita\" target=\"_blank\" rel=\"noopener\">Informaci\u00f3n sobre matr\u00edcula gratuita en la Universidad de Oviedo\u00a0<\/a><\/li>\n<\/ul>\n<\/div>\n","protected":false},"excerpt":{"rendered":"<p>Noticia \/ El to f\u00edu o f\u00eda empieza la universid\u00e1. Tu aforres la matr\u00edcula.\u00a0El Princip\u00e1u paga\u2019l primer cursu de los estudios de grau na Universid\u00e1 d\u2019Uvi\u00e9u. Pa qu\u2019estudiar nun dependa de lo qu\u2019una familia pueda permitise.\u00a0Un gastu menos. Un compromisu m\u00e1s del Gobiernu d\u2019Asturies cola #educaci\u00f3n. &nbsp; PREGUNTAS FRECUENTES\u00a0\/\u00bfC\u00d3MO ACCEDO A LA MATR\u00cdCULA GRATUITA ? [&hellip;]<\/p>\n","protected":false},"author":117,"featured_media":0,"comment_status":"closed","ping_status":"open","sticky":false,"template":"","format":"standard","meta":{"footnotes":""},"categories":[212],"tags":[],"class_list":["post-53679","post","type-post","status-publish","format-standard","hentry","category-universida-duvieu"],"_links":{"self":[{"href":"https:\/\/edublog.educastur.es\/ixuxu\/wp-json\/wp\/v2\/posts\/53679","targetHints":{"allow":["GET"]}}],"collection":[{"href":"https:\/\/edublog.educastur.es\/ixuxu\/wp-json\/wp\/v2\/posts"}],"about":[{"href":"https:\/\/edublog.educastur.es\/ixuxu\/wp-json\/wp\/v2\/types\/post"}],"author":[{"embeddable":true,"href":"https:\/\/edublog.educastur.es\/ixuxu\/wp-json\/wp\/v2\/users\/117"}],"replies":[{"embeddable":true,"href":"https:\/\/edublog.educastur.es\/ixuxu\/wp-json\/wp\/v2\/comments?post=53679"}],"version-history":[{"count":1,"href":"https:\/\/edublog.educastur.es\/ixuxu\/wp-json\/wp\/v2\/posts\/53679\/revisions"}],"predecessor-version":[{"id":53682,"href":"https:\/\/edublog.educastur.es\/ixuxu\/wp-json\/wp\/v2\/posts\/53679\/revisions\/53682"}],"wp:attachment":[{"href":"https:\/\/edublog.educastur.es\/ixuxu\/wp-json\/wp\/v2\/media?parent=53679"}],"wp:term":[{"taxonomy":"category","embeddable":true,"href":"https:\/\/edublog.educastur.es\/ixuxu\/wp-json\/wp\/v2\/categories?post=53679"},{"taxonomy":"post_tag","embeddable":true,"href":"https:\/\/edublog.educastur.es\/ixuxu\/wp-json\/wp\/v2\/tags?post=53679"}],"curies":[{"name":"wp","href":"https:\/\/api.w.org\/{rel}","templated":true}]}}