{"id":53683,"date":"2025-07-22T08:50:08","date_gmt":"2025-07-22T06:50:08","guid":{"rendered":"https:\/\/edublog.educastur.es\/ixuxu\/?p=53683"},"modified":"2025-07-22T21:39:09","modified_gmt":"2025-07-22T19:39:09","slug":"lleguen-fuertes-nubes-con-xarazo-al-cantabricu-occidental","status":"publish","type":"post","link":"https:\/\/edublog.educastur.es\/ixuxu\/2025\/07\/lleguen-fuertes-nubes-con-xarazo-al-cantabricu-occidental\/","title":{"rendered":"Lleguen fuertes nubes con xarazo al Cant\u00e1bricu Occidental"},"content":{"rendered":"<p style=\"text-align: center\"><a href=\"https:\/\/images.ecestaticos.com\/xD6jVwDoN-Vrb0GFHuy4UjeoDcA=\/0x0:910x710\/996x747\/filters:fill(white):format(jpg)\/f.elconfidencial.com%2Foriginal%2Fea3%2F504%2F5fe%2Fea35045fe386c327a56c41515dbb7f6f.jpg\"><img loading=\"lazy\" decoding=\"async\" class=\"aligncenter size-large\" src=\"https:\/\/images.ecestaticos.com\/xD6jVwDoN-Vrb0GFHuy4UjeoDcA=\/0x0:910x710\/996x747\/filters:fill(white):format(jpg)\/f.elconfidencial.com%2Foriginal%2Fea3%2F504%2F5fe%2Fea35045fe386c327a56c41515dbb7f6f.jpg\" width=\"996\" height=\"747\" \/><\/a><\/p>\n<p>El calor sigue y Espa\u00f1a raspia g\u00fcei los 40\u00ba C, pero l&#8217;Aemet avisa: <strong>lleguen fuertes nubes con xarazo a estes zones.<\/strong> El mi\u00e9rcoles y el xueves van ser los d\u00edes m\u00e1s complicaos de la selmana, caracterizaos por <strong>una baxada dr\u00e1stica de les temperatures y el rexistru de nubes con xarazo<\/strong>. (Fonte: Meteored).<\/p>\n<p><!--more--><\/p>\n<p>L&#8217;<strong>Aemet<\/strong> avisa: va haber un camb\u00e9u radical nel tiempu a partir del mi\u00e9rcoles.\u00a0<strong> Y ye qu&#8217;el nuesu pa\u00eds y\u00e1 se preparar para un camb\u00e9u de guion meteorol\u00f3xicu marc\u00e1u pola inestabilid\u00e1, qu&#8217;acesma nel horizonte y va traer consigo fuertes nubes y xarazo.<\/strong> La xornada del martes presentar con un panorama claramente estrem\u00e1u. Mientres nel estremu noroeste peninsular, especialmente na met\u00e1 de Galicia y el Cant\u00e1bricu occidental, la circulaci\u00f3n atl\u00e1ntica va dexar cielos m\u00e1s cubiertos y delles precipitaciones d\u00e9biles, el restu de la Pen\u00ednsula va esfrutar d&#8217;un sol abrasador. Eso s\u00ed, la entrada de mugor mediterr\u00e1neo va dibuxar delles nubes na met\u00e1 norte del Llevante, cola posibilid\u00e1 de dalg\u00fan orbayu esvalix\u00e1u, pero nada que torgue sacar el protector solar.<\/p>\n","protected":false},"excerpt":{"rendered":"<p>El calor sigue y Espa\u00f1a raspia g\u00fcei los 40\u00ba C, pero l&#8217;Aemet avisa: lleguen fuertes nubes con xarazo a estes zones. El mi\u00e9rcoles y el xueves van ser los d\u00edes m\u00e1s complicaos de la selmana, caracterizaos por una baxada dr\u00e1stica de les temperatures y el rexistru de nubes con xarazo. (Fonte: Meteored).<\/p>\n","protected":false},"author":117,"featured_media":0,"comment_status":"closed","ping_status":"open","sticky":false,"template":"","format":"standard","meta":{"footnotes":""},"categories":[5],"tags":[],"class_list":["post-53683","post","type-post","status-publish","format-standard","hentry","category-tiempu"],"_links":{"self":[{"href":"https:\/\/edublog.educastur.es\/ixuxu\/wp-json\/wp\/v2\/posts\/53683","targetHints":{"allow":["GET"]}}],"collection":[{"href":"https:\/\/edublog.educastur.es\/ixuxu\/wp-json\/wp\/v2\/posts"}],"about":[{"href":"https:\/\/edublog.educastur.es\/ixuxu\/wp-json\/wp\/v2\/types\/post"}],"author":[{"embeddable":true,"href":"https:\/\/edublog.educastur.es\/ixuxu\/wp-json\/wp\/v2\/users\/117"}],"replies":[{"embeddable":true,"href":"https:\/\/edublog.educastur.es\/ixuxu\/wp-json\/wp\/v2\/comments?post=53683"}],"version-history":[{"count":4,"href":"https:\/\/edublog.educastur.es\/ixuxu\/wp-json\/wp\/v2\/posts\/53683\/revisions"}],"predecessor-version":[{"id":53726,"href":"https:\/\/edublog.educastur.es\/ixuxu\/wp-json\/wp\/v2\/posts\/53683\/revisions\/53726"}],"wp:attachment":[{"href":"https:\/\/edublog.educastur.es\/ixuxu\/wp-json\/wp\/v2\/media?parent=53683"}],"wp:term":[{"taxonomy":"category","embeddable":true,"href":"https:\/\/edublog.educastur.es\/ixuxu\/wp-json\/wp\/v2\/categories?post=53683"},{"taxonomy":"post_tag","embeddable":true,"href":"https:\/\/edublog.educastur.es\/ixuxu\/wp-json\/wp\/v2\/tags?post=53683"}],"curies":[{"name":"wp","href":"https:\/\/api.w.org\/{rel}","templated":true}]}}