{"id":53686,"date":"2025-07-22T12:19:40","date_gmt":"2025-07-22T10:19:40","guid":{"rendered":"https:\/\/edublog.educastur.es\/ixuxu\/?p=53686"},"modified":"2025-07-23T14:32:09","modified_gmt":"2025-07-23T12:32:09","slug":"natacion-artistica-un-oru-historico-a-espana-nos-mundiales-de-singapur","status":"publish","type":"post","link":"https:\/\/edublog.educastur.es\/ixuxu\/2025\/07\/natacion-artistica-un-oru-historico-a-espana-nos-mundiales-de-singapur\/","title":{"rendered":"Nataci\u00f3n art\u00edstica:\u00a0un oru hist\u00f3rico a Espa\u00f1a nos Mundiales de Singapur."},"content":{"rendered":"<p><strong>Nataci\u00f3n art\u00edstica<\/strong>:\u00a0Iris Ti\u00f3 da un oru hist\u00f3rico a Espa\u00f1a nos Mundiales de Singapur. La barcelonesa imponer a la china Fuxan Xu y a la bielorrusa Vasilina Khandoshka y <strong>convi\u00e9rtese na primer nadadora espa\u00f1ola que xube lo m\u00e1s alto del podiu na modalid\u00e1 de solu llibre<\/strong>. <a href=\"https:\/\/elpais.com\/deportes\/2025-07-22\/iris-tio-conquista-el-oro-en-solo-libre-y-firma-una-gesta-historica-en-la-natacion-artistica-espanola.html?ssm=FB_CM&amp;utm_source=fb&amp;utm_medium=social&amp;fbclid=IwY2xjawLtitdleHRuA2FlbQIxMQABHs4g0y5LdwvXpj34dMK4rHQV6WWI4UiV7sC2bC-UB0fkYseWBG2LPJCZk5Gq_aem_vb2ILSTkvZ21w0TT7UZwCQ\">El Pa\u00eds<\/a><\/p>\n<p style=\"text-align: center\"><a href=\"https:\/\/imagenes.elpais.com\/resizer\/v2\/XWNIK6C6MRCTZEDBGMLQOWCCSY.jpg?auth=df567c65e034949d38c289b0b8d70e0c0464d28635abbf3c6bdf47fa4a63b38a&amp;width=1200&amp;height=675&amp;smart=true\"><img loading=\"lazy\" decoding=\"async\" class=\"aligncenter size-large\" src=\"https:\/\/imagenes.elpais.com\/resizer\/v2\/XWNIK6C6MRCTZEDBGMLQOWCCSY.jpg?auth=df567c65e034949d38c289b0b8d70e0c0464d28635abbf3c6bdf47fa4a63b38a&amp;width=1200&amp;height=675&amp;smart=true\" width=\"1200\" height=\"675\" \/><\/a><\/p>\n<p><!--more--><\/p>\n<p style=\"text-align: center\"><a href=\"https:\/\/s2.ppllstatics.com\/rc\/www\/multimedia\/2025\/07\/22\/iris-tio-kvZB-U2302442991034zLF-1200x840@RC.jpg\"><img loading=\"lazy\" decoding=\"async\" class=\"aligncenter \" src=\"https:\/\/s2.ppllstatics.com\/rc\/www\/multimedia\/2025\/07\/22\/iris-tio-kvZB-U2302442991034zLF-1200x840@RC.jpg\" width=\"684\" height=\"479\" \/><\/a><\/p>\n<p>&nbsp;<\/p>\n<p>F\u00edzolo cola m\u00fasica de \u00abHimnu al Amor\u00bb, de Edith Piaf, na versi\u00f3n que Celine Dion cant\u00f3 na inauguraci\u00f3n de los Xuegos Ol\u00edmpicos de Par\u00eds.<\/p>\n<p>Tr\u00e1tase de la cuarta presea, toes elles en nataci\u00f3n art\u00edstica, de la selecci\u00f3n espa\u00f1ola presente en Singapur, dempu\u00e9s de les de plata de Dennis Gonz\u00e1lez, en solu t\u00e9cnicu mascul\u00edn, y les de bronce tami\u00e9n d&#8217;Iris en solu t\u00e9cnicu y del equipu en rutina llibre.<\/p>\n<p style=\"text-align: center\">\n<!-- iframe plugin v.6.0 wordpress.org\/plugins\/iframe\/ -->\n<iframe loading=\"lazy\" src=\"https:\/\/www.facebook.com\/plugins\/video.php?height=476&#038;href=https%3A%2F%2Fwww.facebook.com%2FPilarAlegriaMinistra%2Fvideos%2F574680005576912%2F&#038;show_text=false&#038;width=380&#038;t=0\" width=\"380\" height=\"476\" style=\"border:none;overflow:hidden\" scrolling=\"no\" frameborder=\"0\" allowfullscreen=\"true\" allow=\"autoplay; clipboard-write; encrypted-media; picture-in-picture; web-share\" 0=\"\/iframe\" class=\"iframe-class\"><\/iframe>\n<\/p>\n<p>La barcelonesa, de 22 a\u00f1os, super\u00f3 la china Fuxan Xu y a la bielorrusa Vasilina Khandoshka, que compite baxu pabell\u00f3n neutral, para dar a Espa\u00f1a&#8217;l so primer oru nestos campeonatos y, lo qu&#8217;ent\u00e1 ye m\u00e1s importante, la primer medaya d&#8217;esti preci\u00e1u metal de solu na hestoria d&#8217;esti deporte. L&#8217;equipu chinu fuera hasta esti martes el gran dominador de les pruebes de nataci\u00f3n art\u00edstica de los Mundiales de Singapur 2025.<\/p>\n<p>Tres el so hist\u00f3ricu llogru, Ti\u00f3 confes\u00f3 sentise n&#8217;est\u00e1u de \u00abshock\u00bb. <em>\u00abToi supercontenta, c\u00e1sique nun lo creo, n&#8217;una nube d&#8217;emociones<\/em>, llorando, como en shock. Ye la primer vegada qu&#8217;Espa\u00f1a gan\u00f3 una medaya d&#8217;oru en solu nun Mundial, esto ye que toi que nun melo creo\u00bb, se\u00f1al\u00f3 en declaraciones a la Federaci\u00f3n Espa\u00f1ola de Nataci\u00f3n.<\/p>\n<p style=\"text-align: center\"><a href=\"https:\/\/pbs.twimg.com\/media\/Gwblzz2WIAA5kA0?format=jpg&amp;name=small\"><img loading=\"lazy\" decoding=\"async\" class=\"aligncenter size-large\" src=\"https:\/\/pbs.twimg.com\/media\/Gwblzz2WIAA5kA0?format=jpg&amp;name=small\" width=\"544\" height=\"680\" \/><\/a><\/p>\n<p><strong>\u00abFlipada\u00bb <\/strong>\u00abCuando sali\u00f3 la puntuaci\u00f3n de China qued\u00e9 flipada, porque la china ye bien bona y la bielorrusa ten\u00eda muncha dificult\u00e1. Feliz, arguyosa por esta medaya hist\u00f3rica para Espa\u00f1a\u00bb, a\u00f1edi\u00f3. \u00abQuiero estimar a les mios entrenadores porque ensin elles esto nun fuera posible. Somos el meyor equipu del mundu, tamos defendiendo a muerte el nuesu trabayu equ\u00ed y ll\u00e9ganos el sofitu, gracies por siguinos\u00bb, concluy\u00f3 la nueva estrella de l&#8217;art\u00edstica espa\u00f1ola tres Gemma Mengual, Andrea Fuentes y Ona Carbonell.<\/p>\n<p style=\"text-align: center\">\n<!-- iframe plugin v.6.0 wordpress.org\/plugins\/iframe\/ -->\n<iframe loading=\"lazy\" src=\"https:\/\/www.facebook.com\/plugins\/video.php?height=476&#038;href=https%3A%2F%2Fwww.facebook.com%2Freel%2F741047475294019%2F&#038;show_text=false&#038;width=267&#038;t=0\" width=\"267\" height=\"476\" style=\"border:none;overflow:hidden\" scrolling=\"no\" frameborder=\"0\" allowfullscreen=\"true\" allow=\"autoplay; clipboard-write; encrypted-media; picture-in-picture; web-share\" 0=\"\/iframe\" class=\"iframe-class\"><\/iframe>\n<\/p>\n<p style=\"text-align: center\">\n<!-- iframe plugin v.6.0 wordpress.org\/plugins\/iframe\/ -->\n<iframe loading=\"lazy\" src=\"https:\/\/www.facebook.com\/plugins\/video.php?height=476&#038;href=https%3A%2F%2Fwww.facebook.com%2Feducaciongob%2Fvideos%2F1479625070142614%2F&#038;show_text=false&#038;width=380&#038;t=0\" width=\"380\" height=\"476\" style=\"border:none;overflow:hidden\" scrolling=\"no\" frameborder=\"0\" allowfullscreen=\"true\" allow=\"autoplay; clipboard-write; encrypted-media; picture-in-picture; web-share\" 0=\"\/iframe\" class=\"iframe-class\"><\/iframe>\n<\/p>\n","protected":false},"excerpt":{"rendered":"<p>Nataci\u00f3n art\u00edstica:\u00a0Iris Ti\u00f3 da un oru hist\u00f3rico a Espa\u00f1a nos Mundiales de Singapur. La barcelonesa imponer a la china Fuxan Xu y a la bielorrusa Vasilina Khandoshka y convi\u00e9rtese na primer nadadora espa\u00f1ola que xube lo m\u00e1s alto del podiu na modalid\u00e1 de solu llibre. El Pa\u00eds<\/p>\n","protected":false},"author":117,"featured_media":0,"comment_status":"closed","ping_status":"open","sticky":false,"template":"","format":"standard","meta":{"footnotes":""},"categories":[133],"tags":[],"class_list":["post-53686","post","type-post","status-publish","format-standard","hentry","category-deportes"],"_links":{"self":[{"href":"https:\/\/edublog.educastur.es\/ixuxu\/wp-json\/wp\/v2\/posts\/53686","targetHints":{"allow":["GET"]}}],"collection":[{"href":"https:\/\/edublog.educastur.es\/ixuxu\/wp-json\/wp\/v2\/posts"}],"about":[{"href":"https:\/\/edublog.educastur.es\/ixuxu\/wp-json\/wp\/v2\/types\/post"}],"author":[{"embeddable":true,"href":"https:\/\/edublog.educastur.es\/ixuxu\/wp-json\/wp\/v2\/users\/117"}],"replies":[{"embeddable":true,"href":"https:\/\/edublog.educastur.es\/ixuxu\/wp-json\/wp\/v2\/comments?post=53686"}],"version-history":[{"count":7,"href":"https:\/\/edublog.educastur.es\/ixuxu\/wp-json\/wp\/v2\/posts\/53686\/revisions"}],"predecessor-version":[{"id":53803,"href":"https:\/\/edublog.educastur.es\/ixuxu\/wp-json\/wp\/v2\/posts\/53686\/revisions\/53803"}],"wp:attachment":[{"href":"https:\/\/edublog.educastur.es\/ixuxu\/wp-json\/wp\/v2\/media?parent=53686"}],"wp:term":[{"taxonomy":"category","embeddable":true,"href":"https:\/\/edublog.educastur.es\/ixuxu\/wp-json\/wp\/v2\/categories?post=53686"},{"taxonomy":"post_tag","embeddable":true,"href":"https:\/\/edublog.educastur.es\/ixuxu\/wp-json\/wp\/v2\/tags?post=53686"}],"curies":[{"name":"wp","href":"https:\/\/api.w.org\/{rel}","templated":true}]}}