{"id":53694,"date":"2025-07-22T18:30:30","date_gmt":"2025-07-22T16:30:30","guid":{"rendered":"https:\/\/edublog.educastur.es\/ixuxu\/?p=53694"},"modified":"2025-07-22T20:36:01","modified_gmt":"2025-07-22T18:36:01","slug":"la-sablera-mas-ancestral-y-estelante-dasturies-gueirua","status":"publish","type":"post","link":"https:\/\/edublog.educastur.es\/ixuxu\/2025\/07\/la-sablera-mas-ancestral-y-estelante-dasturies-gueirua\/","title":{"rendered":"La sablera m\u00e1s ancestral y estelante d&#8217;Asturies: Gueir\u00faa"},"content":{"rendered":"<ul>\n<li><a href=\"https:\/\/viajes.nationalgeographic.com.es\/a\/playa-mas-inquietante-sobrecogedora-asturias-cuenta-algunas-figuras-proteccion-debido-su-alto-valor-paisajistico_23056\">Noticia<\/a> \/<\/li>\n<\/ul>\n<p>La sablera m\u00e1s ancestral y estelante d&#8217;Asturies: Gueir\u00faa \u00abCuenta con delles figures de protecci\u00f3n por cuenta del so altu valor paisax\u00edsticu\u00bb. Nel coraz\u00f3n del <strong>Paisaxe Protex\u00edu de la Mari\u00f1a Occidental<\/strong> caltiense la esencia m\u00e1s primitiva y xavaz de la mari\u00f1a asturiana. Esta sablera ye unu de les grandes ayalgues paisax\u00edstiques d&#8217;Asturies.<\/p>\n<p style=\"text-align: center\"><a href=\"https:\/\/content-viajes.nationalgeographic.com.es\/medio\/2025\/07\/21\/adobestock-1244245526_a6796679_250721123242_1280x852.webp\"><img loading=\"lazy\" decoding=\"async\" class=\"aligncenter size-large\" src=\"https:\/\/content-viajes.nationalgeographic.com.es\/medio\/2025\/07\/21\/adobestock-1244245526_a6796679_250721123242_1280x852.webp\" width=\"1280\" height=\"852\" \/><\/a><\/p>\n<p><!--more--><\/p>\n<p>Cuando visit\u00e9 per primer vegada esta sablera pens\u00e9 que nun pod\u00eda sentime en neng\u00fan otru llugar m\u00e1s fuera del mundu. Nun se trata del t\u00edpicu paisaxe m\u00e1s o menos sublime. Entre Novellana y los cantiles de Ballota, el Paisaxe Protex\u00edu de la Mari\u00f1a Occidental d&#8217;Asturies guarda unu de los sos secretos m\u00e1s estelantes, una de les sableres m\u00e1s espectaculares d&#8217;Espa\u00f1a. Nesta coordenada playera, les rases costeres modelaron un escenariu que se remonta a tiempos ancestrales. Bastante ye que, munchos ven equ\u00ed paisaxes de la Tierra Media o de Xuegu de Tronos: un llugar m\u00e1s all\u00e1 del mundu.<\/p>\n<p style=\"text-align: center\"><a href=\"https:\/\/content-viajes.nationalgeographic.com.es\/medio\/2025\/07\/21\/adobestock_36556d67_615888863_250721123738_1200x973.webp\"><img loading=\"lazy\" decoding=\"async\" class=\"aligncenter size-large\" src=\"https:\/\/content-viajes.nationalgeographic.com.es\/medio\/2025\/07\/21\/adobestock_36556d67_615888863_250721123738_1200x973.webp\" width=\"1200\" height=\"973\" \/><\/a><\/p>\n<p style=\"text-align: center\">ECOS XUR\u00c1SICOS.<br \/>\nLes formaciones conoc\u00edes como \u00abLa Forcada\u00bb<br \/>\ndibuxense\u00a0 nel horizonte d&#8217;esta sablera prehist\u00f3rica.<\/p>\n<p>Llegar a Sablera Gueir\u00faa rique xuna pelegrinaci\u00f3n pola N-632 que crucia&#8217;l regueru de C\u00e1ndano y serpentea bordiando Santa Marina hasta rematar nun descensu inici\u00e1tico: m\u00e1s de 200 pasos que nos desconecten del mundu civiliz\u00e1u pa entrar nun territoriu virxe onde les riegles camuden. Un mirador previu adel\u00e1ntranos el maraviyosu paisaxe xur\u00e1sico qu&#8217;aguarda a los nuesos pies. Les formaciones predreses conoc\u00edes como \u00abLa Forcada\u00bb remanecen del mar como estra\u00f1os animales prehist\u00f3ricos fosilizaos: la guapura imponer ensin concesiones. Esta espinada pedresa dixebra Gueir\u00faa de la so vecina, la sablera de Calab\u00f3n. Al caminar polos 120 metros de llargor de calar, los cantares rodaos llarpien so los nuesos pies, a\u00f1ediendo xuna testura m\u00e1s a la sonorid\u00e1 del llugar, onde apodera l&#8217;arrastre de les foles na vera.<\/p>\n<p>Equ\u00ed, el ba\u00f1ista ocasional atopa un territoriu playeru ensin concesiones: ag\u00fces braves qu&#8217;esixen tanto respetu como conocencia, roques qu&#8217;aprucen col ritmu de les marees y xuna guapura ensin concesiones. Los cantiles qu&#8217;envolubren Gueir\u00faa suman unos 80 metros d&#8217;altor y son ellos mesmos un espect\u00e1culu xeol\u00f3xicu dignu de ver. Am\u00e1s, estos murios predresos, forxaos d&#8217;arenisques y cuarcites sedimentaries, funcionen como aut\u00e9ntiques caxes de resonancia, rebotando el son\u00edu del Cant\u00e1bricu nos sos cu\u00e9vanos.<\/p>\n<p style=\"text-align: center\"><a href=\"https:\/\/content-viajes.nationalgeographic.com.es\/medio\/2025\/07\/21\/adobestock_274b61b5_544742819_250721123755_1200x1800.webp\"><img loading=\"lazy\" decoding=\"async\" class=\"aligncenter \" src=\"https:\/\/content-viajes.nationalgeographic.com.es\/medio\/2025\/07\/21\/adobestock_274b61b5_544742819_250721123755_1200x1800.webp\" width=\"556\" height=\"834\" \/><\/a><\/p>\n<p style=\"text-align: center\"><em>UNA SABLERA DE FANTAS\u00cdA \u00c9PICA Cantiles de Sablera Gueir\u00faa.<\/em><br \/>\n<em> Los estratos xeol\u00f3xicos de los cantiles de la sablera crean una testura \u00fanica.<\/em><\/p>\n<p>El fuerte de Gueir\u00faa nun ye&#8217;l ba\u00f1u; pero cuando llega el baxamar, ente los quixarros y rases costeres \u00e1brense pequenes piscines naturales onde dase un remoj\u00f3n metanes un mundu acu\u00e1ticu en miniatura. El pescadores ent\u00e1 usen la sablera como llugar d&#8217;amarre. S\u00ed ye m\u00e1s interesante pa submarinistes y aficionaos al buc\u00e9u qu&#8217;atopen nesta pequena parte de la mari\u00f1a allo\u00f1ada de la saturaci\u00f3n tur\u00edstica un santuariu de cales y rica biodiversid\u00e1.<\/p>\n<p>Cuando me preguntar qu\u00e9 fai tan especial a esta sablera siempres digo lo mesmo:<strong> tesciende lo puramente paisax\u00edstico pa convertise nuna esperiencia sensorial.<\/strong> Nun trabayu de public\u00e1u pola Universid\u00e1 d&#8217;Uvi\u00e9u, los sos autores se\u00f1alen que Gueir\u00faa, xuntu a Canero y Barayo, \u00abcunten con delles figures de protecci\u00f3n por cuenta del so altu valor paisax\u00edsticu\u00bb. Esa ye, precisamente, la condici\u00f3n que los fot\u00f3grafos de naturaleza traten de prindar, la lluz cambiante, la neblina de los amaneceres, los doraos del atapecer qu&#8217;amburen les roques, les aguyes aguantando estoiques al mar. Ye normal que lo primero que venga a la mente s\u00edan comparances con escenarios de fantas\u00eda \u00e9pica. Pero Gueir\u00faa ye real: cont\u00e9mplase, carezse (nun hai comodid\u00e1 dalguna) y, finalmente, recu\u00e9rdase siempres.<\/p>\n<p>Nuna d\u00f3mina onde la mari\u00f1a espa\u00f1ola busca&#8217;l so propiu equilibriu ente la masificaci\u00f3n y la preservaci\u00f3n, sableres como Gueir\u00faa son un s\u00edmbolu \u2015si se quier, po\u00e9ticu\u2015 qu&#8217;ufierta daqu\u00e9 m\u00e1s pervalible que los servicios tur\u00edsticos, la posibilid\u00e1 ent\u00e1 d&#8217;atopanos cola naturaleza pura. Los sos 50 metros d&#8217;anchor acu\u00e9yennos y pres\u00e9ntennos el misteriu d&#8217;una Asturies selvaxe.<\/p>\n","protected":false},"excerpt":{"rendered":"<p>Noticia \/ La sablera m\u00e1s ancestral y estelante d&#8217;Asturies: Gueir\u00faa \u00abCuenta con delles figures de protecci\u00f3n por cuenta del so altu valor paisax\u00edsticu\u00bb. Nel coraz\u00f3n del Paisaxe Protex\u00edu de la Mari\u00f1a Occidental caltiense la esencia m\u00e1s primitiva y xavaz de la mari\u00f1a asturiana. Esta sablera ye unu de les grandes ayalgues paisax\u00edstiques d&#8217;Asturies.<\/p>\n","protected":false},"author":117,"featured_media":0,"comment_status":"closed","ping_status":"open","sticky":false,"template":"","format":"standard","meta":{"footnotes":""},"categories":[93],"tags":[],"class_list":["post-53694","post","type-post","status-publish","format-standard","hentry","category-sableres"],"_links":{"self":[{"href":"https:\/\/edublog.educastur.es\/ixuxu\/wp-json\/wp\/v2\/posts\/53694","targetHints":{"allow":["GET"]}}],"collection":[{"href":"https:\/\/edublog.educastur.es\/ixuxu\/wp-json\/wp\/v2\/posts"}],"about":[{"href":"https:\/\/edublog.educastur.es\/ixuxu\/wp-json\/wp\/v2\/types\/post"}],"author":[{"embeddable":true,"href":"https:\/\/edublog.educastur.es\/ixuxu\/wp-json\/wp\/v2\/users\/117"}],"replies":[{"embeddable":true,"href":"https:\/\/edublog.educastur.es\/ixuxu\/wp-json\/wp\/v2\/comments?post=53694"}],"version-history":[{"count":2,"href":"https:\/\/edublog.educastur.es\/ixuxu\/wp-json\/wp\/v2\/posts\/53694\/revisions"}],"predecessor-version":[{"id":53696,"href":"https:\/\/edublog.educastur.es\/ixuxu\/wp-json\/wp\/v2\/posts\/53694\/revisions\/53696"}],"wp:attachment":[{"href":"https:\/\/edublog.educastur.es\/ixuxu\/wp-json\/wp\/v2\/media?parent=53694"}],"wp:term":[{"taxonomy":"category","embeddable":true,"href":"https:\/\/edublog.educastur.es\/ixuxu\/wp-json\/wp\/v2\/categories?post=53694"},{"taxonomy":"post_tag","embeddable":true,"href":"https:\/\/edublog.educastur.es\/ixuxu\/wp-json\/wp\/v2\/tags?post=53694"}],"curies":[{"name":"wp","href":"https:\/\/api.w.org\/{rel}","templated":true}]}}