{"id":53697,"date":"2025-08-02T11:36:44","date_gmt":"2025-08-02T09:36:44","guid":{"rendered":"https:\/\/edublog.educastur.es\/ixuxu\/?p=53697"},"modified":"2025-07-22T20:39:29","modified_gmt":"2025-07-22T18:39:29","slug":"mercau-tradicional-de-llastres","status":"publish","type":"post","link":"https:\/\/edublog.educastur.es\/ixuxu\/2025\/08\/mercau-tradicional-de-llastres\/","title":{"rendered":"XVII Merc\u00e1u Tradicional de Llastres"},"content":{"rendered":"<p style=\"text-align: center\">\n<!-- iframe plugin v.6.0 wordpress.org\/plugins\/iframe\/ -->\n<iframe loading=\"lazy\" src=\"https:\/\/www.facebook.com\/plugins\/post.php?href=https%3A%2F%2Fwww.facebook.com%2Fpinceladasdeasturias%2Fposts%2Fpfbid03on4nRTS5KoEHEC2WbwGu1pzdoxqw84CHxL4dM8CqFuSK3cedS6hgMnnJm8ynyRgl&#038;show_text=false&#038;width=500\" width=\"500\" height=\"497\" style=\"border:none;overflow:hidden\" scrolling=\"no\" frameborder=\"0\" allowfullscreen=\"true\" allow=\"autoplay; clipboard-write; encrypted-media; picture-in-picture; web-share\" 0=\"\/iframe\" class=\"iframe-class\"><\/iframe>\n<\/p>\n<p><strong>Merc\u00e1u Tradicional de Llastres<\/strong> nel pas\u00e9u de la ilesia de Llastres <strong>del 8 al 11 d&#8217;agostu. <\/strong>Artesan\u00eda, productos asturianos y espect\u00e1culos n&#8217;una preciosa villa marinera como lo ye Llastres.<a href=\"https:\/\/scontent-bcn1-1.xx.fbcdn.net\/v\/t39.30808-6\/519503817_1373480794337825_4830641580600212560_n.jpg?_nc_cat=106&amp;ccb=1-7&amp;_nc_sid=127cfc&amp;_nc_ohc=FjQJ6Eqwzi8Q7kNvwHwE0GM&amp;_nc_oc=AdnMjcoE8gVuGHst1ZBc1Oz4t83VQkRUBbAY7pVBhKpljQmJ1HseUZ1LKFDYIlwE3WvH4_w1AkuYKhoKKAzlt4AW&amp;_nc_zt=23&amp;_nc_ht=scontent-bcn1-1.xx&amp;_nc_gid=I_pzMG6wXb1SbeTbEF2C-g&amp;oh=00_AfSAI9e-IlTQSVi4Piv_30nJXfAkT_0YRB8jhipHMbKEgA&amp;oe=6885A66F\"> Cartelu<\/a><\/p>\n<p><!--more--><br \/>\n<em>PROGRAMACI\u00d3N:<\/em><br \/>\n<em>\ud83d\udccc<strong>Vienres 8<\/strong> 19.30h. David Acera \u2013 Cuentacuentos<\/em><br \/>\n<em>\ud83d\udccc<strong>S\u00e1badu 9<\/strong> 19.30h. Magu \u2013 Espect\u00e1culu de magia<\/em><br \/>\n<em>\ud83d\udccc<strong>Domingo 10<\/strong> 11-14h. Taller de tiru con gomero<\/em><br \/>\n<em>11-22h. Cuentos de maleta na Yurta Nomad \u2013Biblioteca ambulante <\/em><br \/>\n<em>19.30h. Cuentos de maleta \u2013 Cuentacuentos<\/em><br \/>\n<em>\ud83d\udccc<strong>Llunes 11<\/strong> 11-22h. Cuentos de maleta na Yurta Nomad \u2013 Biblioteca ambulante <\/em><br \/>\n<em>13.00h. Cuentos de maleta \u2013 Cuentacuentos<\/em><br \/>\n<em>19.30h. Tonada asturiana<\/em><\/p>\n","protected":false},"excerpt":{"rendered":"<p>Merc\u00e1u Tradicional de Llastres nel pas\u00e9u de la ilesia de Llastres del 8 al 11 d&#8217;agostu. Artesan\u00eda, productos asturianos y espect\u00e1culos n&#8217;una preciosa villa marinera como lo ye Llastres. Cartelu<\/p>\n","protected":false},"author":117,"featured_media":0,"comment_status":"closed","ping_status":"open","sticky":false,"template":"","format":"standard","meta":{"footnotes":""},"categories":[290],"tags":[],"class_list":["post-53697","post","type-post","status-publish","format-standard","hentry","category-mercau"],"_links":{"self":[{"href":"https:\/\/edublog.educastur.es\/ixuxu\/wp-json\/wp\/v2\/posts\/53697","targetHints":{"allow":["GET"]}}],"collection":[{"href":"https:\/\/edublog.educastur.es\/ixuxu\/wp-json\/wp\/v2\/posts"}],"about":[{"href":"https:\/\/edublog.educastur.es\/ixuxu\/wp-json\/wp\/v2\/types\/post"}],"author":[{"embeddable":true,"href":"https:\/\/edublog.educastur.es\/ixuxu\/wp-json\/wp\/v2\/users\/117"}],"replies":[{"embeddable":true,"href":"https:\/\/edublog.educastur.es\/ixuxu\/wp-json\/wp\/v2\/comments?post=53697"}],"version-history":[{"count":2,"href":"https:\/\/edublog.educastur.es\/ixuxu\/wp-json\/wp\/v2\/posts\/53697\/revisions"}],"predecessor-version":[{"id":53699,"href":"https:\/\/edublog.educastur.es\/ixuxu\/wp-json\/wp\/v2\/posts\/53697\/revisions\/53699"}],"wp:attachment":[{"href":"https:\/\/edublog.educastur.es\/ixuxu\/wp-json\/wp\/v2\/media?parent=53697"}],"wp:term":[{"taxonomy":"category","embeddable":true,"href":"https:\/\/edublog.educastur.es\/ixuxu\/wp-json\/wp\/v2\/categories?post=53697"},{"taxonomy":"post_tag","embeddable":true,"href":"https:\/\/edublog.educastur.es\/ixuxu\/wp-json\/wp\/v2\/tags?post=53697"}],"curies":[{"name":"wp","href":"https:\/\/api.w.org\/{rel}","templated":true}]}}