{"id":53700,"date":"2025-07-22T10:00:47","date_gmt":"2025-07-22T08:00:47","guid":{"rendered":"https:\/\/edublog.educastur.es\/ixuxu\/?p=53700"},"modified":"2025-07-22T20:45:58","modified_gmt":"2025-07-22T18:45:58","slug":"un-pueblin-dasturies-pide-que-se-reconoza-como-oficial-el-so-idioma-unicu","status":"publish","type":"post","link":"https:\/\/edublog.educastur.es\/ixuxu\/2025\/07\/un-pueblin-dasturies-pide-que-se-reconoza-como-oficial-el-so-idioma-unicu\/","title":{"rendered":"Taramundi, un puebl\u00edn d&#8217;Asturies pide que se reconoza como oficial el so idioma \u00fanicu"},"content":{"rendered":"<p style=\"text-align: left\">Un puebl\u00edn d&#8217;Asturies pide que se reconoza como oficial el so idioma \u00fanicu que s&#8217;ense\u00f1a en caminos y cocines. Una llingua que nun se fala en neng\u00fan otru puntu del planeta. Taramundi (Asturies) \ud83d\udc65592 habitantes.\u00a0\ud83d\udde3\ufe0f<strong>Ye unu de los conceyos onde se fala&#8217;l eonaviego<\/strong>, llingua de transici\u00f3n ente l&#8217;asturianu y el gallegu. <em>Fonte: <a href=\"https:\/\/www.huffingtonpost.es\/life\/cultura\/un-pueblito-asturias-pide-reconozca-oficial-idioma-unico-ensena-caminos-cocinas.html\">Huffington Post<\/a><\/em><\/p>\n<p style=\"text-align: center\"><a href=\"https:\/\/pbs.twimg.com\/media\/FqnHjFEXgAMacCG?format=jpg&amp;name=900x900\"><img loading=\"lazy\" decoding=\"async\" class=\"aligncenter size-large\" src=\"https:\/\/pbs.twimg.com\/media\/FqnHjFEXgAMacCG?format=jpg&amp;name=900x900\" width=\"900\" height=\"506\" \/><\/a><!--more--><\/p>\n<p>Enclav\u00e1u ente los r\u00edos Eo y Navia, Taramundi \u00e1lzase como un escenariu de cuentu: caser\u00edos de piedra, montes tupios y cascaes que remanecen ente&#8217;l monte. Sicas\u00ed, esti conceyu del occidente asturianu ufierta daqu\u00e9 m\u00e1s que paisaxes de sua\u00f1u: ye l&#8217;\u00faltimu abelugu del eonaviego, tami\u00e9n llam\u00e1u gallegu\u2011asturianu, xuna llingua \u00fanica que nun se fala en neng\u00fan otru puntu del planeta.<\/p>\n<p>&nbsp;<\/p>\n<p>Un idioma que, magar nun tener la reconocencia oficial del Princip\u00e1u, sigue vivu nes cais, nos nomes de les aldegues y nes conversaciones de los sos mayores. Por ello, vecinos, colectivos culturales y formaciones pol\u00edtiques locale<strong>s xunieron les sos voces pa reclamar la so reconocencia como llingua cooficial dientro del Estatutu d&#8217;Autonom\u00eda del Princip\u00e1u d&#8217;Asturies,<\/strong> al igual qu&#8217;asocede con otres lling\u00fces minoritaries del Est\u00e1u espa\u00f1ol.<\/p>\n<p>Llue\u00f1e de los diccionarios, el eonaviego llate en cada rinc\u00f3n de Taramundi: nos top\u00f3nimos d&#8217;aldegues como Os Teixois o As Veigas, nos refranes qu&#8217;atesoren los mayores y nos cartelos qu&#8217;afaten les sos siendes. Seg\u00fan el Estudiu de la Transici\u00f3n Lling\u00fc\u00edstica na Zona Eo\u2011Navia, coordin\u00e1u pola Universid\u00e1 d&#8217;Uvi\u00e9u, esta varied\u00e1 lling\u00fc\u00edstica pertenez al dominiu gallegu\u2011portugu\u00e9s, anque con traces propies que la faen \u00fanica.<\/p>\n<p><strong>Esfuerzos por oficializalo<\/strong> M\u00e1s all\u00e1 de los museos etnogr\u00e1ficos y los molinos d&#8217;agua reconvert\u00edos n&#8217;esposiciones, Taramundi celebra&#8217;l so idioma en fiestes populares, feries artesanales y actividaes culturales mientres tol a\u00f1u. Talleres de forxa de cuchiellos y navayes a mano con t\u00e9cniques tresmit\u00edes de xeneraci\u00f3n en xeneraci\u00f3n, demostraciones de telar tradicional y alcuentros lliterarios atraen a visitantes ansiosos por somorguiase na cultura local.<\/p>\n<p>Tanto ye asina que la Conseyer\u00eda d&#8217;Educaci\u00f3n del Princip\u00e1u hai promovido programes piloto pa llevar el eonaviego a les escueles del conceyu y espacios p\u00fablicos, anque esta iniciativa llevant\u00f3 cr\u00edtiques de sectores que lu llomen d&#8217;imposici\u00f3n ideol\u00f3xica\u201d. Sicas\u00ed, dende 2023, los impulsores de la oficialid\u00e1 recoyeron firmes y entamaron actos en Taramundi y n&#8217;Uvi\u00e9u para visibilizar la so causa.<\/p>\n<p style=\"text-align: center\"><img loading=\"lazy\" decoding=\"async\" class=\"aligncenter size-large\" src=\"https:\/\/img.huffingtonpost.es\/files\/image_630\/uploads\/2025\/07\/14\/perfecto-para-el-turismo-rural-y-el-senderismo-famoso-por-sus-navajas-artesanales-molinos-antiguos-y-verdes-paisajes-muy-cerca-del-magico-bosque-de-os-teixois.jpeg\" width=\"630\" height=\"421\" \/>Perfectu pal turismu rural y el senderismo.<br \/>\nFamosu poles sos navayes artesanales, molinos antiguos y verdes paisaxes.<br \/>\nMui cerca del m\u00e1xicu monte d&#8217;Os Teixois.Getty Images<\/p>\n<p>Los esfuerzos pola cooficialid\u00e1 del eonaviego intensific\u00e1ronse nos \u00faltimos a\u00f1os, <strong>cuntando col sofitu p\u00fablicu del propiu director del Institutu Cervantes, Luis Garc\u00eda Montero, pola oficialid\u00e1 del asturianu, una midida qu&#8217;incluyir\u00eda indirectamente al gallego-asturianu.<\/strong> Otra manera, la Real Academia Galega evita pronunciase de forma clara sobro la tema, tarreciendo ser acusada d&#8217;interferir en competencies del Princip\u00e1u.<\/p>\n<p>El futuru del eonaviego depende agora tanto de la esfera pol\u00edtica como del d\u00eda ente d\u00eda nes cocines, nos paseos pol pueblu y nes hestories que se cunten sobro Taramundi Mentanto, los sos habitantes caltienen viva la esperanza d&#8217;escuchar llueu la so llingua nos documentos oficiales del Princip\u00e1u, polo que siguen los esfuerzos pa consiguilo nun futuru cercanu.<\/p>\n","protected":false},"excerpt":{"rendered":"<p>Un puebl\u00edn d&#8217;Asturies pide que se reconoza como oficial el so idioma \u00fanicu que s&#8217;ense\u00f1a en caminos y cocines. Una llingua que nun se fala en neng\u00fan otru puntu del planeta. Taramundi (Asturies) \ud83d\udc65592 habitantes.\u00a0\ud83d\udde3\ufe0fYe unu de los conceyos onde se fala&#8217;l eonaviego, llingua de transici\u00f3n ente l&#8217;asturianu y el gallegu. Fonte: Huffington Post<\/p>\n","protected":false},"author":117,"featured_media":0,"comment_status":"closed","ping_status":"open","sticky":false,"template":"","format":"standard","meta":{"footnotes":""},"categories":[393,51],"tags":[],"class_list":["post-53700","post","type-post","status-publish","format-standard","hentry","category-eonaviego","category-oficialida"],"_links":{"self":[{"href":"https:\/\/edublog.educastur.es\/ixuxu\/wp-json\/wp\/v2\/posts\/53700","targetHints":{"allow":["GET"]}}],"collection":[{"href":"https:\/\/edublog.educastur.es\/ixuxu\/wp-json\/wp\/v2\/posts"}],"about":[{"href":"https:\/\/edublog.educastur.es\/ixuxu\/wp-json\/wp\/v2\/types\/post"}],"author":[{"embeddable":true,"href":"https:\/\/edublog.educastur.es\/ixuxu\/wp-json\/wp\/v2\/users\/117"}],"replies":[{"embeddable":true,"href":"https:\/\/edublog.educastur.es\/ixuxu\/wp-json\/wp\/v2\/comments?post=53700"}],"version-history":[{"count":4,"href":"https:\/\/edublog.educastur.es\/ixuxu\/wp-json\/wp\/v2\/posts\/53700\/revisions"}],"predecessor-version":[{"id":53704,"href":"https:\/\/edublog.educastur.es\/ixuxu\/wp-json\/wp\/v2\/posts\/53700\/revisions\/53704"}],"wp:attachment":[{"href":"https:\/\/edublog.educastur.es\/ixuxu\/wp-json\/wp\/v2\/media?parent=53700"}],"wp:term":[{"taxonomy":"category","embeddable":true,"href":"https:\/\/edublog.educastur.es\/ixuxu\/wp-json\/wp\/v2\/categories?post=53700"},{"taxonomy":"post_tag","embeddable":true,"href":"https:\/\/edublog.educastur.es\/ixuxu\/wp-json\/wp\/v2\/tags?post=53700"}],"curies":[{"name":"wp","href":"https:\/\/api.w.org\/{rel}","templated":true}]}}