{"id":53774,"date":"2025-07-23T08:30:10","date_gmt":"2025-07-23T06:30:10","guid":{"rendered":"https:\/\/edublog.educastur.es\/ixuxu\/?p=53774"},"modified":"2025-07-23T15:16:01","modified_gmt":"2025-07-23T13:16:01","slug":"el-tiempu-el-comercio-99","status":"publish","type":"post","link":"https:\/\/edublog.educastur.es\/ixuxu\/2025\/07\/el-tiempu-el-comercio-99\/","title":{"rendered":"El tiempu (El Comercio)"},"content":{"rendered":"<p style=\"text-align: center\"><a href=\"https:\/\/s1.ppllstatics.com\/elcomercio\/www\/multimedia\/2025\/07\/22\/prevision-tiempo-asturias-kwTG-U2301948938566Ca-1200x860@El%20Comercio.jpg\"><img loading=\"lazy\" decoding=\"async\" class=\"aligncenter size-large\" src=\"https:\/\/s1.ppllstatics.com\/elcomercio\/www\/multimedia\/2025\/07\/22\/prevision-tiempo-asturias-kwTG-U2301948938566Ca-1200x860@El%20Comercio.jpg\" width=\"1200\" height=\"860\" \/><\/a><\/p>\n<p><strong>Esperamos la entrada<\/strong> d&#8217;una pequena masa d&#8217;aire m\u00e1s fr\u00edo que va consiguir baxar les temperatures de forma xeneralizada. <strong>Les m\u00e1ximes<\/strong> van baxar especialmente nel interior (hasta 4 \u00baC menos) y de forma m\u00e1s nidia na mari\u00f1a. <strong>Les m\u00ednimes<\/strong> apenes van variar respectu al martes. En cuanto al est\u00e1u de los cielos, prevense intervalos nublos con encl\u00edn a aumentar ent\u00e1 m\u00e1s la nubosidad mientres la tarde. Estes nubes van dexar precipitaciones d\u00e9biles que podr\u00eden afectar a cualquier puntu de la rex\u00f3n. <strong>Los vientos<\/strong> van soplar d&#8217;oeste-noroeste con raches moderaes, sobremanera na mari\u00f1a onde puntualmente podr\u00eda rexistrase dalguna racha daqu\u00e9 m\u00e1s fuerte.<\/p>\n<p><!--more--><\/p>\n<p><strong>El xueves<\/strong> va ser otru d\u00eda marc\u00e1u peles nubes y la posibilid\u00e1 de delles precipitaciones que, a priori, van dir de m\u00e1s a menos col intre de les hores. <strong>Les temperatures m\u00e1ximes<\/strong> volver\u00e1n baxar. van facer de forma llixera pero lo suficiente como para rexistrar unos valores t\u00e9rmicos m\u00e1s baxos. <strong>Los vientos<\/strong> van ser fluexos a moderaos de componente norte.<\/p>\n<p><strong>El vienres<\/strong> va empezar a estabilizase&#8217;l tiempu cola apertura de grandes claros que va dar pasu a una fin de selmana soleyera nel que van xubir les temperatures.<\/p>\n<p style=\"text-align: center\">\n<!-- iframe plugin v.6.0 wordpress.org\/plugins\/iframe\/ -->\n<iframe loading=\"lazy\" src=\"https:\/\/www.facebook.com\/plugins\/video.php?height=476&#038;href=https%3A%2F%2Fwww.facebook.com%2Fmiguelfrancisco.penaperez%2Fvideos%2F4326360064252402%2F%3Fidorvanity%3D442560489888875&#038;show_text=false&#038;width=293&#038;t=0\" width=\"293\" height=\"476\" style=\"border:none;overflow:hidden\" scrolling=\"no\" frameborder=\"0\" allowfullscreen=\"true\" allow=\"autoplay; clipboard-write; encrypted-media; picture-in-picture; web-share\" 0=\"\/iframe\" class=\"iframe-class\"><\/iframe>\n<\/p>\n","protected":false},"excerpt":{"rendered":"<p>Esperamos la entrada d&#8217;una pequena masa d&#8217;aire m\u00e1s fr\u00edo que va consiguir baxar les temperatures de forma xeneralizada. Les m\u00e1ximes van baxar especialmente nel interior (hasta 4 \u00baC menos) y de forma m\u00e1s nidia na mari\u00f1a. Les m\u00ednimes apenes van variar respectu al martes. En cuanto al est\u00e1u de los cielos, prevense intervalos nublos con [&hellip;]<\/p>\n","protected":false},"author":117,"featured_media":0,"comment_status":"closed","ping_status":"open","sticky":false,"template":"","format":"standard","meta":{"footnotes":""},"categories":[5],"tags":[],"class_list":["post-53774","post","type-post","status-publish","format-standard","hentry","category-tiempu"],"_links":{"self":[{"href":"https:\/\/edublog.educastur.es\/ixuxu\/wp-json\/wp\/v2\/posts\/53774","targetHints":{"allow":["GET"]}}],"collection":[{"href":"https:\/\/edublog.educastur.es\/ixuxu\/wp-json\/wp\/v2\/posts"}],"about":[{"href":"https:\/\/edublog.educastur.es\/ixuxu\/wp-json\/wp\/v2\/types\/post"}],"author":[{"embeddable":true,"href":"https:\/\/edublog.educastur.es\/ixuxu\/wp-json\/wp\/v2\/users\/117"}],"replies":[{"embeddable":true,"href":"https:\/\/edublog.educastur.es\/ixuxu\/wp-json\/wp\/v2\/comments?post=53774"}],"version-history":[{"count":3,"href":"https:\/\/edublog.educastur.es\/ixuxu\/wp-json\/wp\/v2\/posts\/53774\/revisions"}],"predecessor-version":[{"id":53843,"href":"https:\/\/edublog.educastur.es\/ixuxu\/wp-json\/wp\/v2\/posts\/53774\/revisions\/53843"}],"wp:attachment":[{"href":"https:\/\/edublog.educastur.es\/ixuxu\/wp-json\/wp\/v2\/media?parent=53774"}],"wp:term":[{"taxonomy":"category","embeddable":true,"href":"https:\/\/edublog.educastur.es\/ixuxu\/wp-json\/wp\/v2\/categories?post=53774"},{"taxonomy":"post_tag","embeddable":true,"href":"https:\/\/edublog.educastur.es\/ixuxu\/wp-json\/wp\/v2\/tags?post=53774"}],"curies":[{"name":"wp","href":"https:\/\/api.w.org\/{rel}","templated":true}]}}